{"id":311989,"date":"2025-12-29T12:21:07","date_gmt":"2025-12-29T12:21:07","guid":{"rendered":"https:\/\/www.europesays.com\/es\/311989\/"},"modified":"2025-12-29T12:21:07","modified_gmt":"2025-12-29T12:21:07","slug":"islazul-mejora-su-oferta-comercial-en-2025-con-24-nuevos-establecimientos","status":"publish","type":"post","link":"https:\/\/www.europesays.com\/es\/311989\/","title":{"rendered":"Islazul mejora su oferta comercial en 2025 con 24 nuevos establecimientos"},"content":{"rendered":"<p>Islazul cierra 2025 con un s\u00f3lido impulso de su oferta comercial. En total, ha inaugurado 24 nuevos establecimientos en los que se incluyen desde ampliaciones y reformas de operadores ya existentes, hasta nuevas incorporaciones de marcas que combinan tradici\u00f3n, innovaci\u00f3n y experiencias de compra diferenciales. El centro ha llevado a cabo un reposicionamiento estrat\u00e9gico, que refuerza su atractivo como espacio comercial y de ocio referente en la capital.<\/p>\n<p>Entre<strong> las incorporaciones m\u00e1s destacadas de 2025,<\/strong> Islazul ha recibido a Juguettos, reforzando su propuesta de ocio familiar; CeX, especializada en tecnolog\u00eda reacondicionada; y Xiaomi, que ampl\u00eda la oferta tecnol\u00f3gica con un espacio interactivo. Tambi\u00e9n se han sumado firmas como Loogo, Lemon Tee, Ale-Hop y el restaurante Quiquihary, as\u00ed como otras marcas relevantes como Perfumarte, Desv\u00e1n Bakery, Milbby, McDonald\u2019s, Oka\u00efdi, Chaos Lab, Skechers y Tramas Home. Adem\u00e1s, se han llevado a cabo las reubicaciones de Boxeur des Rues y Obrador de Goya, la ampliaci\u00f3n de Stradivarius y las reformas de Springfield, Parfois y Casa del Libro.<\/p>\n<p>Raquel Ortega, Shopping Centre manager de Islazul, se\u00f1ala que \u201c<strong>2025 ha sido un a\u00f1o clave para Islazul<\/strong>. La rotunda cifra de nuevas aperturas refleja la solidez de nuestra estrategia comercial, el inter\u00e9s de las marcas por formar parte del proyecto y nuestra capacidad para seguir evolucionando con una oferta cada vez m\u00e1s actual, c\u00f3moda y alineada con las expectativas de nuestros visitantes\u201d.<\/p>\n<p>Por su parte, Javier Mart\u00edn, Southern Europe Retail Leasing director de Eurofund, a\u00f1ade que \u201cen Islazul trabajamos para atraer operadores que aporten valor y se complementen entre s\u00ed, fortaleciendo categor\u00edas estrat\u00e9gicas como tecnolog\u00eda, moda, belleza y ocio familiar. <strong>El balance de 2025 confirma tanto el posicionamiento del centro como su gran potencial de crecimiento en esta etapa de renovaci\u00f3n integral<\/strong>\u201d.<\/p>\n<p>Tras un 2025 marcado por la llegada de nuevos operadores y la consolidaci\u00f3n de marcas clave, <strong>Islazul se prepara ya para un 2026<\/strong> que incluir\u00e1 la reapertura de Pull&amp;Bear tras su remodelaci\u00f3n integral en el primer trimestre, la incorporaci\u00f3n de Taruffi en ese mismo periodo y la apertura de las nuevas tiendas de Druni y Primor, que han decidido duplicar su presencia con un segundo local cada una. Un calendario que confirma la continuidad del proceso de renovaci\u00f3n del centro y su apuesta por seguir creciendo y diversificando su oferta.<\/p>\n","protected":false},"excerpt":{"rendered":"Islazul cierra 2025 con un s\u00f3lido impulso de su oferta comercial. En total, ha inaugurado 24 nuevos establecimientos&hellip;\n","protected":false},"author":2,"featured_media":311990,"comment_status":"","ping_status":"","sticky":false,"template":"","format":"standard","meta":{"footnotes":""},"categories":[80],"tags":[82,23544,95,94,25,24,73339,73340,23],"class_list":{"0":"post-311989","1":"post","2":"type-post","3":"status-publish","4":"format-standard","5":"has-post-thumbnail","7":"category-economia","8":"tag-business","9":"tag-centro-comercial","10":"tag-economia","11":"tag-economy","12":"tag-es","13":"tag-espana","14":"tag-islazul","15":"tag-oferta-comercial","16":"tag-spain"},"share_on_mastodon":{"url":"https:\/\/pubeurope.com\/@es\/115802831928427755","error":""},"_links":{"self":[{"href":"https:\/\/www.europesays.com\/es\/wp-json\/wp\/v2\/posts\/311989","targetHints":{"allow":["GET"]}}],"collection":[{"href":"https:\/\/www.europesays.com\/es\/wp-json\/wp\/v2\/posts"}],"about":[{"href":"https:\/\/www.europesays.com\/es\/wp-json\/wp\/v2\/types\/post"}],"author":[{"embeddable":true,"href":"https:\/\/www.europesays.com\/es\/wp-json\/wp\/v2\/users\/2"}],"replies":[{"embeddable":true,"href":"https:\/\/www.europesays.com\/es\/wp-json\/wp\/v2\/comments?post=311989"}],"version-history":[{"count":0,"href":"https:\/\/www.europesays.com\/es\/wp-json\/wp\/v2\/posts\/311989\/revisions"}],"wp:featuredmedia":[{"embeddable":true,"href":"https:\/\/www.europesays.com\/es\/wp-json\/wp\/v2\/media\/311990"}],"wp:attachment":[{"href":"https:\/\/www.europesays.com\/es\/wp-json\/wp\/v2\/media?parent=311989"}],"wp:term":[{"taxonomy":"category","embeddable":true,"href":"https:\/\/www.europesays.com\/es\/wp-json\/wp\/v2\/categories?post=311989"},{"taxonomy":"post_tag","embeddable":true,"href":"https:\/\/www.europesays.com\/es\/wp-json\/wp\/v2\/tags?post=311989"}],"curies":[{"name":"wp","href":"https:\/\/api.w.org\/{rel}","templated":true}]}}