{"id":311991,"date":"2025-12-29T12:22:09","date_gmt":"2025-12-29T12:22:09","guid":{"rendered":"https:\/\/www.europesays.com\/es\/311991\/"},"modified":"2025-12-29T12:22:09","modified_gmt":"2025-12-29T12:22:09","slug":"la-produccion-ecologica-bate-record-de-exportaciones-con-un-saldo-de-3-102-millones-y-consolida-su-liderazgo-europeo","status":"publish","type":"post","link":"https:\/\/www.europesays.com\/es\/311991\/","title":{"rendered":"La producci\u00f3n ecol\u00f3gica bate r\u00e9cord de exportaciones con un saldo de 3.102 millones y consolida su liderazgo europeo"},"content":{"rendered":"<p class=\"main-image\">&#13; <img decoding=\"async\" alt=\"Portada del \u00faltimo An\u00e1lisis de la Caracterizaci\u00f3n y Proyecci\u00f3n de la Producci\u00f3n Ecol\u00f3gica en Espa\u00f1a\" title=\"Portada del \u00faltimo An\u00e1lisis de la Caracterizaci\u00f3n y Proyecci\u00f3n de la Producci\u00f3n Ecol\u00f3gica en Espa\u00f1a\" src=\"https:\/\/www.europesays.com\/es\/wp-content\/uploads\/2025\/12\/291225-produccion-ecologica-exportaciones.jpg\"\/>&#13;Portada del \u00faltimo An\u00e1lisis de la Caracterizaci\u00f3n y Proyecci\u00f3n de la Producci\u00f3n Ecol\u00f3gica en Espa\u00f1a.&#13;&#13;<\/p>\n<p>Las exportaciones de productos ecol\u00f3gicos alcanzaron los 3.884 millones de euros en 2024, un 27,5 % m\u00e1s que en 2023, seg\u00fan el <a href=\"https:\/\/www.mapa.gob.es\/es\/dam\/jcr:13834051-a4d2-4c81-9118-75b1bbd09810\/Informe%20Caracterizaci%C3%B3n%20de%20la%20producci%C3%B3n%20ecol%C3%B3gica%20en%20Espa%C3%B1a_2024FINAL.pdf\" onclick=\"javascript:GoogleTrackEvent(&#039;True&#039;,&#039;Contenido&#039;,&#039;Download&#039;,&#039;[https:\/\/www.lamoncloa.gob.es\/serviciosdeprensa\/notasprensa\/agricultura\/Paginas\/2025\/291225-produccion-ecologica-exportaciones.aspx] An\u00e1lisis de la Caracterizaci\u00f3n y Proyecci\u00f3n de la Producci\u00f3n Ecol\u00f3gica. [https:\/\/www.mapa.gob.es\/es\/dam\/jcr:13834051-a4d2-4c81-9118-75b1bbd09810\/Informe%20Caracterizaci%C3%B3n%20de%20la%20producci%C3%B3n%20ecol%C3%B3gica%20en%20Espa%C3%B1a_2024FINAL.pdf]&#039;);\" rel=\"nofollow noopener\" target=\"_blank\">An\u00e1lisis de la Caracterizaci\u00f3n y Proyecci\u00f3n de la Producci\u00f3n Ecol\u00f3gica<\/a> publicado por el Ministerio de Agricultura, Pesca y Alimentaci\u00f3n. El saldo positivo se ve favorecido adem\u00e1s porque las importaciones se redujeron a la mitad, hasta 782 millones de euros, lo que permiti\u00f3 que la balanza comercial ecol\u00f3gica se elevara hasta 3.102 millones, el m\u00e1ximo de la serie hist\u00f3rica.<\/p>\n<p>Los principales destinos de las exportaciones espa\u00f1olas fueron Alemania, Francia y Pa\u00edses Bajos, y fuera de la Uni\u00f3n Europea, Estados Unidos, Corea del Sur, Reino Unido, Suiza y Jap\u00f3n. Espa\u00f1a es el tercer pa\u00eds del mundo en n\u00famero de exportadores ecol\u00f3gicos (7,4 % del total) y el quinto en importadores (5,7 %).<\/p>\n<p>Adem\u00e1s, Espa\u00f1a mantiene su liderazgo europeo en superficie de cultivo ecol\u00f3gica, con 2,95 millones de hect\u00e1reas, equivalentes al 12,31 % de la superficie agraria \u00fatil (SAU). La producci\u00f3n ecol\u00f3gica alcanz\u00f3 3,75 millones de toneladas, un 24,06 % menos que en 2023 debido a factores coyunturales, mientras que su valor estimado en origen se situ\u00f3 en 4.796 millones de euros, con un incremento acumulado de casi 350 % desde 2012.<\/p>\n<p>Consumo de los hogares<\/p>\n<p>El gasto de los consumidores espa\u00f1oles en productos ecol\u00f3gicos alcanz\u00f3 en 2024 los 2.890 millones de euros, un ligero descenso del 0,89 % respecto a 2023. El gasto per c\u00e1pita se situ\u00f3 en 59,44 euros, con un 94,2 % del consumo realizado en el hogar. Los productos ecol\u00f3gicos representaron el 3,2 % del gasto total en alimentaci\u00f3n.<\/p>\n<p>En t\u00e9rminos de volumen, el consumo de productos ecol\u00f3gicos estuvo encabezado por las frutas frescas, que concentraron el 24,1 % del total, seguidas de las hortalizas frescas (17,6 %) y del pan fresco, con una cuota del 11,7 %.<\/p>\n<p>Si atendemos al valor econ\u00f3mico, el patr\u00f3n de consumo se desplaz\u00f3 hacia categor\u00edas de mayor precio unitario. La carne ecol\u00f3gica lider\u00f3 el gasto, con el 29,4 % del total, seguida de las frutas frescas (13,1 %) y del pescado, que represent\u00f3 el 12,2 %.<\/p>\n<p>Canales de distribuci\u00f3n <\/p>\n<p>Las tiendas tradicionales concentraron el 29,1 % del consumo, seguidas de supermercados (28,6 %), tiendas de descuento (11 %), hipermercados (10,1 %) y comercio electr\u00f3nico (3,3 %), mientras que otros canales sumaron el 21,1 % restante. La cuota de mercado de supermercados y tiendas de descuento continu\u00f3 en aumento, mientras que los hipermercados retrocedieron ligeramente y el comercio electr\u00f3nico mantuvo su crecimiento.<\/p>\n<p>El informe destaca adem\u00e1s a Espa\u00f1a como potencia internacional en producci\u00f3n ecol\u00f3gica, l\u00edder mundial en viticultura y aceite de oliva ecol\u00f3gicos, y entre los tres primeros pa\u00edses en categor\u00edas como c\u00edtricos y legumbres ecol\u00f3gicas.<\/p>\n","protected":false},"excerpt":{"rendered":"&#13; &#13;Portada del \u00faltimo An\u00e1lisis de la Caracterizaci\u00f3n y Proyecci\u00f3n de la Producci\u00f3n Ecol\u00f3gica en Espa\u00f1a.&#13;&#13; Las exportaciones&hellip;\n","protected":false},"author":2,"featured_media":311992,"comment_status":"","ping_status":"","sticky":false,"template":"","format":"standard","meta":{"footnotes":""},"categories":[42],"tags":[517,2077,17,18,13,14,11,61,62,63,64,19,20,9,10,15,16,59225,2330,12,21,22,65,66,67],"class_list":{"0":"post-311991","1":"post","2":"type-post","3":"status-publish","4":"format-standard","5":"has-post-thumbnail","7":"category-internacional","8":"tag-actualidad","9":"tag-agricultura","10":"tag-breaking-news","11":"tag-breakingnews","12":"tag-featured-news","13":"tag-featurednews","14":"tag-headlines","15":"tag-internacional","16":"tag-international","17":"tag-international-news","18":"tag-internationalnews","19":"tag-latest-news","20":"tag-latestnews","21":"tag-news","22":"tag-noticias","23":"tag-noticias-destacadas","24":"tag-noticiasdestacadas","25":"tag-pesca-y-alimentacion","26":"tag-prensa","27":"tag-titulares","28":"tag-ultimas-noticias","29":"tag-ultimasnoticias","30":"tag-world","31":"tag-world-news","32":"tag-worldnews"},"share_on_mastodon":{"url":"https:\/\/pubeurope.com\/@es\/115802836009090213","error":""},"_links":{"self":[{"href":"https:\/\/www.europesays.com\/es\/wp-json\/wp\/v2\/posts\/311991","targetHints":{"allow":["GET"]}}],"collection":[{"href":"https:\/\/www.europesays.com\/es\/wp-json\/wp\/v2\/posts"}],"about":[{"href":"https:\/\/www.europesays.com\/es\/wp-json\/wp\/v2\/types\/post"}],"author":[{"embeddable":true,"href":"https:\/\/www.europesays.com\/es\/wp-json\/wp\/v2\/users\/2"}],"replies":[{"embeddable":true,"href":"https:\/\/www.europesays.com\/es\/wp-json\/wp\/v2\/comments?post=311991"}],"version-history":[{"count":0,"href":"https:\/\/www.europesays.com\/es\/wp-json\/wp\/v2\/posts\/311991\/revisions"}],"wp:featuredmedia":[{"embeddable":true,"href":"https:\/\/www.europesays.com\/es\/wp-json\/wp\/v2\/media\/311992"}],"wp:attachment":[{"href":"https:\/\/www.europesays.com\/es\/wp-json\/wp\/v2\/media?parent=311991"}],"wp:term":[{"taxonomy":"category","embeddable":true,"href":"https:\/\/www.europesays.com\/es\/wp-json\/wp\/v2\/categories?post=311991"},{"taxonomy":"post_tag","embeddable":true,"href":"https:\/\/www.europesays.com\/es\/wp-json\/wp\/v2\/tags?post=311991"}],"curies":[{"name":"wp","href":"https:\/\/api.w.org\/{rel}","templated":true}]}}