{"id":311993,"date":"2025-12-29T12:23:08","date_gmt":"2025-12-29T12:23:08","guid":{"rendered":"https:\/\/www.europesays.com\/es\/311993\/"},"modified":"2025-12-29T12:23:08","modified_gmt":"2025-12-29T12:23:08","slug":"jose-salmon-gana-el-i-concurso-de-belenes-de-santa-cruz-de-bezana","status":"publish","type":"post","link":"https:\/\/www.europesays.com\/es\/311993\/","title":{"rendered":"Jos\u00e9 Salm\u00f3n gana el I Concurso de Belenes de Santa Cruz de Bezana"},"content":{"rendered":"<p>La peluquer\u00eda Ana G. Molina se alza con el primer premio del certamen de decoraci\u00f3n de escaparates y espacios interiores<\/p>\n<p>Jos\u00e9 Salm\u00f3n S\u00e1nchez se ha erigido ganador del I Concurso de Belenes, una de las principales novedades de la programaci\u00f3n navide\u00f1a organizada por el Ayuntamiento de Santa Cruz de Bezana con el objetivo de poner en valor la tradici\u00f3n y fomentar la participaci\u00f3n vecinal. Adem\u00e1s, el otro certamen municipal, el de decoraci\u00f3n de escaparates y espacios interiores enfocado al comercio local, ha concedido el primer premio a la peluquer\u00eda Ana G. Molina.\u00a0<\/p>\n<p>Los dos concursos organizados este a\u00f1o para incentivar la participaci\u00f3n vecinal y comercial en la decoraci\u00f3n navide\u00f1a han celebrado ya sus respectivas entregas de premios entre m\u00e1s de una veintena de participantes, repartiendo un total de 2.850 euros entre las mejores propuestas.\u00a0<\/p>\n<p>Patrocinado por Unicaja, el certamen de Belenes ha otorgado el primer premio, dotado con 250 euros, a Jos\u00e9 Salm\u00f3n S\u00e1nchez, que junto a su mujer lleva m\u00e1s de dos d\u00e9cadas instalando el bel\u00e9n en su domicilio; un segundo premio, con 175 euros, a Mar\u00eda Luisa Romero y un tercer premio, con 125 euros, a Eva Mar\u00eda Orozco. El cuarto y quinto premio, con 100 y 50 euros, respectivamente, han reca\u00eddo en Jos\u00e9 Ignacio Saiz Coterillo y Mar\u00eda Pe\u00f1a Serrano. Todos ellos, junto a la ganadora de la categor\u00eda infantil, In\u00e9s Calvo, recogieron sus premios en un acto celebrado este domingo en la carpa de la Plaza Margarita de Bezana.\u00a0<\/p>\n<p>La entrega de galardones cont\u00f3 con la presencia de la alcaldesa de Santa Cruz de Bezana, Carmen P\u00e9rez, la concejala de Comercio, Turismo y Agencia de Desarrollo Rural, Manuela Bolado, y el edil Alberto Seco. Tambi\u00e9n particip\u00f3 la directora de Unicaja Bezana, Mar\u00eda del Carmen D\u00edez, que fue la encargada de entregar el primer premio.\u00a0<\/p>\n<p><img decoding=\"async\" src=\"https:\/\/www.europesays.com\/es\/wp-content\/uploads\/2025\/12\/WhatsApp Image 2025-12-29 at 12.46.41.jpeg\" data-entity-uuid=\"9338af1d-7a60-44e5-b0c5-4404fff68305\" data-entity-type=\"file\" width=\"5042\" height=\"3858\" loading=\"lazy\"\/><\/p>\n<p>Durante su intervenci\u00f3n, la alcaldesa destac\u00f3 la buena acogida que ha tenido esta primera edici\u00f3n del certamen y subray\u00f3 su valor como iniciativa de cohesi\u00f3n social. \u201cEste concurso nace con la vocaci\u00f3n de quedarse y de seguir creciendo, porque los belenes forman parte de nuestra memoria colectiva y de la forma en la que muchas familias viven la Navidad\u201d, se\u00f1al\u00f3 P\u00e9rez, quien agradeci\u00f3 la participaci\u00f3n de todos los vecinos que, con su \u201ccari\u00f1o\u201d y \u201cdedicaci\u00f3n\u201d, han contribuido a dar vida a esta propuesta.<\/p>\n<p>Por su parte, la concejala Manuela Bolado puso en valor el car\u00e1cter participativo del certamen y su encaje dentro de la programaci\u00f3n navide\u00f1a municipal. \u201cQuer\u00edamos incorporar una iniciativa nueva que conectara tradici\u00f3n, creatividad y convivencia, y el resultado ha superado nuestras expectativas\u201d, afirm\u00f3, destacando adem\u00e1s la implicaci\u00f3n vecinal registrada en esta primera edici\u00f3n.<\/p>\n<p><strong>Concurso de escaparates<\/strong>\u00a0<\/p>\n<p>Por otro lado, este lunes se ha celebrado la entrega de premios del Concurso de Escaparates y Espacios Interiores, uno de los grandes cl\u00e1sicos de la programaci\u00f3n navide\u00f1a, en un acto que tuvo lugar en el Ayuntamiento de Santa Cruz de Bezana.<\/p>\n<p>En esta edici\u00f3n, seg\u00fan el voto popular, que se ha sumado al del jurado, se ha alzado como ganadora del certamen la peluquer\u00eda Ana G. Molina, con un primer premio dotado en 800 euros; la segunda clasificada ha sido Peluquer\u00eda Wapas, con un galard\u00f3n de 600 euros, mientras que el centro de osteopat\u00eda Ver\u00f3nica Cano y Quique Olivares ha obtenido el certer premio, con una dotaci\u00f3n de 400 euros. El cuarto y quinto premio ha ido para Mercer\u00eda Yolanda y Papeler\u00eda Sefu, con 200 y 150 euros, respectivamente.\u00a0<\/p>\n<p>Adem\u00e1s, Gema Blanco result\u00f3 agraciada en el sorteo realizado entre los clientes de los establecimientos participantes que emitieron su voto en el certamen, llev\u00e1ndose como premio una cesta de Navidad.<\/p>\n<p><img decoding=\"async\" data-entity-uuid=\"75c6d774-1346-4442-bded-8328981763ff\" data-entity-type=\"file\" src=\"https:\/\/www.europesays.com\/es\/wp-content\/uploads\/2025\/12\/WhatsApp Image 2025-12-29 at 11.56.28 (1)_0.jpeg\" width=\"1450\" height=\"1028\" loading=\"lazy\"\/><\/p>\n<p>\u201cEste concurso es una forma de reconocer el esfuerzo, la creatividad y la implicaci\u00f3n del comercio local, que cada a\u00f1o contribuye a generar ambiente y dinamizar nuestras calles durante la Navidad\u201d, se\u00f1al\u00f3 la concejala.<\/p>\n<p>Ambos concursos se enmarcan dentro de la programaci\u00f3n navide\u00f1a dise\u00f1ada por el Ayuntamiento de Santa Cruz de Bezana con el objetivo de dinamizar el municipio, apoyar al comercio local y reforzar el ambiente festivo durante estas fechas.<\/p>\n<p>\u00a0<\/p>\n","protected":false},"excerpt":{"rendered":"La peluquer\u00eda Ana G. Molina se alza con el primer premio del certamen de decoraci\u00f3n de escaparates y&hellip;\n","protected":false},"author":2,"featured_media":311994,"comment_status":"","ping_status":"","sticky":false,"template":"","format":"standard","meta":{"footnotes":""},"categories":[8],"tags":[17,18,25,24,13,14,11,19,20,9,10,15,16,23,12,21,22],"class_list":{"0":"post-311993","1":"post","2":"type-post","3":"status-publish","4":"format-standard","5":"has-post-thumbnail","7":"category-espana","8":"tag-breaking-news","9":"tag-breakingnews","10":"tag-es","11":"tag-espana","12":"tag-featured-news","13":"tag-featurednews","14":"tag-headlines","15":"tag-latest-news","16":"tag-latestnews","17":"tag-news","18":"tag-noticias","19":"tag-noticias-destacadas","20":"tag-noticiasdestacadas","21":"tag-spain","22":"tag-titulares","23":"tag-ultimas-noticias","24":"tag-ultimasnoticias"},"share_on_mastodon":{"url":"https:\/\/pubeurope.com\/@es\/115802840205087732","error":""},"_links":{"self":[{"href":"https:\/\/www.europesays.com\/es\/wp-json\/wp\/v2\/posts\/311993","targetHints":{"allow":["GET"]}}],"collection":[{"href":"https:\/\/www.europesays.com\/es\/wp-json\/wp\/v2\/posts"}],"about":[{"href":"https:\/\/www.europesays.com\/es\/wp-json\/wp\/v2\/types\/post"}],"author":[{"embeddable":true,"href":"https:\/\/www.europesays.com\/es\/wp-json\/wp\/v2\/users\/2"}],"replies":[{"embeddable":true,"href":"https:\/\/www.europesays.com\/es\/wp-json\/wp\/v2\/comments?post=311993"}],"version-history":[{"count":0,"href":"https:\/\/www.europesays.com\/es\/wp-json\/wp\/v2\/posts\/311993\/revisions"}],"wp:featuredmedia":[{"embeddable":true,"href":"https:\/\/www.europesays.com\/es\/wp-json\/wp\/v2\/media\/311994"}],"wp:attachment":[{"href":"https:\/\/www.europesays.com\/es\/wp-json\/wp\/v2\/media?parent=311993"}],"wp:term":[{"taxonomy":"category","embeddable":true,"href":"https:\/\/www.europesays.com\/es\/wp-json\/wp\/v2\/categories?post=311993"},{"taxonomy":"post_tag","embeddable":true,"href":"https:\/\/www.europesays.com\/es\/wp-json\/wp\/v2\/tags?post=311993"}],"curies":[{"name":"wp","href":"https:\/\/api.w.org\/{rel}","templated":true}]}}