{"id":312002,"date":"2025-12-29T12:33:09","date_gmt":"2025-12-29T12:33:09","guid":{"rendered":"https:\/\/www.europesays.com\/es\/312002\/"},"modified":"2025-12-29T12:33:09","modified_gmt":"2025-12-29T12:33:09","slug":"el-trajin-de-la-nueva-perla-de-12-anos-de-lezama-que-sorprende-en-el-mayor-torneo-de-promesas-de-laliga","status":"publish","type":"post","link":"https:\/\/www.europesays.com\/es\/312002\/","title":{"rendered":"El traj\u00edn de la nueva perla de 12 a\u00f1os de Lezama que sorprende en el mayor torneo de promesas de LaLiga"},"content":{"rendered":"<p><img fetchpriority=\"high\" class=\"v-a-img\" src=\"https:\/\/www.europesays.com\/es\/wp-content\/uploads\/2025\/12\/aran-aparicio-kCtC-U240691346597tKF-1200x840@El Correo.jpg\" loading=\"eager\" decoding=\"async\" alt=\"El traj\u00edn de la nueva perla de 12 a\u00f1os de Lezama que sorprende en el mayor torneo de promesas de LaLiga\"  width=\"1200\" height=\"840\"\/><\/p>\n<p>Aran Aparicio se incorpor\u00f3 al Athletic este verano procedente del Santutxu, donde jug\u00f3 unos meses tras salir a media temporada de la cantera del Bar\u00e7a por motivos familiares<\/p>\n<p class=\"v-mdl-ath__p v-mdl-ath__p--6\">\nLunes, 29 de diciembre 2025, 09:48<\/p>\n<p>| Actualizado 12:46h.<\/p>\n<p class=\"v-p\">&#8216;LaLiga Futures&#8217; celebra su tradicional torneo navide\u00f1o estos d\u00edas en Gran Canaria. Este lunes se juegan las semifinales y la final del torneo, y aunque el Athletic no ha logrado clasificarse, s\u00ed que ha conseguido ser protagonista gracias al talento de un ni\u00f1o de 12 a\u00f1os que ha captado la atenci\u00f3n de todos los presentes. Se llama Aran Aparicio, naci\u00f3 en Santander en 2013, y pese a ser un chaval muy bajito ha vuelto loco a sus rivales gracias a su prodigiosa zurda.<\/p>\n<p class=\"v-p\">La historia del cr\u00edo es curiosa. Naci\u00f3 en Santander y con ocho a\u00f1os se traslad\u00f3 a Catalu\u00f1a, de donde es originaria la familia de su padre. All\u00ed ingres\u00f3 en la cantera del Girona, primero, y Bar\u00e7a, despu\u00e9s, donde estuvo tres temporadas. Los ojeadores cul\u00e9s le echaron el ojo y no tardaron en ficharle. Pero hace unos meses, la familia tuvo que regresar a Santander por motivos laborables. Aran dej\u00f3 La Mas\u00eda de la noche a la ma\u00f1ana y fich\u00f3 por el Santutxu, donde acab\u00f3 la pasada temporada. Este verano se ha incorporado al Athletic y es una de las joyas del Infantil que dirige Andoni Galiano.<\/p>\n<p><a href=\"http:\/\/www.elcorreo.com\/athletic\/unai-egiluz-sigue-recuperacion-margen-lezama-20251229124337-nt.html#vtm_modulosEngag=mod-rel:athletic:noticia:1:cmp:1-not\" class=\"v-a-link\" title=\"Unai Egiluz sigue con su recuperaci\u00f3n al margen de sus compa\u00f1eros en Lezama\" rel=\"nofollow noopener\" target=\"_blank\"><br \/>\n<img decoding=\"async\" loading=\"lazy\" class=\"v-a-img\" src=\"https:\/\/www.europesays.com\/es\/wp-content\/uploads\/2025\/12\/1504008409-kzZH--366x256@El Correo.jpg\" alt=\"Unai Egiluz sigue con su recuperaci\u00f3n al margen de sus compa\u00f1eros en Lezama\"\/><br \/>\n<\/a><\/p>\n<p class=\"v-p\">El talento de Aran qued\u00f3 reflejado en el partido que disput\u00f3 el sub-13 rojiblanco ante la Juventus de Tur\u00edn. El chaval se marc\u00f3 un golazo espectacular desde fuera del \u00e1rea, dio una asistencia desde el saque de un c\u00f3rner y volvi\u00f3 loco a la defensa juventina. Su partido fue clave para que el Athletic sumase un punto en aquel encuentro, aunque a la postre no sirviese para nada.<\/p>\n<p class=\"v-p\">Uno de sus \u00faltimos entrenadores describe al chaval como un jugador con \u00abdescaro y valent\u00eda\u00bb. Lo que m\u00e1s destaca de \u00e9l \u00abes su humildad y su fuerza mental bajo presi\u00f3n, cuando las cosas no est\u00e1n saliendo bien en el partido\u00bb. \u00abTiende a tomar las riendas de l\u00edder y sacar al equipo adelante\u00bb, sostiene Yassine Kharbouch, quien fuera su t\u00e9cnico en un torneo celebrado el pasado verano en Valencia, en declaraciones a a &#8216;valenciabase&#8217;.<\/p>\n<p class=\"v-p\">Aran est\u00e1 completamente integrado a Euskadi. Y eso que solo lleva unos meses aqu\u00ed. Ya ha debutado con la selecci\u00f3n vasca sub 12 logrando un subcampeonato de Espa\u00f1a y en sus redes sociales presume de ser un athleticzale m\u00e1s yendo a animar al primer equipo a San Mam\u00e9s. Incluso estuvo presente en la tribuna en el partido ante el Arsenal.<\/p>\n<p class=\"v-p\">Entre los gustos personales del joven Aran est\u00e1 el surf. Despu\u00e9s del f\u00fatbol es su deporte favorito. Tambi\u00e9n disfruta mucho viendo jugar a su hermano mayor, Jan, que despu\u00e9s de pasar por las filas del Santutxu ahora juega en el Bezana c\u00e1ntabro de Tercera RFEF.<\/p>\n<p>Reporta un error<\/p>\n","protected":false},"excerpt":{"rendered":"Aran Aparicio se incorpor\u00f3 al Athletic este verano procedente del Santutxu, donde jug\u00f3 unos meses tras salir a&hellip;\n","protected":false},"author":2,"featured_media":312003,"comment_status":"","ping_status":"","sticky":false,"template":"","format":"standard","meta":{"footnotes":""},"categories":[268],"tags":[168,25,24,280,282,73161,288,39552,42148,281,6924,23,167],"class_list":{"0":"post-312002","1":"post","2":"type-post","3":"status-publish","4":"format-standard","5":"has-post-thumbnail","7":"category-futbol","8":"tag-deportes","9":"tag-es","10":"tag-espana","11":"tag-football","12":"tag-futbol","13":"tag-futures","14":"tag-laliga","15":"tag-lezama","16":"tag-perla","17":"tag-soccer","18":"tag-sorprende","19":"tag-spain","20":"tag-sports"},"share_on_mastodon":{"url":"https:\/\/pubeurope.com\/@es\/115802879058009111","error":""},"_links":{"self":[{"href":"https:\/\/www.europesays.com\/es\/wp-json\/wp\/v2\/posts\/312002","targetHints":{"allow":["GET"]}}],"collection":[{"href":"https:\/\/www.europesays.com\/es\/wp-json\/wp\/v2\/posts"}],"about":[{"href":"https:\/\/www.europesays.com\/es\/wp-json\/wp\/v2\/types\/post"}],"author":[{"embeddable":true,"href":"https:\/\/www.europesays.com\/es\/wp-json\/wp\/v2\/users\/2"}],"replies":[{"embeddable":true,"href":"https:\/\/www.europesays.com\/es\/wp-json\/wp\/v2\/comments?post=312002"}],"version-history":[{"count":0,"href":"https:\/\/www.europesays.com\/es\/wp-json\/wp\/v2\/posts\/312002\/revisions"}],"wp:featuredmedia":[{"embeddable":true,"href":"https:\/\/www.europesays.com\/es\/wp-json\/wp\/v2\/media\/312003"}],"wp:attachment":[{"href":"https:\/\/www.europesays.com\/es\/wp-json\/wp\/v2\/media?parent=312002"}],"wp:term":[{"taxonomy":"category","embeddable":true,"href":"https:\/\/www.europesays.com\/es\/wp-json\/wp\/v2\/categories?post=312002"},{"taxonomy":"post_tag","embeddable":true,"href":"https:\/\/www.europesays.com\/es\/wp-json\/wp\/v2\/tags?post=312002"}],"curies":[{"name":"wp","href":"https:\/\/api.w.org\/{rel}","templated":true}]}}