{"id":312023,"date":"2025-12-29T12:45:11","date_gmt":"2025-12-29T12:45:11","guid":{"rendered":"https:\/\/www.europesays.com\/es\/312023\/"},"modified":"2025-12-29T12:45:11","modified_gmt":"2025-12-29T12:45:11","slug":"leon-xiv-clama-contra-la-plaga-de-los-juegos-de-apuestas-dw-29-12-2025","status":"publish","type":"post","link":"https:\/\/www.europesays.com\/es\/312023\/","title":{"rendered":"Le\u00f3n XIV clama contra la \u00abplaga\u00bb de los juegos de apuestas \u2013 DW \u2013 29\/12\/2025"},"content":{"rendered":"<p>El <a class=\"internal-link\" href=\"https:\/\/www.dw.com\/es\/papa-le\u00f3n-xiv\/t-72484173\" rel=\"nofollow noopener\" target=\"_blank\">papa Le\u00f3n XIV<\/a> ha alertado este lunes (29.12.2025) del \u00abfuerte aumento\u00bb de los juegos de apuestas, en una audiencia en el <a class=\"internal-link\" href=\"https:\/\/www.dw.com\/es\/vaticano\/t-17410629\" rel=\"nofollow noopener\" target=\"_blank\">Vaticano<\/a>\u00a0con la Asociaci\u00f3n Nacional de Municipios Italianos (ANCI). \u00abLamentablemente nuestras ciudades conocen formas de marginalidad, violencia y soledad que exigen ser afrontadas. Quisiera indicar en particular la plaga de los juegos de azar que arruina a tantas familias\u00bb, advirti\u00f3 ante los alcaldes y alcaldesas del pa\u00eds.<\/p>\n<p>Le\u00f3n XIV, que el pasado jueves <a class=\"internal-link\" href=\"https:\/\/www.dw.com\/es\/le\u00f3n-xiv-celebra-su-primera-misa-de-navidad-en-el-vaticano\/a-75298665\" rel=\"nofollow noopener\" target=\"_blank\">celebr\u00f3 su primera misa de Navidad en el Vaticano<\/a>,\u00a0se\u00f1al\u00f3 que las estad\u00edsticas registran \u00abun fuerte aumento\u00bb de este fen\u00f3meno en los \u00faltimos a\u00f1os y, citando el informe anual que lleva a cabo <a class=\"internal-link\" href=\"https:\/\/www.dw.com\/es\/c\u00e1ritas\/t-42607330\" rel=\"nofollow noopener\" target=\"_blank\">C\u00e1ritas<\/a>, \u00abse trata de un grave problema educativo, de salud mental y de confianza social\u00bb. Y describi\u00f3 el problema como una de las muchas formas que adopta la \u00absoledad\u00bb, a la que inst\u00f3 a combatir desde las administraciones p\u00fablicas.<\/p>\n<p>Citando a Don Primo Mazzolari, sacerdote cat\u00f3lico italiano del siglo veinte y activista social, el Papa destac\u00f3 que Italia \u00abno s\u00f3lo necesita alcantarillas, casas, carreteras, acueductos y aceras\u00bb, sino tambi\u00e9n \u00abuna manera de sentir, de vivir, una manera de mirarnos unos a otros y una manera de unirnos como hermanos y hermanas\u00bb.<\/p>\n<p>La soledad, el abandono social y el \u00abgrito silencioso\u00bb de los pobres<\/p>\n<p>Por otro lado, tambi\u00e9n lament\u00f3 otros males padecidos dentro de las ciudades italianas, como \u00ablos problemas psicol\u00f3gicos, las depresiones, la pobreza cultural o espiritual o el abandono social\u00bb o, tambi\u00e9n, el \u00abgrito silencioso\u00bb de los pobres. Todas estas son, a su parecer, \u00abse\u00f1ales que indican cu\u00e1nto se necesita la esperanza\u00bb en el mundo contempor\u00e1neo.<\/p>\n<p>\u00abPara testimoniarla eficazmente, la pol\u00edtica est\u00e1 llamada a tejer relaciones aut\u00e9nticamente humanas entre ciudadanos promoviendo la paz social\u00bb, inst\u00f3. Le\u00f3n XIV record\u00f3 a los dirigentes de la ANCI que \u00abla cohesi\u00f3n social y la armon\u00eda c\u00edvica exigen en primer lugar la escucha de los m\u00e1s d\u00e9biles y pobres\u00bb porque \u00absin ese compromiso la democracia se atrofia, se convierte en s\u00f3lo un nombre, una formalidad\u00bb, avis\u00f3, parafraseando un discurso del <a class=\"internal-link\" href=\"https:\/\/www.dw.com\/es\/papa-francisco\/t-17409704\" rel=\"nofollow noopener\" target=\"_blank\">papa Francisco<\/a> de 2016.<\/p>\n<p>\u00abTened el valor de ofrecer esperanza a la gente, proyectando juntos el mejor futuro para vuestros territorios\u00bb, termin\u00f3 ante los regidores, a quienes tambi\u00e9n record\u00f3 otros retos como la crisis demogr\u00e1fica, la contaminaci\u00f3n, la soledad de los ancianos, los conflictos sociales o los \u00abapuros\u00bb de familias y j\u00f3venes.<\/p>\n<p>lgc (efe, vaticano news)<\/p>\n","protected":false},"excerpt":{"rendered":"El papa Le\u00f3n XIV ha alertado este lunes (29.12.2025) del \u00abfuerte aumento\u00bb de los juegos de apuestas, en&hellip;\n","protected":false},"author":2,"featured_media":312024,"comment_status":"","ping_status":"","sticky":false,"template":"","format":"standard","meta":{"footnotes":""},"categories":[42],"tags":[17,18,13,14,11,61,62,63,64,19,20,9,10,15,16,12,21,22,65,66,67],"class_list":{"0":"post-312023","1":"post","2":"type-post","3":"status-publish","4":"format-standard","5":"has-post-thumbnail","7":"category-internacional","8":"tag-breaking-news","9":"tag-breakingnews","10":"tag-featured-news","11":"tag-featurednews","12":"tag-headlines","13":"tag-internacional","14":"tag-international","15":"tag-international-news","16":"tag-internationalnews","17":"tag-latest-news","18":"tag-latestnews","19":"tag-news","20":"tag-noticias","21":"tag-noticias-destacadas","22":"tag-noticiasdestacadas","23":"tag-titulares","24":"tag-ultimas-noticias","25":"tag-ultimasnoticias","26":"tag-world","27":"tag-world-news","28":"tag-worldnews"},"share_on_mastodon":{"url":"https:\/\/pubeurope.com\/@es\/115802926252793143","error":""},"_links":{"self":[{"href":"https:\/\/www.europesays.com\/es\/wp-json\/wp\/v2\/posts\/312023","targetHints":{"allow":["GET"]}}],"collection":[{"href":"https:\/\/www.europesays.com\/es\/wp-json\/wp\/v2\/posts"}],"about":[{"href":"https:\/\/www.europesays.com\/es\/wp-json\/wp\/v2\/types\/post"}],"author":[{"embeddable":true,"href":"https:\/\/www.europesays.com\/es\/wp-json\/wp\/v2\/users\/2"}],"replies":[{"embeddable":true,"href":"https:\/\/www.europesays.com\/es\/wp-json\/wp\/v2\/comments?post=312023"}],"version-history":[{"count":0,"href":"https:\/\/www.europesays.com\/es\/wp-json\/wp\/v2\/posts\/312023\/revisions"}],"wp:featuredmedia":[{"embeddable":true,"href":"https:\/\/www.europesays.com\/es\/wp-json\/wp\/v2\/media\/312024"}],"wp:attachment":[{"href":"https:\/\/www.europesays.com\/es\/wp-json\/wp\/v2\/media?parent=312023"}],"wp:term":[{"taxonomy":"category","embeddable":true,"href":"https:\/\/www.europesays.com\/es\/wp-json\/wp\/v2\/categories?post=312023"},{"taxonomy":"post_tag","embeddable":true,"href":"https:\/\/www.europesays.com\/es\/wp-json\/wp\/v2\/tags?post=312023"}],"curies":[{"name":"wp","href":"https:\/\/api.w.org\/{rel}","templated":true}]}}