{"id":312025,"date":"2025-12-29T12:46:11","date_gmt":"2025-12-29T12:46:11","guid":{"rendered":"https:\/\/www.europesays.com\/es\/312025\/"},"modified":"2025-12-29T12:46:11","modified_gmt":"2025-12-29T12:46:11","slug":"el-ayuntamiento-colabora-a-la-actividad-cultural-de-la-banda-sinfonica-con-la-aportacion-de-10-000-euros","status":"publish","type":"post","link":"https:\/\/www.europesays.com\/es\/312025\/","title":{"rendered":"El Ayuntamiento colabora a la actividad cultural de la \u00abBanda Sinf\u00f3nica\u00bb con la aportaci\u00f3n de 10.000 euros"},"content":{"rendered":"<p>El Ayuntamiento de Puertollano apoyar\u00e1 la actividad cultural de la asociaci\u00f3n \u201cBanda Sinf\u00f3nica de M\u00fasica\u201d con la aportaci\u00f3n de 10.000 euros, con el fin de contribuir a su participaci\u00f3n en diversos eventos que se celebran durante el a\u00f1o en la ciudad.<\/p>\n<p>El alcalde, <strong>Miguel \u00c1ngel Ruiz<\/strong>, ha firmado un convenio de colaboraci\u00f3n con su presidente, <strong>Jes\u00fas Navarro P\u00e9rez<\/strong>, en presencia de su director, <strong>Luis Fernando Valiente,<\/strong> para impulsar la presencia de esta banda en diversas actividades de la ciudad.<\/p>\n<p>Una asociaci\u00f3n que est\u00e1 presente en los grandes eventos y acontecimientos del a\u00f1o, como Semana Santa, Feria de Mayo, Corpus Christi, el 8 septiembre en la procesi\u00f3n de la Virgen de Gracia y conciertos de verano en la calle o en el Auditorio.<\/p>\n<p>La banda se ha convertido en un referente musical de Puertollano gracias a su participaci\u00f3n activa en conciertos en el Auditorio Municipal, Concha de M\u00fasica y en las diversas procesiones que se celebran a lo largo del a\u00f1o.<\/p>\n","protected":false},"excerpt":{"rendered":"El Ayuntamiento de Puertollano apoyar\u00e1 la actividad cultural de la asociaci\u00f3n \u201cBanda Sinf\u00f3nica de M\u00fasica\u201d con la aportaci\u00f3n&hellip;\n","protected":false},"author":2,"featured_media":312026,"comment_status":"","ping_status":"","sticky":false,"template":"","format":"standard","meta":{"footnotes":""},"categories":[8],"tags":[17,18,25,24,13,14,11,19,20,9,10,15,16,23,12,21,22],"class_list":{"0":"post-312025","1":"post","2":"type-post","3":"status-publish","4":"format-standard","5":"has-post-thumbnail","7":"category-espana","8":"tag-breaking-news","9":"tag-breakingnews","10":"tag-es","11":"tag-espana","12":"tag-featured-news","13":"tag-featurednews","14":"tag-headlines","15":"tag-latest-news","16":"tag-latestnews","17":"tag-news","18":"tag-noticias","19":"tag-noticias-destacadas","20":"tag-noticiasdestacadas","21":"tag-spain","22":"tag-titulares","23":"tag-ultimas-noticias","24":"tag-ultimasnoticias"},"share_on_mastodon":{"url":"https:\/\/pubeurope.com\/@es\/115802930188236339","error":""},"_links":{"self":[{"href":"https:\/\/www.europesays.com\/es\/wp-json\/wp\/v2\/posts\/312025","targetHints":{"allow":["GET"]}}],"collection":[{"href":"https:\/\/www.europesays.com\/es\/wp-json\/wp\/v2\/posts"}],"about":[{"href":"https:\/\/www.europesays.com\/es\/wp-json\/wp\/v2\/types\/post"}],"author":[{"embeddable":true,"href":"https:\/\/www.europesays.com\/es\/wp-json\/wp\/v2\/users\/2"}],"replies":[{"embeddable":true,"href":"https:\/\/www.europesays.com\/es\/wp-json\/wp\/v2\/comments?post=312025"}],"version-history":[{"count":0,"href":"https:\/\/www.europesays.com\/es\/wp-json\/wp\/v2\/posts\/312025\/revisions"}],"wp:featuredmedia":[{"embeddable":true,"href":"https:\/\/www.europesays.com\/es\/wp-json\/wp\/v2\/media\/312026"}],"wp:attachment":[{"href":"https:\/\/www.europesays.com\/es\/wp-json\/wp\/v2\/media?parent=312025"}],"wp:term":[{"taxonomy":"category","embeddable":true,"href":"https:\/\/www.europesays.com\/es\/wp-json\/wp\/v2\/categories?post=312025"},{"taxonomy":"post_tag","embeddable":true,"href":"https:\/\/www.europesays.com\/es\/wp-json\/wp\/v2\/tags?post=312025"}],"curies":[{"name":"wp","href":"https:\/\/api.w.org\/{rel}","templated":true}]}}