{"id":312027,"date":"2025-12-29T12:47:09","date_gmt":"2025-12-29T12:47:09","guid":{"rendered":"https:\/\/www.europesays.com\/es\/312027\/"},"modified":"2025-12-29T12:47:09","modified_gmt":"2025-12-29T12:47:09","slug":"tarde-vieja-2025-el-almacen","status":"publish","type":"post","link":"https:\/\/www.europesays.com\/es\/312027\/","title":{"rendered":"Tarde Vieja 2025 |\u00a0El Almac\u00e9n"},"content":{"rendered":"<p><img data-lazyloaded=\"1\" fetchpriority=\"high\" decoding=\"async\" width=\"2560\" height=\"1357\" src=\"https:\/\/www.europesays.com\/es\/wp-content\/uploads\/2025\/12\/Web_413x219mm_TardeVieja25-2-scaled.png\" data-spai-egr=\"1\" alt=\"\" class=\"wp-image-121883\"  data-\/>Fecha<\/p>\n<p class=\"has-text-align-center has-siete-cact-color has-text-color has-link-color wp-elements-9a497f568c50ba787f51919587e81d74\">31 de diciembre de 2025<\/p>\n<p>Despide el a\u00f1o desde el mediod\u00eda<\/p>\n<p class=\"has-text-align-center has-siete-cact-color has-text-color has-link-color has-medium-font-size wp-elements-97c941f455caafb88b9408c1e65131ab\">Este <strong>31 de diciembre<\/strong>, <strong>El Almac\u00e9n<\/strong> vuelve a convertirse en punto de encuentro para celebrar la llegada del nuevo a\u00f1o desde el mediod\u00eda, con una propuesta que combina <strong>m\u00fasica y un ambiente pensado para compartir<\/strong>.<\/p>\n<p class=\"has-text-align-center has-siete-cact-color has-text-color has-link-color has-medium-font-size wp-elements-9bb3142056d3f27c4d521991cf3b08a2\">La <strong>Tarde Vieja<\/strong> propone una celebraci\u00f3n diurna, ideal para encontrarse, brindar y bailar antes de la noche, en uno de los espacios culturales m\u00e1s emblem\u00e1ticos de la isla.<\/p>\n<p>Una tarde de ritmo y celebraci\u00f3n<\/p>\n<p class=\"has-text-align-center has-siete-cact-color has-text-color has-link-color has-medium-font-size wp-elements-f2b4a81460cab4ef0ca1f6ea4503d52f\">La <strong>programaci\u00f3n musical<\/strong> acompa\u00f1ar\u00e1 toda la tarde con una cuidada selecci\u00f3n de estilos y directos a cargo de <strong>DJ Alba Fdez<\/strong>, <strong>Graduado Escolar (directo)<\/strong> y el cierre de <strong>DJ Checha Tambo<\/strong>, creando una atm\u00f3sfera continua para dejarse llevar por el ritmo creando una atm\u00f3sfera continua para dejarse llevar por el ritmo y despedir el a\u00f1o con energ\u00eda, mientras la experiencia se completa con las tradicionales uvas, el cotill\u00f3n y el brindis conjunto antes de la noche.<\/p>\n<p class=\"has-text-align-center has-secundario-cact-color has-text-color has-link-color has-medium-font-size wp-elements-fd6e9f1452b6baba5cb53b9cfb63079f\"><strong>Despide el a\u00f1o rodeado de m\u00fasica, amigos y buen ambiente. S\u00famate a la Tarde Vieja y brinda con nosotros por todo lo que est\u00e1 por venir.<\/strong><\/p>\n<p>\\\\n\\\\t\\\\t\\\\t\\\\t\\\\n\\\\t\\\\t\\\\t\\\\t\\\\t\\\\t\\\\t\\\\t\\\\t\\\\t\\\\t\\\\t\\\\t\\\\t\\\\t\\\\t\\\\t\\\\n\\\\t\\\\t\\\\t\\\\t\\\\t\\\\t\\\\t\\\\t\\\\t\\\\t\\\\t\\\\t\\\\t\\\\t\\\\t\\\\t\\\\n\\\\t\\\\t\\\\t\\\\t\\\\n\\\\t\\\\t\\\\t\\\\t\\\u00bb,\\\u00bbbody\\\u00bb:\\\u00bb\\\\r\\\\n\\\\r\\\\n\\\\r\\\\n\\\\r\\\\n\\\\r\\\\n\\\\r\\\\n\\\\t\\\\t\\\\t\\\\t\\\\n\\\\t\\\\t\\\\t\\\\t\\\\n\\\\t\\\\t\\\\t\\\\t\\\\t\\\\t\\\\t\\\\t\\\u00bb,\\\u00bbfooter\\\u00bb:\\\u00bb\\\u00bb},\\\u00bbstrict\\\u00bb:{\\\u00bbheader\\\u00bb:\\\u00bb\\\u00bb,\\\u00bbbody\\\u00bb:\\\u00bb\\\u00bb,\\\u00bbfooter\\\u00bb:\\\u00bb\\\u00bb},\\\u00bbadvanced\\\u00bb:{\\\u00bbheader\\\u00bb:\\\u00bb\\\\r\\\\n\\\\r\\\\n\\\u00bb,\\\u00bbbody\\\u00bb:\\\u00bb\\\u00bb,\\\u00bbfooter\\\u00bb:\\\u00bb\\\u00bb}}\u00bb,\u00bbgdpr_scor\u00bb:\u00bbtrue\u00bb,\u00bbwp_lang\u00bb:\u00bb_es\u00bb,\u00bbwp_consent_api\u00bb:\u00bbfalse\u00bb,\u00bbgdpr_nonce\u00bb:\u00bb1c67a3b7ea\u00bb}<\/p>\n","protected":false},"excerpt":{"rendered":"Fecha 31 de diciembre de 2025 Despide el a\u00f1o desde el mediod\u00eda Este 31 de diciembre, El Almac\u00e9n&hellip;\n","protected":false},"author":2,"featured_media":312028,"comment_status":"","ping_status":"","sticky":false,"template":"","format":"standard","meta":{"footnotes":""},"categories":[5],"tags":[17,18,25,24,13,14,11,19,20,9,10,15,16,23,12,21,22],"class_list":{"0":"post-312027","1":"post","2":"type-post","3":"status-publish","4":"format-standard","5":"has-post-thumbnail","7":"category-titulares","8":"tag-breaking-news","9":"tag-breakingnews","10":"tag-es","11":"tag-espana","12":"tag-featured-news","13":"tag-featurednews","14":"tag-headlines","15":"tag-latest-news","16":"tag-latestnews","17":"tag-news","18":"tag-noticias","19":"tag-noticias-destacadas","20":"tag-noticiasdestacadas","21":"tag-spain","22":"tag-titulares","23":"tag-ultimas-noticias","24":"tag-ultimasnoticias"},"share_on_mastodon":{"url":"https:\/\/pubeurope.com\/@es\/115802934045095058","error":""},"_links":{"self":[{"href":"https:\/\/www.europesays.com\/es\/wp-json\/wp\/v2\/posts\/312027","targetHints":{"allow":["GET"]}}],"collection":[{"href":"https:\/\/www.europesays.com\/es\/wp-json\/wp\/v2\/posts"}],"about":[{"href":"https:\/\/www.europesays.com\/es\/wp-json\/wp\/v2\/types\/post"}],"author":[{"embeddable":true,"href":"https:\/\/www.europesays.com\/es\/wp-json\/wp\/v2\/users\/2"}],"replies":[{"embeddable":true,"href":"https:\/\/www.europesays.com\/es\/wp-json\/wp\/v2\/comments?post=312027"}],"version-history":[{"count":0,"href":"https:\/\/www.europesays.com\/es\/wp-json\/wp\/v2\/posts\/312027\/revisions"}],"wp:featuredmedia":[{"embeddable":true,"href":"https:\/\/www.europesays.com\/es\/wp-json\/wp\/v2\/media\/312028"}],"wp:attachment":[{"href":"https:\/\/www.europesays.com\/es\/wp-json\/wp\/v2\/media?parent=312027"}],"wp:term":[{"taxonomy":"category","embeddable":true,"href":"https:\/\/www.europesays.com\/es\/wp-json\/wp\/v2\/categories?post=312027"},{"taxonomy":"post_tag","embeddable":true,"href":"https:\/\/www.europesays.com\/es\/wp-json\/wp\/v2\/tags?post=312027"}],"curies":[{"name":"wp","href":"https:\/\/api.w.org\/{rel}","templated":true}]}}