{"id":312035,"date":"2025-12-29T12:57:11","date_gmt":"2025-12-29T12:57:11","guid":{"rendered":"https:\/\/www.europesays.com\/es\/312035\/"},"modified":"2025-12-29T12:57:11","modified_gmt":"2025-12-29T12:57:11","slug":"enrique-iglesias-y-anna-kournikova-comparten-la-primera-foto-de-su-cuarto-hijo-en-comun","status":"publish","type":"post","link":"https:\/\/www.europesays.com\/es\/312035\/","title":{"rendered":"Enrique Iglesias y Anna Kournikova comparten la primera foto de su cuarto hijo en com\u00fan"},"content":{"rendered":"<p>Se conocieron cuando ella form\u00f3 parte del videoclip de \u2018Escape\u2019, uno de los mayores hits del cantante, y desde entonces no se han separado. Hablamos de Enrique Iglesias (50 a\u00f1os) y Anna Kournikova (44 a\u00f1os), una de las parejas m\u00e1s duraderas y discretas del panorama internacional y que lleva a\u00f1os demostrando que su amor es uno de los m\u00e1s fuertes que existen.<\/p>\n<p>Fruto de su relaci\u00f3n han tenido cuatro hijos, siendo el \u00faltimo de ellos su gran regalo de Navidad, ya que <a href=\"https:\/\/www.lecturas.com\/actualidad\/enrique-iglesias-y-anna-kournikova-se-convierten-por-padres-por-cuarta-vez-y-comparten-primera-foto-su-bebe_186293\" rel=\"nofollow noopener\" target=\"_blank\">este naci\u00f3 el pasado 17 de diciembre<\/a>. A pesar de ser una de las parejas m\u00e1s herm\u00e9ticas y discretas que conocemos, estos han querido romper con esto en las \u00faltimas horas, <strong>compartiendo en redes una fotograf\u00eda hasta ahora in\u00e9dita de sus cuatro hijos.<\/strong><\/p>\n<p>La fotograf\u00eda m\u00e1s especial de Enrique y Anna<\/p>\n<p>A trav\u00e9s de su cuenta oficial de Instagram, donde acumula m\u00e1s de 2 millones de followers, la extenista ha compartido una fotograf\u00eda en la que podemos ver por primera vez a sus cuatro hijos con el cantante. \u201c<strong>My Sunshines<\/strong>\u201d, escribe, defini\u00e9ndolos como sus \u201crayos de sol\u201d, dejando claro la gran alegr\u00eda que suponen en su vida sus cuatro hijos.<\/p>\n<p><img loading=\"lazy\" decoding=\"async\"   src=\"https:\/\/www.europesays.com\/es\/wp-content\/uploads\/2025\/12\/hijos-de-anna-kournikova-y-enrique-iglesias_d55678fb_251229094855_1200x900.webp.webp\" alt=\"Hijos de Anna Kournikova y Enrique Iglesias\" class=\"lazyload\" width=\"1200\" height=\"900\" data-aspectratio=\"1200\/900\"\/><\/p>\n<p>Anna Kournikova ha compartido en redes la primera fotograf\u00eda de sus cuatro hijos tras el nacimiento de su beb\u00e9 este mismo mes.<\/p>\n<p>&#13;Instagram @annakournikova<\/p>\n<p>Anna ha acompa\u00f1ado la imagen de cuatro emoticonos de corazones rojos y en esta instant\u00e1nea podemos ver a <strong>los tres hijos mayores de la pareja rodeando a su hermanito reci\u00e9n nacido <\/strong>en su trasport\u00edn, donde duerme pl\u00e1cidamente. Mientras sus hermanas lucen pijamas rosas a juego, Nicholas lleva uno de Spiderman, siendo para todos ellos la primera Navidad en compa\u00f1\u00eda de su hermano peque\u00f1o.<\/p>\n<p><img loading=\"lazy\" decoding=\"async\"   src=\"https:\/\/www.europesays.com\/es\/wp-content\/uploads\/2025\/12\/enrique-iglesias-y-anna-kournikova_0db44d25_251229095140_1200x1019.webp.webp\" alt=\"Enrique Iglesias y Anna Kournikova\" class=\"lazyload\" width=\"1200\" height=\"1019\" data-aspectratio=\"1200\/1019\"\/><\/p>\n<p>\u201cMy Sunshines\u201d, escribe, defini\u00e9ndolos como sus \u201crayos de sol\u201d, dejando claro la gran alegr\u00eda que suponen en su vida sus cuatro hijos.<\/p>\n<p>&#13;GTRES<\/p>\n<p>Este ha llegado un d\u00eda despu\u00e9s que sus hermanos mellizos, Nicholas y Lucy, que nacieron el 16 de diciembre de hace 8 a\u00f1os, siendo un mes lleno de fechas especiales para esta familia, que parece atravesar uno de los momentos m\u00e1s dulces hasta la fecha.<\/p>\n<p><img decoding=\"async\" src=\"https:\/\/www.europesays.com\/es\/wp-content\/uploads\/2025\/12\/sofia-y-leonor_92d48cc7_251229113656_800x800.webp.webp\" alt=\"Sof\u00eda y Leonor\" class=\"image lazyload\"\/><img loading=\"lazy\" decoding=\"async\" src=\"https:\/\/www.europesays.com\/es\/wp-content\/uploads\/2025\/12\/sofia-y-leonor_92d48cc7_251229113644_1280x720.webp.webp\" alt=\"Voluntad, presencia y familia: la Casa Real elige las mejores im\u00e1genes de la infanta Sof\u00eda en 2025 \" class=\"image lazyload\" width=\"1280\" height=\"720\" data-aspectratio=\"1280\/720\"\/><\/p>\n<p>Y completa este cuarteto Mary, que el 30 de enero cumplir\u00e1 6 a\u00f1os, dejando de ser la benjamina de la familia.\u00a0Todos ellos viven en <strong>Indian Creek, una de las islas m\u00e1s exclusivas de Miami<\/strong> donde intentan estar alejados de los focos, habiendo optado por una enorme discreci\u00f3n para que crezcan sus hijos en la intimidad y sin que las c\u00e1maras les est\u00e9n acosando.<\/p>\n<p>El momento actual de Enrique y Anna<\/p>\n<p>Tras la llegada del nuevo miembro de la familia, recientemente hablaba Isabel Preysler con la revista &#8216;\u00a1Hola!&#8217;, a los que asegur\u00f3 que \u00ab<strong>Enrique es extraordinariamente feliz en estos momentos<\/strong>\u00ab. La socialit\u00e9 aprovechaba la ocasi\u00f3n para comentar que \u00abha\u00a0sido un embarazo perfectamente normal, no ha tenido que guardar reposo en ning\u00fan momento\u00bb, siendo nueve meses de lo m\u00e1s llevaderos para la mujer de su hijo. \u00ab<strong>Anna no ha necesitado esconderse, lleva una vida muy sencilla y muy casera<\/strong>\u00ab, a\u00f1ad\u00eda Isabel.<\/p>\n<p><img loading=\"lazy\" decoding=\"async\"   src=\"https:\/\/www.europesays.com\/es\/wp-content\/uploads\/2025\/12\/isabel-preysler_83a8f69e_251229100842_1200x800.webp.webp\" alt=\"Isabel Preysler\" class=\"lazyload\" width=\"1200\" height=\"800\" data-aspectratio=\"1200\/800\"\/><\/p>\n<p>Tras el nacimiento de su nuevo hijo, la madre del cantante,\u00a0Isabel Preysler,\u00a0aseguraba que\u00a0\u00abEnrique es extraordinariamente feliz en estos momentos\u00bb.<\/p>\n<p>&#13;Gtres<\/p>\n<p>Sobre su papel de padre y su relaci\u00f3n con Anna quiso hablar el propio Enrique hace un tiempo a la emisora KTUphoriaen, donde dejaba claro que \u201c<strong>la madre es la verdadera superhero\u00edna<\/strong>\u201d, destacando la labor de su novia. El cantante tiene muy claro que \u00ablo primero y m\u00e1s importante para \u00e9l es ser un buen padre. <strong>Mi intenci\u00f3n es educarles adecuadamente. Siempre que sean buenos ni\u00f1os<\/strong>, est\u00e9n sanos y disfruten la vida&#8230;\u00bb, explicaba.<\/p>\n<p><img loading=\"lazy\" decoding=\"async\"   src=\"https:\/\/www.europesays.com\/es\/wp-content\/uploads\/2025\/12\/isabel-preysler-y-anna-kournikova_d69cce9b_251229100913_1200x798.webp.webp\" alt=\"Isabel Preysler y Anna Kournikova\" class=\"lazyload\" width=\"1200\" height=\"798\" data-aspectratio=\"1200\/798\"\/><\/p>\n<p>\u00abAnna no ha necesitado esconderse, lleva una vida muy sencilla y muy casera\u00bb, a\u00f1ad\u00eda Isabel.<\/p>\n<p>&#13;GTRES<\/p>\n<p>Respecto a Anna Kournikova, con la que lleva m\u00e1s de 24 a\u00f1os de relaci\u00f3n, este aseguraba que tienen una din\u00e1mica y una rutina muy normal, no siendo nada diferente por el hecho de ser famosos: \u00ab<strong>Las relaciones son dif\u00edciles seas o no conocido<\/strong>\u00ab, expresaba Enrique, muy contundente, reconociendo que \u00abhay d\u00edas buenos y d\u00edas malos. Cuando son malos tratas de superarlos y cuando llegan los buenos ves que es incre\u00edble\u00bb.<\/p>\n<p><img decoding=\"async\" src=\"https:\/\/www.europesays.com\/es\/wp-content\/uploads\/2025\/12\/enrique-iglesias_4a422ae2_251002120119_800x800.webp.webp\" alt=\"enrique iglesias\" class=\"image lazyload\"\/><img loading=\"lazy\" decoding=\"async\" src=\"https:\/\/www.europesays.com\/es\/wp-content\/uploads\/2025\/12\/enrique-iglesias_4a422ae2_251002120123_1280x720.webp.webp\" alt=\"Enrique Iglesias felicita a su madre Isabel Preysler por su autobiograf\u00eda con un tierno recuerdo: &quot;Qu\u00e9 vida tan incre\u00edble&quot;\" class=\"image lazyload\" width=\"1280\" height=\"720\" data-aspectratio=\"1280\/720\"\/><\/p>\n<blockquote class=\"instagram-media\" data-instgrm-captioned=\"\" data-instgrm-permalink=\"https:\/\/www.instagram.com\/p\/BxumM-Phh5A\/?utm_source=ig_embed&amp;utm_campaign=loading\" data-instgrm-version=\"14\" style=\" background:#FFF; border:0; border-radius:3px; box-shadow:0 0 1px 0 rgba(0,0,0,0.5),0 1px 10px 0 rgba(0,0,0,0.15); margin: 1px; max-width:540px; min-width:326px; padding:0; width:99.375%; width:-webkit-calc(100% - 2px); width:calc(100% - 2px);\"\/>\n<p>En cualquier caso, Iglesias se deshace en halagos hacia la madre de sus hijos, siendo muy directo respecto a lo que siente por Kournikova, la mujer de su vida: \u00ab<strong>Anna es la mejor. Sabe que amo mi trabajo, as\u00ed que siempre me apoya y est\u00e1 detr\u00e1s de todo lo que hago<\/strong>\u00ab. Y es que Enrique ha intentado pasar m\u00e1s tiempo en familia en los \u00faltimos a\u00f1os, llevando a cabo menos conciertos seguidos para poder estar al lado de su pareja y de sus hijos, su gran prioridad.\u00a0<\/p>\n<p><img loading=\"lazy\" decoding=\"async\"   src=\"https:\/\/www.europesays.com\/es\/wp-content\/uploads\/2025\/12\/enrique-anna-kournikova_00000000_46db405c_251229101942_1200x799.webp.webp\" alt=\"enrique-anna-kournikova\" class=\"lazyload\" width=\"1200\" height=\"799\" data-aspectratio=\"1200\/799\"\/><\/p>\n<p>Sobre su relaci\u00f3n, el cantante coment\u00f3 hace tiempo que\u00a0\u00abAnna es la mejor. Sabe que amo mi trabajo, as\u00ed que siempre me apoya y est\u00e1 detr\u00e1s de todo lo que hago\u00bb.<\/p>\n<p>&#13;<\/p>\n<p>\u201c<strong>Cuando ahora estoy un poco deprimido voy a ver a mis hijos <\/strong>y me digo: \u2018Pero c\u00f3mo puedo ser tan ego\u00edsta de estar de baj\u00f3n por tal o cual cosa teniendo esto aqu\u00ed\u2019. Mientras mis dos beb\u00e9s est\u00e9n felices y yo sea buen padre, el resto es secundario\u201d, explicaba en una entrevista a &#8216;El Pa\u00eds&#8217;, siendo el mejor regalo que le ha podido hacer la vida.<\/p>\n<p><script async src=\"\/\/www.instagram.com\/embed.js\"><\/script><\/p>\n","protected":false},"excerpt":{"rendered":"Se conocieron cuando ella form\u00f3 parte del videoclip de \u2018Escape\u2019, uno de los mayores hits del cantante, y&hellip;\n","protected":false},"author":2,"featured_media":312036,"comment_status":"","ping_status":"","sticky":false,"template":"","format":"standard","meta":{"footnotes":""},"categories":[174],"tags":[255,146,147,25,24,256,23],"class_list":{"0":"post-312035","1":"post","2":"type-post","3":"status-publish","4":"format-standard","5":"has-post-thumbnail","7":"category-famosos","8":"tag-celebrities","9":"tag-entertainment","10":"tag-entretenimiento","11":"tag-es","12":"tag-espana","13":"tag-famosos","14":"tag-spain"},"share_on_mastodon":{"url":"https:\/\/pubeurope.com\/@es\/115802973836738573","error":""},"_links":{"self":[{"href":"https:\/\/www.europesays.com\/es\/wp-json\/wp\/v2\/posts\/312035","targetHints":{"allow":["GET"]}}],"collection":[{"href":"https:\/\/www.europesays.com\/es\/wp-json\/wp\/v2\/posts"}],"about":[{"href":"https:\/\/www.europesays.com\/es\/wp-json\/wp\/v2\/types\/post"}],"author":[{"embeddable":true,"href":"https:\/\/www.europesays.com\/es\/wp-json\/wp\/v2\/users\/2"}],"replies":[{"embeddable":true,"href":"https:\/\/www.europesays.com\/es\/wp-json\/wp\/v2\/comments?post=312035"}],"version-history":[{"count":0,"href":"https:\/\/www.europesays.com\/es\/wp-json\/wp\/v2\/posts\/312035\/revisions"}],"wp:featuredmedia":[{"embeddable":true,"href":"https:\/\/www.europesays.com\/es\/wp-json\/wp\/v2\/media\/312036"}],"wp:attachment":[{"href":"https:\/\/www.europesays.com\/es\/wp-json\/wp\/v2\/media?parent=312035"}],"wp:term":[{"taxonomy":"category","embeddable":true,"href":"https:\/\/www.europesays.com\/es\/wp-json\/wp\/v2\/categories?post=312035"},{"taxonomy":"post_tag","embeddable":true,"href":"https:\/\/www.europesays.com\/es\/wp-json\/wp\/v2\/tags?post=312035"}],"curies":[{"name":"wp","href":"https:\/\/api.w.org\/{rel}","templated":true}]}}