{"id":312039,"date":"2025-12-29T13:00:07","date_gmt":"2025-12-29T13:00:07","guid":{"rendered":"https:\/\/www.europesays.com\/es\/312039\/"},"modified":"2025-12-29T13:00:07","modified_gmt":"2025-12-29T13:00:07","slug":"ortega-cano-anuncia-acciones-legales-contra-vamos-a-ver-por-lo-emitido-una-intromision-ilegitima","status":"publish","type":"post","link":"https:\/\/www.europesays.com\/es\/312039\/","title":{"rendered":"Ortega Cano anuncia acciones legales contra &#8216;Vamos a ver&#8217; por lo emitido: \u00abUna intromisi\u00f3n ileg\u00edtima\u00bb"},"content":{"rendered":"<p style=\"\">&#8216;Vamos a ver&#8217; (<a href=\"https:\/\/www.abc.es\/noticias\/telecinco\/\" target=\"_self\" data-voc-vtm-id=\"in-text-traffic\" title=\"Telecinco\" data-mrf-link=\"www.abc.es\" rel=\"nofollow noopener\">Telecinco<\/a>) no pasa por su mejor momento. El programa de Mediaset est\u00e1 teniendo un inicio de curso que est\u00e1 dando mucho de qu\u00e9 hablar. Y es que, el cambio de presentador, de horario, la salida abrupta de <a href=\"https:\/\/www.abc.es\/noticias\/alessandro-lequio\/\" target=\"_self\" data-voc-vtm-id=\"in-text-traffic\" title=\"Alessandro Lecquio\" data-mrf-link=\"www.abc.es\" rel=\"nofollow noopener\">Alessandro Lecquio<\/a>  &#8230; y las malas audiencias lo est\u00e1n poniendo en una tesitura complicada, despu\u00e9s de que la cadena, adem\u00e1s, anunciara que tras las vacaciones navide\u00f1as el espacio de Patricia Pardo sufrir\u00e1 un recorte en su horario con motivo del reajuste de contenidos que va a haber en las ma\u00f1anas. Pues bien, a todo ello, ahora hay que sumarle que<strong> Ortega Cano<\/strong> ha anunciado <strong>acciones legales<\/strong> contra el matinal por \u00abintromisi\u00f3n en la intimidad\u00bb despu\u00e9s de que el pasado viernes el espacio emitiera una conversaci\u00f3n privada suya.<\/p>\n<p class=\"voc-p\" style=\"\">Todo ocurr\u00eda el pasado viernes cuando &#8216;<strong>Vamos a ver&#8217;<\/strong> emit\u00eda una conversaci\u00f3n privada entre <strong>Ortega Cano<\/strong> y Patricia Donoso sin el consentimiento del torero. As\u00ed, inmediatamente Gloria Camila reaccionaba publicando en sus redes sociales un comunicado de su padre se\u00f1alando al <a href=\"https:\/\/www.abc.es\/play\/television\/noticias\/alejandra-rubio-levanta-ampollas-vamos-ver-declarar-20251223100422-nt.html\" target=\"_self\" data-voc-vtm-id=\"in-text-traffic\" title=\"programa\" data-mrf-link=\"www.abc.es\" rel=\"nofollow noopener\">programa<\/a> de Telecinco.<\/p>\n<p class=\"voc-p\" style=\"\">\u00abPor medio del presente escrito, D. <strong>Jos\u00e9 Mar\u00eda Ortega Cano<\/strong>, formula queja formal por la grabaci\u00f3n de una conversaci\u00f3n telef\u00f3nica privada y su posterior cesi\u00f3n y emisi\u00f3n en un programa de televisi\u00f3n emitido por esa entidad, todo ello sin el consentimiento del afectado\u00bb, comenzaba diciendo el comunicado del torero. \u00abEn concreto, una tercera persona, que no ostenta la condici\u00f3n de periodista ni actuaba en el ejercicio de funci\u00f3n informativa alguna, realiz\u00f3 una grabaci\u00f3n unilateral de una llamada telef\u00f3nica privada\u00bb, se\u00f1ala el texto. \u00abGrabaci\u00f3n que fue posteriormente facilitada a un programa de televisi\u00f3n y difundida p\u00fablicamente, vulnerando gravemente sus derechos fundamentales. Dicha actuaci\u00f3n constituye una<strong> intromisi\u00f3n ileg\u00edtima<\/strong> en el derecho a la intimidad personal y al secreto de las comunicaciones, as\u00ed como en el derecho a la propia imagen y a la voz. Derechos reconocidos en el art\u00edculo 18 de la Constituci\u00f3n Espa\u00f1ola y desarrollados por la Ley Org\u00e1nica 1\/1982, al tratarse de una conversaci\u00f3n privada difundida sin autorizaci\u00f3n y fuera de cualquier inter\u00e9s informativo leg\u00edtimo\u00ab\u00bb, reza el comunicado de Ortega Cano que continuaba haciendo un repaso a la ley.<\/p>\n<p class=\"voc-p\" style=\"\">\u00abAsimismo, la grabaci\u00f3n y difusi\u00f3n de la conversaci\u00f3n telef\u00f3nica sin base legal supone una infracci\u00f3n grave de la normativa de protecci\u00f3n de datos personales, en particular del Reglamento (UE) 2016\/679 (RGPD) y de la Ley Org\u00e1nica 3\/2018 (LOPDGDD), al haberse producido un tratamiento il\u00edcito de datos personales, incluyendo datos de voz y contenido personal de una comunicaci\u00f3n privada\u00bb, indicaba la publicaci\u00f3n de<strong> Gloria Camila<\/strong> que se\u00f1alaba directa a &#8216;<strong>Vamos a ver<\/strong>&#8216;.<\/p>\n<p>\nOrtega Cano avisa a &#8216;Vamos a ver&#8217;\n<\/p>\n<p class=\"voc-p\" style=\"\">\u00abPor todo lo expuesto, se les requiere para que procedan de manera inmediata a el cese inmediato de cualquier emisi\u00f3n, reproducci\u00f3n o difusi\u00f3n de la conversaci\u00f3n telef\u00f3nica grabada y la retirada \u00edntegra del contenido de todas las plataformas, repositorios, archivos y medios bajo su control\u00bb, ped\u00eda el comunicado al <a href=\"https:\/\/www.abc.es\/play\/television\/noticias\/amonestan-cristina-tarrega-tras-sentenciar-manera-fulminante-20251105093437-nt.html\" target=\"_self\" data-voc-vtm-id=\"in-text-traffic\" title=\"programa\" data-mrf-link=\"www.abc.es\" rel=\"nofollow noopener\">programa<\/a> de <strong>Telecinco<\/strong> al que avisaba. \u00abSe les advierte expresamente que, en caso de no atender el presente requerimiento, se ejercitar\u00e1n las <strong>acciones legales<\/strong> que asisten a D. Jos\u00e9 Mar\u00eda Ortega Cano Tanto por la v\u00eda civil, solicitando la correspondiente indemnizaci\u00f3n por los da\u00f1os morales y perjuicios causados, como por la v\u00eda administrativa ante la Agencia Espa\u00f1ola de Protecci\u00f3n de Datos, sin perjuicio de las acciones penales que pudieran corresponder por la vulneraci\u00f3n del derecho al secreto de las comunicaciones\u00bb, manifestaba Ortega Cano en el comunicado publicado por Gloria Camila. \u00abEl presente escrito se remite como requerimiento previo a la interposici\u00f3n de acciones legales, a los efectos oportunos\u00bb, zanjaba el torero.<\/p>\n","protected":false},"excerpt":{"rendered":"&#8216;Vamos a ver&#8217; (Telecinco) no pasa por su mejor momento. El programa de Mediaset est\u00e1 teniendo un inicio&hellip;\n","protected":false},"author":2,"featured_media":312040,"comment_status":"","ping_status":"","sticky":false,"template":"","format":"standard","meta":{"footnotes":""},"categories":[171],"tags":[112,4187,15377,26680,146,147,25,24,73345,73344,2732,4813,23,214,4709,809],"class_list":{"0":"post-312039","1":"post","2":"type-post","3":"status-publish","4":"format-standard","5":"has-post-thumbnail","7":"category-tv","8":"tag-acciones","9":"tag-anuncia","10":"tag-cano","11":"tag-emitido","12":"tag-entertainment","13":"tag-entretenimiento","14":"tag-es","15":"tag-espana","16":"tag-ilegitima","17":"tag-intromision","18":"tag-legales","19":"tag-ortega","20":"tag-spain","21":"tag-tv","22":"tag-vamos","23":"tag-ver"},"share_on_mastodon":{"url":"","error":""},"_links":{"self":[{"href":"https:\/\/www.europesays.com\/es\/wp-json\/wp\/v2\/posts\/312039","targetHints":{"allow":["GET"]}}],"collection":[{"href":"https:\/\/www.europesays.com\/es\/wp-json\/wp\/v2\/posts"}],"about":[{"href":"https:\/\/www.europesays.com\/es\/wp-json\/wp\/v2\/types\/post"}],"author":[{"embeddable":true,"href":"https:\/\/www.europesays.com\/es\/wp-json\/wp\/v2\/users\/2"}],"replies":[{"embeddable":true,"href":"https:\/\/www.europesays.com\/es\/wp-json\/wp\/v2\/comments?post=312039"}],"version-history":[{"count":0,"href":"https:\/\/www.europesays.com\/es\/wp-json\/wp\/v2\/posts\/312039\/revisions"}],"wp:featuredmedia":[{"embeddable":true,"href":"https:\/\/www.europesays.com\/es\/wp-json\/wp\/v2\/media\/312040"}],"wp:attachment":[{"href":"https:\/\/www.europesays.com\/es\/wp-json\/wp\/v2\/media?parent=312039"}],"wp:term":[{"taxonomy":"category","embeddable":true,"href":"https:\/\/www.europesays.com\/es\/wp-json\/wp\/v2\/categories?post=312039"},{"taxonomy":"post_tag","embeddable":true,"href":"https:\/\/www.europesays.com\/es\/wp-json\/wp\/v2\/tags?post=312039"}],"curies":[{"name":"wp","href":"https:\/\/api.w.org\/{rel}","templated":true}]}}