{"id":312045,"date":"2025-12-29T13:03:22","date_gmt":"2025-12-29T13:03:22","guid":{"rendered":"https:\/\/www.europesays.com\/es\/312045\/"},"modified":"2025-12-29T13:03:22","modified_gmt":"2025-12-29T13:03:22","slug":"el-sevilla-fc-trabaja-sin-peque-suazo-ni-vargas","status":"publish","type":"post","link":"https:\/\/www.europesays.com\/es\/312045\/","title":{"rendered":"El Sevilla FC trabaja sin Peque, Suazo ni Vargas"},"content":{"rendered":"<p>29\/12\/2025<br \/>\n<br \/><strong><br \/>\nActualizado a las 11:08h.<br \/>\n<\/strong><\/p>\n<p class=\"voc-p\" style=\"\">El <strong>Sevilla FC<\/strong> ha encadenado su segundo d\u00eda de trabajo tras las vacaciones de Navidad. Los hombres de <strong>Mat\u00edas Almeyda<\/strong> preparan el partido ante el Levante, que tendr\u00e1 lugar este pr\u00f3ximo domingo a las 14.00 horas. Un duelo con el que el  &#8230; cuadro hispalense intentar\u00e1 recuperar sensaciones tras su eliminaci\u00f3n en la <strong>Copa del Rey<\/strong> en Mendizorroza y una derrota m\u00e1s en el Bernab\u00e9u. <\/p>\n<p class=\"voc-p\" style=\"\">Para los blanquirrojos es vital volver a la senda de los buenos resultados ante un colista que acaba de cambiar de entrenador. Ahora se presentan <strong>dos duelos consecutivos en casa<\/strong>, Levante y Celta, propicios para seguir asegurando el proyecto de Almeyda mientras se desarrolla el mercado de invierno. <\/p>\n<p class=\"voc-p\" style=\"\">En la jornada de este lunes, han destacado las ausencias de Suazo, Vargas y Peque. El suizo adelant\u00f3 su regreso al trabajo el pasado s\u00e1bado, pero hoy no se ha ejercitado junto a sus compa\u00f1eros. S\u00ed han estado <strong>C\u00e9sar Azpilicueta<\/strong> y <strong>Tanguy Nianzou<\/strong>. Los centrales ya se dejaron ver ayer por la ciudad deportiva y encadenan otra sesi\u00f3n m\u00e1s de entrenamiento, dos recuperaciones muy valiosas para Almeyda, el cual ha perdido a Marcao para los pr\u00f3ximos seis encuentros. <\/p>\n<p class=\"voc-p\" style=\"\">Precisamente, Almeyda no podr\u00e1 estar en el banquillo ante el Levante por tambi\u00e9n estar suspendido tras su expulsi\u00f3n durante el descanso del <strong>Real Madrid &#8211; Sevilla<\/strong> en el Bernab\u00e9u. <\/p>\n<p>\nArt\u00edculo solo para suscriptores\n<\/p>\n<p>Reportar un error<\/p>\n","protected":false},"excerpt":{"rendered":"29\/12\/2025 Actualizado a las 11:08h. El Sevilla FC ha encadenado su segundo d\u00eda de trabajo tras las vacaciones&hellip;\n","protected":false},"author":2,"featured_media":312046,"comment_status":"","ping_status":"","sticky":false,"template":"","format":"standard","meta":{"footnotes":""},"categories":[93],"tags":[168,25,24,25611,1171,23,167,6450,2646,1362],"class_list":{"0":"post-312045","1":"post","2":"type-post","3":"status-publish","4":"format-standard","5":"has-post-thumbnail","7":"category-deportes","8":"tag-deportes","9":"tag-es","10":"tag-espana","11":"tag-peque","12":"tag-sevilla","13":"tag-spain","14":"tag-sports","15":"tag-suazo","16":"tag-trabaja","17":"tag-vargas"},"share_on_mastodon":{"url":"https:\/\/pubeurope.com\/@es\/115802997019948842","error":""},"_links":{"self":[{"href":"https:\/\/www.europesays.com\/es\/wp-json\/wp\/v2\/posts\/312045","targetHints":{"allow":["GET"]}}],"collection":[{"href":"https:\/\/www.europesays.com\/es\/wp-json\/wp\/v2\/posts"}],"about":[{"href":"https:\/\/www.europesays.com\/es\/wp-json\/wp\/v2\/types\/post"}],"author":[{"embeddable":true,"href":"https:\/\/www.europesays.com\/es\/wp-json\/wp\/v2\/users\/2"}],"replies":[{"embeddable":true,"href":"https:\/\/www.europesays.com\/es\/wp-json\/wp\/v2\/comments?post=312045"}],"version-history":[{"count":0,"href":"https:\/\/www.europesays.com\/es\/wp-json\/wp\/v2\/posts\/312045\/revisions"}],"wp:featuredmedia":[{"embeddable":true,"href":"https:\/\/www.europesays.com\/es\/wp-json\/wp\/v2\/media\/312046"}],"wp:attachment":[{"href":"https:\/\/www.europesays.com\/es\/wp-json\/wp\/v2\/media?parent=312045"}],"wp:term":[{"taxonomy":"category","embeddable":true,"href":"https:\/\/www.europesays.com\/es\/wp-json\/wp\/v2\/categories?post=312045"},{"taxonomy":"post_tag","embeddable":true,"href":"https:\/\/www.europesays.com\/es\/wp-json\/wp\/v2\/tags?post=312045"}],"curies":[{"name":"wp","href":"https:\/\/api.w.org\/{rel}","templated":true}]}}