{"id":312051,"date":"2025-12-29T13:06:07","date_gmt":"2025-12-29T13:06:07","guid":{"rendered":"https:\/\/www.europesays.com\/es\/312051\/"},"modified":"2025-12-29T13:06:07","modified_gmt":"2025-12-29T13:06:07","slug":"curso-becado-de-atencion-sociosanitaria-a-personas-dependientes-en-instituciones-sociales-en-jimena-de-la-frontera","status":"publish","type":"post","link":"https:\/\/www.europesays.com\/es\/312051\/","title":{"rendered":"Curso becado de atenci\u00f3n sociosanitaria a personas dependientes en instituciones sociales en Jimena de la Frontera"},"content":{"rendered":"<p>El Ayuntamiento de Jimena de la Frontera publica la convocatoria del curso de \u2018Atenci\u00f3n Sociosanitaria a Personas Dependientes en Instituciones Sociales\u2019 promovido por el Instituto de Empleo y Desarrollo Socioecon\u00f3mico y Tecnol\u00f3gico de la Diputaci\u00f3n de C\u00e1diz y confinanciado por el Fondo Social Europeo.<\/p>\n<p>Se trata de un curso de 5 meses para personas desempleadas que pretende mejorar la empleabilidad de aquellos colectivos de personas que presentan una mayor vulnerabilidad para acceder al mercado de trabajo.<\/p>\n<p>El curso est\u00e1 previsto que comience en marzo y podr\u00e1n beneficiarse doce personas becadas. Se impartir\u00e1 en el Centro Cultural Reina Sof\u00eda en la Estaci\u00f3n de Jimena de 09:00 a 14:00 horas.<\/p>\n<p>La solicitud para inscribirse se presenta a trav\u00e9s de la sede electr\u00f3nica de la Diputaci\u00f3n de C\u00e1diz. El plazo son 20 d\u00edas h\u00e1biles a contar desde el lunes 29 de diciembre.<\/p>\n<p>Para m\u00e1s informaci\u00f3n o consulta acudir a la Oficina de Fomento y Empleo del Ayuntamiento de Jimena de la Frontera.<\/p>\n<p style=\"text-align: center;\"><img loading=\"lazy\" decoding=\"async\" src=\"https:\/\/www.europesays.com\/es\/wp-content\/uploads\/2025\/12\/WhatsApp_Image_2025-12-29_at_120557_PM.jpeg\" alt=\"\" width=\"519\" height=\"648\"\/><\/p>\n","protected":false},"excerpt":{"rendered":"El Ayuntamiento de Jimena de la Frontera publica la convocatoria del curso de \u2018Atenci\u00f3n Sociosanitaria a Personas Dependientes&hellip;\n","protected":false},"author":2,"featured_media":312052,"comment_status":"","ping_status":"","sticky":false,"template":"","format":"standard","meta":{"footnotes":""},"categories":[81],"tags":[1250,119,123,124,25,24,16498,4899,117,121,122,23,118,120],"class_list":{"0":"post-312051","1":"post","2":"type-post","3":"status-publish","4":"format-standard","5":"has-post-thumbnail","7":"category-ciencia-y-tecnologia","8":"tag-ayuntamiento","9":"tag-ciencia","10":"tag-ciencia-y-tecnologia","11":"tag-cienciaytecnologia","12":"tag-es","13":"tag-espana","14":"tag-jimena","15":"tag-pueblo","16":"tag-science","17":"tag-science-and-technology","18":"tag-scienceandtechnology","19":"tag-spain","20":"tag-technology","21":"tag-tecnologia"},"share_on_mastodon":{"url":"https:\/\/pubeurope.com\/@es\/115803008787658787","error":""},"_links":{"self":[{"href":"https:\/\/www.europesays.com\/es\/wp-json\/wp\/v2\/posts\/312051","targetHints":{"allow":["GET"]}}],"collection":[{"href":"https:\/\/www.europesays.com\/es\/wp-json\/wp\/v2\/posts"}],"about":[{"href":"https:\/\/www.europesays.com\/es\/wp-json\/wp\/v2\/types\/post"}],"author":[{"embeddable":true,"href":"https:\/\/www.europesays.com\/es\/wp-json\/wp\/v2\/users\/2"}],"replies":[{"embeddable":true,"href":"https:\/\/www.europesays.com\/es\/wp-json\/wp\/v2\/comments?post=312051"}],"version-history":[{"count":0,"href":"https:\/\/www.europesays.com\/es\/wp-json\/wp\/v2\/posts\/312051\/revisions"}],"wp:featuredmedia":[{"embeddable":true,"href":"https:\/\/www.europesays.com\/es\/wp-json\/wp\/v2\/media\/312052"}],"wp:attachment":[{"href":"https:\/\/www.europesays.com\/es\/wp-json\/wp\/v2\/media?parent=312051"}],"wp:term":[{"taxonomy":"category","embeddable":true,"href":"https:\/\/www.europesays.com\/es\/wp-json\/wp\/v2\/categories?post=312051"},{"taxonomy":"post_tag","embeddable":true,"href":"https:\/\/www.europesays.com\/es\/wp-json\/wp\/v2\/tags?post=312051"}],"curies":[{"name":"wp","href":"https:\/\/api.w.org\/{rel}","templated":true}]}}