{"id":312055,"date":"2025-12-29T13:08:11","date_gmt":"2025-12-29T13:08:11","guid":{"rendered":"https:\/\/www.europesays.com\/es\/312055\/"},"modified":"2025-12-29T13:08:11","modified_gmt":"2025-12-29T13:08:11","slug":"archidiocesis-de-madrid-la-comision-diocesana-de-justicia-y-paz-de-madrid-invita-a-celebrar-la-jornada-mundial-de-la-paz","status":"publish","type":"post","link":"https:\/\/www.europesays.com\/es\/312055\/","title":{"rendered":"Archidiocesis de Madrid &#8211; La Comisi\u00f3n Diocesana de Justicia y Paz de Madrid invita a celebrar la Jornada Mundial de la Paz"},"content":{"rendered":"<p>En el <a href=\"https:\/\/www.vatican.va\/content\/leo-xiv\/es\/messages\/urbi\/documents\/20251225-urbi-et-orbi-natale.html\" rel=\"nofollow noopener\" target=\"_blank\"><strong>mensaje de Navidad Urbi et orbi, el papa Le\u00f3n XIV<\/strong><\/a> se refiri\u00f3 a la paz. \u00abHermanas y hermanos, este es el camino de la paz: la responsabilidad. Si cada uno de nosotros, a todos los niveles, en lugar de acusar a los dem\u00e1s, reconociera ante todo sus propias faltas y pidiera perd\u00f3n a Dios, y al mismo tiempo se pusiera en el lugar de quienes sufren, fuera solidario con los m\u00e1s d\u00e9biles y oprimidos, entonces el mundo cambiar\u00eda\u00bb.<\/p>\n<p>Asimismo, en su <a href=\"https:\/\/press.vatican.va\/content\/salastampa\/es\/bollettino\/pubblico\/2025\/12\/18\/181225a0.html\" rel=\"nofollow noopener\" target=\"_blank\"><strong>mensaje para la 59\u00aa Jornada Mundial de la Paz<\/strong><\/a>, que se celebra el <strong>1 de enero de 2026<\/strong>, que lleva por t\u00edtulo \u201cLa paz est\u00e9 con todos ustedes: hacia una paz \u201cdesarmada y desarmante\u201d. \u00ab\u00a1La paz est\u00e9 contigo!\u00bb, as\u00ed comienza el Santo Padre su mensaje en el que destaca la paz como \u00abpalabra\u00bb de Jes\u00fas resucitado. \u00abEs su palabra, que no s\u00f3lo desea, sino que realiza un cambio definitivo en quien la recibe y, de ese modo, en toda la realidad\u00bb.<\/p>\n<p>El centro del mensaje, afirma la <strong>presidenta de la <a href=\"https:\/\/madrid.juspax-es.org\/products\/vigilia-de-oracion-por-la-paz-9-de-enero-2026\/\" rel=\"nofollow noopener\" target=\"_blank\">Comisi\u00f3n diocesana de Justicia y Paz de Madrid, Covadonga de Mata<\/a><\/strong>, sin duda, \u00abes el saludo de Jes\u00fas resucitado\u00bb. <strong>La paz est\u00e9 con ustedes.<\/strong> Una paz transformadora que vence el miedo, desarma los corazones del ego\u00edsmo y la indiferencia y env\u00eda a las personas a ser constructoras de reconciliaci\u00f3n.<\/p>\n<p>Adem\u00e1s, el Santo Padre denuncia la normalizaci\u00f3n de la cultura de la guerra, el gasto y el uso de las nuevas tecnolog\u00edas en los conflictos, se\u00f1alando que la seguridad basada en las armas no conduce a una paz verdadera. Frente a ello, nos propone que personas, comunidades y naciones \u00absean casas de paz, fomentando el di\u00e1logo, el perd\u00f3n y la empat\u00eda\u00bb.<\/p>\n<p>Tambi\u00e9n afirma que \u00abla fe no puede justificar ni la violencia ni el nacionalismo\u00bb, y \u00ab<strong>anima a las religiones a ser puentes de encuentro y reconciliaci\u00f3n<\/strong>\u00bb. En este sentido, \u00abla paz se presenta no como una utop\u00eda, sino como un camino concreto de vida que comienza con la conversi\u00f3n del coraz\u00f3n y se extiende a las relaciones humanas y pol\u00edticas mediante la confianza, el respeto y el di\u00e1logo\u00bb.<\/p>\n<p><strong>Vigilia de Oraci\u00f3n por la Paz<\/strong><\/p>\n<p>La <strong>Comisi\u00f3n Diocesana de Justicia y Paz de Madrid<\/strong> convoca una <strong>Vigilia de Oraci\u00f3n por la Paz<\/strong> con motivo de la <strong>Jornada Mundial por la Paz<\/strong>, una cita que la Iglesia celebra cada <strong>1 de enero<\/strong> y que invita a reflexionar y rezar por la reconciliaci\u00f3n entre los pueblos, el fin de los conflictos y la construcci\u00f3n de una convivencia m\u00e1s justa y fraterna.<\/p>\n<p>La vigilia tendr\u00e1 lugar el <strong>viernes 9 de enero, a las 19:30 horas<\/strong>, en la <strong>catedral de Santa Mar\u00eda la Real de la Almudena<\/strong> (calle Bail\u00e9n, 10, 28013 Madrid), y estar\u00e1 presidida por el <strong>obispo auxiliar de Madrid, Vicente Mart\u00edn Mu\u00f1oz<\/strong>. Se podr\u00e1 seguir en directo por el <strong>canal de YouTube de la Archidi\u00f3cesis de Madrid.<\/strong><\/p>\n<p>Este encuentro de oraci\u00f3n se enmarca en el compromiso de la Iglesia diocesana por promover la paz desde el Evangelio, especialmente en un contexto internacional marcado por guerras, violencia y situaciones de sufrimiento que afectan a millones de personas. La vigilia est\u00e1 abierta a todos los fieles que deseen unirse en oraci\u00f3n por la paz en el mundo.<\/p>\n<p>\u00abOs animamos a participar en esta vigilia y deseamos, que esa \u00abPaz est\u00e9 con ustedes, la paz de Jes\u00fas habite en nuestros corazones\u00bb, concluye Covadonga de Mata.<\/p>\n","protected":false},"excerpt":{"rendered":"En el mensaje de Navidad Urbi et orbi, el papa Le\u00f3n XIV se refiri\u00f3 a la paz. \u00abHermanas&hellip;\n","protected":false},"author":2,"featured_media":312056,"comment_status":"","ping_status":"","sticky":false,"template":"","format":"standard","meta":{"footnotes":""},"categories":[42],"tags":[45720,17,18,13,14,11,45721,61,62,63,64,19,20,9,10,15,16,45722,45723,45724,5603,45725,12,21,22,65,66,67],"class_list":{"0":"post-312055","1":"post","2":"type-post","3":"status-publish","4":"format-standard","5":"has-post-thumbnail","7":"category-internacional","8":"tag-archidiocesis-de-madrid","9":"tag-breaking-news","10":"tag-breakingnews","11":"tag-featured-news","12":"tag-featurednews","13":"tag-headlines","14":"tag-iglesia-en-madrid","15":"tag-internacional","16":"tag-international","17":"tag-international-news","18":"tag-internationalnews","19":"tag-latest-news","20":"tag-latestnews","21":"tag-news","22":"tag-noticias","23":"tag-noticias-destacadas","24":"tag-noticiasdestacadas","25":"tag-obispado-de-madrid","26":"tag-oracion-y-liturgia","27":"tag-parroquias-de-madrid","28":"tag-religion","29":"tag-templos-de-madrid","30":"tag-titulares","31":"tag-ultimas-noticias","32":"tag-ultimasnoticias","33":"tag-world","34":"tag-world-news","35":"tag-worldnews"},"share_on_mastodon":{"url":"","error":"Validation failed: Text character limit of 500 exceeded"},"_links":{"self":[{"href":"https:\/\/www.europesays.com\/es\/wp-json\/wp\/v2\/posts\/312055","targetHints":{"allow":["GET"]}}],"collection":[{"href":"https:\/\/www.europesays.com\/es\/wp-json\/wp\/v2\/posts"}],"about":[{"href":"https:\/\/www.europesays.com\/es\/wp-json\/wp\/v2\/types\/post"}],"author":[{"embeddable":true,"href":"https:\/\/www.europesays.com\/es\/wp-json\/wp\/v2\/users\/2"}],"replies":[{"embeddable":true,"href":"https:\/\/www.europesays.com\/es\/wp-json\/wp\/v2\/comments?post=312055"}],"version-history":[{"count":0,"href":"https:\/\/www.europesays.com\/es\/wp-json\/wp\/v2\/posts\/312055\/revisions"}],"wp:featuredmedia":[{"embeddable":true,"href":"https:\/\/www.europesays.com\/es\/wp-json\/wp\/v2\/media\/312056"}],"wp:attachment":[{"href":"https:\/\/www.europesays.com\/es\/wp-json\/wp\/v2\/media?parent=312055"}],"wp:term":[{"taxonomy":"category","embeddable":true,"href":"https:\/\/www.europesays.com\/es\/wp-json\/wp\/v2\/categories?post=312055"},{"taxonomy":"post_tag","embeddable":true,"href":"https:\/\/www.europesays.com\/es\/wp-json\/wp\/v2\/tags?post=312055"}],"curies":[{"name":"wp","href":"https:\/\/api.w.org\/{rel}","templated":true}]}}