{"id":312057,"date":"2025-12-29T13:09:07","date_gmt":"2025-12-29T13:09:07","guid":{"rendered":"https:\/\/www.europesays.com\/es\/312057\/"},"modified":"2025-12-29T13:09:07","modified_gmt":"2025-12-29T13:09:07","slug":"ayuntamiento-de-benalmadena-4","status":"publish","type":"post","link":"https:\/\/www.europesays.com\/es\/312057\/","title":{"rendered":"Ayuntamiento de Benalm\u00e1dena"},"content":{"rendered":"<p><strong>\u00b7 \u00a0 \u00a0El 31 de diciembre por la tarde actuar\u00e1n los grupos Nuevo D\u00eda y Kalima en Benalm\u00e1dena Pueblo, y por la noche en Arroyo de la Miel la Orquesta Rompeolas y Albore\u00e1. La gran novedad ser\u00e1 una pantalla gigante de 20 metros cuadrados para seguir las campanadas en la plaza de la Mezquita.<\/strong><br \/><strong>La Delegaci\u00f3n de Fiestas y Tradiciones Populares del Ayuntamiento de Benalm\u00e1dena ha presentado la programaci\u00f3n para la celebraci\u00f3n de la Nochevieja, con dos grandes citas para despedir el a\u00f1o en el municipio.<br \/><\/strong><br \/>La primera cita tendr\u00e1 lugar el 31 de diciembre a las 15:00 horas en la plaza de las Tres Culturas de Benalm\u00e1dena Pueblo, con la \u2018Gran Fiesta Tardeo\u2019 en la que actuar\u00e1n los grupos Nuevo D\u00eda y Kalima. La edil de Festejos y Tradiciones Populares, Yolanda Pe\u00f1a, ha destacado que \u201cesta actividad pretende ofrecer a vecinos y visitantes un ambiente festivo durante la tarde, con m\u00fasica y diversi\u00f3n para todos los p\u00fablicos\u201d.<br \/>Ya por la noche, a partir de las 23:30 horas, la celebraci\u00f3n se trasladar\u00e1 a la plaza de la Mezquita en Arroyo de la Miel, con la \u2018Gran Fiesta de Nochevieja\u2019 a cargo de la Orquesta Rompeolas y Albore\u00e1. La gran novedad de este a\u00f1o ser\u00e1 la instalaci\u00f3n de una pantalla gigante de 20 metros cuadrados, desde la que se podr\u00e1n seguir las campanadas en directo, asegurando que nadie se pierda el momento m\u00e1s esperado de la noche.<br \/>\u201cQueremos que la celebraci\u00f3n de Nochevieja sea un momento \u00fanico para compartir con familiares y amigos, y la pantalla gigante permitir\u00e1 vivir las campanadas en la plaza como si estuvi\u00e9ramos en la Puerta del Sol\u201d, ha a\u00f1adido la edil.<br \/>Ambas fiestas est\u00e1n organizadas por la Delegaci\u00f3n de Fiestas y Tradiciones Populares del Ayuntamiento y forman parte del programa \u2018Vive la Navidad en Benalm\u00e1dena 2025\u2019.<\/p>\n","protected":false},"excerpt":{"rendered":"\u00b7 \u00a0 \u00a0El 31 de diciembre por la tarde actuar\u00e1n los grupos Nuevo D\u00eda y Kalima en Benalm\u00e1dena&hellip;\n","protected":false},"author":2,"featured_media":312058,"comment_status":"","ping_status":"","sticky":false,"template":"","format":"standard","meta":{"footnotes":""},"categories":[8],"tags":[1201,17233,45055,45043,259,45051,45053,45049,45047,45035,1250,45042,45040,17784,45034,45050,45039,45045,17,18,11322,14761,2828,13975,5509,25,24,13,14,11,45046,45054,13084,45048,19,20,45041,3855,195,4911,9,10,15,16,776,9550,4032,45044,2829,23,45052,45038,12,4664,21,22,45036,45037],"class_list":{"0":"post-312057","1":"post","2":"type-post","3":"status-publish","4":"format-standard","5":"has-post-thumbnail","7":"category-espana","8":"tag-alcalde","9":"tag-alojamiento","10":"tag-alojamiento-benalmadena","11":"tag-andaluca","12":"tag-andalucia","13":"tag-apartahoteles-en-benalmadena","14":"tag-apartamentos-benalmadena","15":"tag-apartamentos-benalmadena-costa","16":"tag-apartamentos-en-benalmadena","17":"tag-arroyo-de-la-miel","18":"tag-ayuntamiento","19":"tag-ayuntamiento-de-benalmadena","20":"tag-benalmdena","21":"tag-benalmadena","22":"tag-benalmadena-costa","23":"tag-benalmadena-hoteles","24":"tag-benalmadena-weather","25":"tag-bnalmadena","26":"tag-breaking-news","27":"tag-breakingnews","28":"tag-concejal","29":"tag-consistorio","30":"tag-costa","31":"tag-costa-del-sol","32":"tag-empleo","33":"tag-es","34":"tag-espana","35":"tag-featured-news","36":"tag-featurednews","37":"tag-headlines","38":"tag-hotel-benalmadena","39":"tag-hotel-en-benalmadena","40":"tag-hoteles","41":"tag-hoteles-benalmadena-costa","42":"tag-latest-news","43":"tag-latestnews","44":"tag-mlaga","45":"tag-malaga","46":"tag-mar","47":"tag-marina","48":"tag-news","49":"tag-noticias","50":"tag-noticias-destacadas","51":"tag-noticiasdestacadas","52":"tag-playa","53":"tag-playas","54":"tag-puerto","55":"tag-puerto-marina","56":"tag-sol","57":"tag-spain","58":"tag-teleferico-benalmadena","59":"tag-tiempo-en-benalmadena","60":"tag-titulares","61":"tag-turismo","62":"tag-ultimas-noticias","63":"tag-ultimasnoticias","64":"tag-weather-benalmadena","65":"tag-weather-in-benalmadena"},"share_on_mastodon":{"url":"","error":"Validation failed: Text character limit of 500 exceeded"},"_links":{"self":[{"href":"https:\/\/www.europesays.com\/es\/wp-json\/wp\/v2\/posts\/312057","targetHints":{"allow":["GET"]}}],"collection":[{"href":"https:\/\/www.europesays.com\/es\/wp-json\/wp\/v2\/posts"}],"about":[{"href":"https:\/\/www.europesays.com\/es\/wp-json\/wp\/v2\/types\/post"}],"author":[{"embeddable":true,"href":"https:\/\/www.europesays.com\/es\/wp-json\/wp\/v2\/users\/2"}],"replies":[{"embeddable":true,"href":"https:\/\/www.europesays.com\/es\/wp-json\/wp\/v2\/comments?post=312057"}],"version-history":[{"count":0,"href":"https:\/\/www.europesays.com\/es\/wp-json\/wp\/v2\/posts\/312057\/revisions"}],"wp:featuredmedia":[{"embeddable":true,"href":"https:\/\/www.europesays.com\/es\/wp-json\/wp\/v2\/media\/312058"}],"wp:attachment":[{"href":"https:\/\/www.europesays.com\/es\/wp-json\/wp\/v2\/media?parent=312057"}],"wp:term":[{"taxonomy":"category","embeddable":true,"href":"https:\/\/www.europesays.com\/es\/wp-json\/wp\/v2\/categories?post=312057"},{"taxonomy":"post_tag","embeddable":true,"href":"https:\/\/www.europesays.com\/es\/wp-json\/wp\/v2\/tags?post=312057"}],"curies":[{"name":"wp","href":"https:\/\/api.w.org\/{rel}","templated":true}]}}