{"id":312089,"date":"2025-12-29T13:32:08","date_gmt":"2025-12-29T13:32:08","guid":{"rendered":"https:\/\/www.europesays.com\/es\/312089\/"},"modified":"2025-12-29T13:32:08","modified_gmt":"2025-12-29T13:32:08","slug":"la-carrera-popular-de-los-reyes-magos-en-favor-de-la-campana-ningun-nino-ni-nina-sin-juguete-en-navidad-se-celebrara-el-proximo-domingo","status":"publish","type":"post","link":"https:\/\/www.europesays.com\/es\/312089\/","title":{"rendered":"La Carrera Popular de los Reyes Magos en favor de la campa\u00f1a \u2018Ning\u00fan ni\u00f1o ni ni\u00f1a sin juguete en Navidad\u2019 se celebrar\u00e1 el pr\u00f3ximo domingo"},"content":{"rendered":"<p class=\"MsoBodyText\"><strong>La Carrera Popular Reyes Magos 2026 en favor de la campa\u00f1a \u2018Ning\u00fan ni\u00f1o ni ni\u00f1a sin juguete en Navidad\u2019, <\/strong>de la Asociaci\u00f3n de Reyes Magos de Jerez se celebrar\u00e1 finalmente <strong>el pr\u00f3ximo domingo d\u00eda 4 de enero<\/strong>, quedando abierto este lunes el plazo de inscripciones, hasta el pr\u00f3ximo\u00a0 viernes 2 de enero. Como se recordar\u00e1, este evento estaba\u00a0 previsto para el domingo 28 de diciembre, pero fue aplazado a causa de la lluvia.<\/p>\n<p class=\"MsoBodyText\">Esta carrera solidaria est\u00e1 organizada por el CA Beiman Chap\u00edn Jerez, la Federaci\u00f3n Andaluza de Atletismo, Cl\u00ednicas Beiman y en la misma colaboran la Delegaci\u00f3n de Deportes del Ayuntamiento de Jerez y la Asociaci\u00f3n de Reyes Magos de Jerez.<\/p>\n<p>El delegado de Deportes, Tom\u00e1s Sampalo, ha afirmado que \u201c<strong>participando en esta carrera\u00a0 colaboramos con la Asociaci\u00f3n de Reyes Magos<\/strong> para que todos los ni\u00f1os y ni\u00f1as de Jerez tengan su juguete.\u00a0 No puede haber ni un ni\u00f1o ni una ni\u00f1a de Jerez que no vea atendida su carta a Sus Majestades\u201d. Por todo esto, Tom\u00e1s Sampalo <strong>ha animado a participar en la prueba en la que se han implicado clubes, asociaciones y colectivos.<\/strong><\/p>\n<p>El delegado de Deportes tambi\u00e9n ha\u00a0 puesto en valor el trabajo de la Asociaci\u00f3n de los Reyes Magos ya que \u201cno s\u00f3lo trabajan para que nuestra ciudad luzca como se merece con la cabalgata, sino que llevan a cabo una obra social\u201d y del mismo modo, ha destacado y agradecido la colaboraci\u00f3n de las entidades deportivas organizadoras.<\/p>\n<p><strong>La Carrera Popular de los Reyes Magos abre la participaci\u00f3n a diecisiete categor\u00edas<\/strong> de edades con distancias que van de los 200, 600, 1.000 y 5.000 metros. La prueba de 5.000 metros, a partir de los sub 18, tendr\u00e1 su salida junto al edificio 2002, pasar\u00e1 por las avenidas Rafa Verd\u00fa,\u00a0 Chema Rodr\u00edguez y Lola Flores, para girar camino de vuelta en la glorieta de Biarritz hasta alcanzar la meta en la pradera Laura Delgado \u2018Bimba\u2019 de Chap\u00edn.<\/p>\n<p>La cuota de inscripci\u00f3n para participar en esta carrera solidaria es de 5 euros para la categor\u00eda de sub 18 a m\u00e1ster (5 kil\u00f3metros) y de 3 euros a categor\u00edas inferiores sub 16, 14, 12, 10 y 8. Los dorsales de los participantes inscritos se recoger\u00e1n hasta una hora antes en el lugar de la salida. Se premiar\u00e1 con trofeos a los tres primeros atletas clasificados de cada categor\u00eda de la carrera de 5 kil\u00f3metros y con medallas a los tres primeros de las categor\u00edas menores.<\/p>\n<p>\u00a0<\/p>\n","protected":false},"excerpt":{"rendered":"La Carrera Popular Reyes Magos 2026 en favor de la campa\u00f1a \u2018Ning\u00fan ni\u00f1o ni ni\u00f1a sin juguete en&hellip;\n","protected":false},"author":2,"featured_media":312090,"comment_status":"","ping_status":"","sticky":false,"template":"","format":"standard","meta":{"footnotes":""},"categories":[8],"tags":[17,18,25,24,13,14,11,19,20,9,10,15,16,23,12,21,22],"class_list":{"0":"post-312089","1":"post","2":"type-post","3":"status-publish","4":"format-standard","5":"has-post-thumbnail","7":"category-espana","8":"tag-breaking-news","9":"tag-breakingnews","10":"tag-es","11":"tag-espana","12":"tag-featured-news","13":"tag-featurednews","14":"tag-headlines","15":"tag-latest-news","16":"tag-latestnews","17":"tag-news","18":"tag-noticias","19":"tag-noticias-destacadas","20":"tag-noticiasdestacadas","21":"tag-spain","22":"tag-titulares","23":"tag-ultimas-noticias","24":"tag-ultimasnoticias"},"share_on_mastodon":{"url":"https:\/\/pubeurope.com\/@es\/115803111357030372","error":""},"_links":{"self":[{"href":"https:\/\/www.europesays.com\/es\/wp-json\/wp\/v2\/posts\/312089","targetHints":{"allow":["GET"]}}],"collection":[{"href":"https:\/\/www.europesays.com\/es\/wp-json\/wp\/v2\/posts"}],"about":[{"href":"https:\/\/www.europesays.com\/es\/wp-json\/wp\/v2\/types\/post"}],"author":[{"embeddable":true,"href":"https:\/\/www.europesays.com\/es\/wp-json\/wp\/v2\/users\/2"}],"replies":[{"embeddable":true,"href":"https:\/\/www.europesays.com\/es\/wp-json\/wp\/v2\/comments?post=312089"}],"version-history":[{"count":0,"href":"https:\/\/www.europesays.com\/es\/wp-json\/wp\/v2\/posts\/312089\/revisions"}],"wp:featuredmedia":[{"embeddable":true,"href":"https:\/\/www.europesays.com\/es\/wp-json\/wp\/v2\/media\/312090"}],"wp:attachment":[{"href":"https:\/\/www.europesays.com\/es\/wp-json\/wp\/v2\/media?parent=312089"}],"wp:term":[{"taxonomy":"category","embeddable":true,"href":"https:\/\/www.europesays.com\/es\/wp-json\/wp\/v2\/categories?post=312089"},{"taxonomy":"post_tag","embeddable":true,"href":"https:\/\/www.europesays.com\/es\/wp-json\/wp\/v2\/tags?post=312089"}],"curies":[{"name":"wp","href":"https:\/\/api.w.org\/{rel}","templated":true}]}}