{"id":312091,"date":"2025-12-29T13:33:07","date_gmt":"2025-12-29T13:33:07","guid":{"rendered":"https:\/\/www.europesays.com\/es\/312091\/"},"modified":"2025-12-29T13:33:07","modified_gmt":"2025-12-29T13:33:07","slug":"santa-cruz-consolida-los-presupuestos-participativos-como-motor-de-mejora-social","status":"publish","type":"post","link":"https:\/\/www.europesays.com\/es\/312091\/","title":{"rendered":"Santa Cruz consolida los Presupuestos Participativos como motor de mejora social"},"content":{"rendered":"<p>Los proyectos ciudadanos alcanzan un 77 % de ejecuci\u00f3n en la L\u00ednea Ciudad y un 70 % en la L\u00ednea Distritos.<\/p>\n<p>El Ayuntamiento de Santa Cruz ha actualizado el estado de ejecuci\u00f3n de los proyectos incluidos en la edici\u00f3n 2023\/2024 de los Presupuestos Participativos, un proceso que contin\u00faa consolid\u00e1ndose como una herramienta clave para canalizar la implicaci\u00f3n directa de la ciudadan\u00eda en la mejora de la ciudad. <\/p>\n<p>Seg\u00fan los datos recogidos en el \u00faltimo bolet\u00edn informativo, los proyectos de la L\u00ednea Ciudad alcanzan actualmente un 77 % de ejecuci\u00f3n global, mientras que los correspondientes a la L\u00ednea Distritos se sit\u00faan en un 70 %, reflejando un grado de desarrollo avanzado y sostenido de las iniciativas propuestas por vecinos y vecinas.<\/p>\n<p>El alcalde de Santa Cruz de Tenerife, Jos\u00e9 Manuel Berm\u00fadez, destaca que \u201cestos datos ponen de manifiesto que los Presupuestos Participativos no son solo un ejercicio de escucha, sino un compromiso real con la ejecuci\u00f3n de las propuestas ciudadanas\u201d, y subraya que \u201cdetr\u00e1s de cada porcentaje hay proyectos concretos que mejoran la calidad de vida, refuerzan la cohesi\u00f3n social y hacen una ciudad m\u00e1s inclusiva, sostenible y cercana a las personas\u201d.<\/p>\n<p>En la L\u00ednea Ciudad, los proyectos ejecutados se caracterizan por su enfoque transversal y su impacto en \u00e1mbitos como la educaci\u00f3n, la salud, la sostenibilidad ambiental y la sensibilizaci\u00f3n social. Entre las actuaciones desarrolladas figuran iniciativas como Stop Bullying todos a una con M\u00fasica; el Espacio de formaci\u00f3n especializada sobre salud mental de la infancia; la recuperaci\u00f3n ecol\u00f3gica del bosque term\u00f3filo en el Monte de Las Mesas; y las actividades intergeneracionales entre personas mayores, adolescencia e infancia, que fomentan la convivencia, el aprendizaje compartido y la atenci\u00f3n a colectivos vulnerables.<\/p>\n<p>Esta l\u00ednea incluye adem\u00e1s proyectos vinculados a la divulgaci\u00f3n cultural y la participaci\u00f3n ciudadana, como el Centro de Interpretaci\u00f3n de la historia del sem\u00e1foro y la atalaya; las jornadas de participaci\u00f3n ciudadana para la creaci\u00f3n de un huerto urbano; y las jornadas de exposici\u00f3n y visitas guiadas por las distintas esculturas de Santa Cruz. A ello se suman acciones de concienciaci\u00f3n y formaci\u00f3n como las charlas de sensibilizaci\u00f3n sobre el c\u00e1ncer de mama y h\u00e1bitos de vida saludables y la campa\u00f1a de sensibilizaci\u00f3n del uso de la patineta, orientadas a promover comportamientos responsables y saludables en la poblaci\u00f3n.<\/p>\n<p>El bloque de proyectos de la L\u00ednea Ciudad se completa con iniciativas medioambientales y educativas como la caracterizaci\u00f3n y recuperaci\u00f3n de variedades hort\u00edcolas y frutales tradicionales; los talleres de concienciaci\u00f3n de limpieza del barrio; la campa\u00f1a de sensibilizaci\u00f3n medioambiental sobre plantas ex\u00f3ticas invasoras en Santa Cruz; la sensibilizaci\u00f3n en separaci\u00f3n de residuos y renovaci\u00f3n de papelera. <\/p>\n<p>Tambi\u00e9n programas como Cuida tu entorno tanto como tu mascota, Conocemos Tenerife, el proyecto Una ciudad para todas las edades y la campa\u00f1a de sensibilizaci\u00f3n de salud mental en la infancia y la adolescencia. El conjunto de estas actuaciones explica el elevado grado de ejecuci\u00f3n alcanzado en esta l\u00ednea.<\/p>\n<p>Por su parte, los proyectos incluidos en la L\u00ednea Distritos, con un 70 % de ejecuci\u00f3n, muestran una clara apuesta por la mejora de la accesibilidad, la movilidad, los espacios p\u00fablicos y la calidad urbana en los distintos barrios del municipio. En el distrito de Anaga se han desarrollado actuaciones como la escalera de acceso desde la calle Juguete de San Andr\u00e9s a las casitas de La Cruz; el barandado de la escalera de la plaza San Pedro en Igueste; el resalto de paso de peatones a la altura del Bar El Chorro; el cierre de la plaza Manuel Cruz; el paso de peatones hacia Taganana con sem\u00e1foro y la actuaci\u00f3n en la recogida de aguas pluviales en la calle Saratoga.<\/p>\n<p>Tambi\u00e9n en Anaga se incluyen proyectos de mejora urbana como el adoquinado de zonas urbanas; la instalaci\u00f3n de una mesa de juegos en la plaza de Las Adelfas; el enfibrado del Corbeta; la baranda en la calle Goleta (La Ladera); la mejora del acceso viario al pueblo de San Andr\u00e9s; la mejora de la iluminaci\u00f3n y el equipamiento de la plaza Francisco Hern\u00e1ndez Barroso; la instalaci\u00f3n de vallado en el Grupo Scout 6 Ucanca; <\/p>\n<p>Del mismo modo, est\u00e1n incluidas la creaci\u00f3n de aparcamientos para personas con movilidad reducida; los bancos para el espacio R; la rehabilitaci\u00f3n de rampas y baldosas en pasos de peatones y la se\u00f1al\u00e9tica de esculturas en la calle, reforzando la seguridad y la accesibilidad del entorno urbano.<\/p>\n<p>En los distritos de Ofra Costa Sur, Salud-La Salle y Suroeste, los proyectos ejecutados incluyen la mejora de la acera Jos\u00e9 Z\u00e1rate y Penichet; el reasfaltado de la calle Balc\u00f3n del Ramonal; el paso de peatones en la calle Jos\u00e9 V\u00edctor Dom\u00ednguez esquina Anselmo; la reforma del parque infantil en el Comienzo del Camino del Hierro; la instalaci\u00f3n de barandas en escaleras de las calles Abisinia y S\u00e1hara; la mejora de la plaza San Antonio en Ofra. <\/p>\n<p>Tambi\u00e9n se incluyen el itinerario peatonal en los jardines de entrada a la Piscina Municipal Tres de Mayo; la rebaja y adecuaci\u00f3n de pasos de peatones en la calle Alcalde Jos\u00e9 Emilio Garc\u00eda G\u00f3mez; las marquesinas en la avenida de Las Lomas; la iniciativa Nos mojamos y el espacio de encuentro juvenil \u201cEsto es tuyo\u201d, todas ellas orientadas a reforzar la accesibilidad y el uso comunitario de los espacios p\u00fablicos.<\/p>\n<p><b>Edici\u00f3n 2026\/2027 en marcha<\/b><\/p>\n<p>El concejal de Participaci\u00f3n Ciudadana, Javier Caraballero, subraya que \u201clos Presupuestos Participativos permiten que las ideas vecinales se conviertan en proyectos reales y visibles en los barrios\u201d, y a\u00f1ade que \u201clos niveles de ejecuci\u00f3n alcanzados demuestran que este modelo funciona y que la participaci\u00f3n ciudadana tiene un impacto directo en la transformaci\u00f3n de Santa Cruz\u201d.<\/p>\n<p>Asimismo, Caraballero record\u00f3 que la nueva edici\u00f3n de los Presupuestos Participativos 2026\/2027 contin\u00faa abierta. Las personas interesadas pueden participar accediendo al Portal de Participaci\u00f3n Ciudadana del Ayuntamiento de Santa Cruz de Tenerife (<a href=\"https:\/\/www.santacruzdetenerife.es\/participa\/\" target=\"_blank\" rel=\"nofollow noopener\">https:\/\/www.santacruzdetenerife.es\/participa\/<\/a>) , donde deber\u00e1n entrar en los espacios de Producci\u00f3n normativa y Presupuestos Participativos. <\/p>\n<p>A trav\u00e9s de este portal, la ciudadan\u00eda puede presentar sus propuestas rellenando la plantilla disponible en la opci\u00f3n \u201cCrear proyecto de gasto\u201d, reforzando as\u00ed un proceso que sigue abierto a nuevas ideas y a la implicaci\u00f3n activa de la poblaci\u00f3n en la construcci\u00f3n de la ciudad.<\/p>\n","protected":false},"excerpt":{"rendered":"Los proyectos ciudadanos alcanzan un 77 % de ejecuci\u00f3n en la L\u00ednea Ciudad y un 70 % en&hellip;\n","protected":false},"author":2,"featured_media":312092,"comment_status":"","ping_status":"","sticky":false,"template":"","format":"standard","meta":{"footnotes":""},"categories":[5],"tags":[17,18,25,24,13,14,11,19,20,9,10,15,16,23,12,21,22],"class_list":{"0":"post-312091","1":"post","2":"type-post","3":"status-publish","4":"format-standard","5":"has-post-thumbnail","7":"category-titulares","8":"tag-breaking-news","9":"tag-breakingnews","10":"tag-es","11":"tag-espana","12":"tag-featured-news","13":"tag-featurednews","14":"tag-headlines","15":"tag-latest-news","16":"tag-latestnews","17":"tag-news","18":"tag-noticias","19":"tag-noticias-destacadas","20":"tag-noticiasdestacadas","21":"tag-spain","22":"tag-titulares","23":"tag-ultimas-noticias","24":"tag-ultimasnoticias"},"share_on_mastodon":{"url":"https:\/\/pubeurope.com\/@es\/115803114847824694","error":""},"_links":{"self":[{"href":"https:\/\/www.europesays.com\/es\/wp-json\/wp\/v2\/posts\/312091","targetHints":{"allow":["GET"]}}],"collection":[{"href":"https:\/\/www.europesays.com\/es\/wp-json\/wp\/v2\/posts"}],"about":[{"href":"https:\/\/www.europesays.com\/es\/wp-json\/wp\/v2\/types\/post"}],"author":[{"embeddable":true,"href":"https:\/\/www.europesays.com\/es\/wp-json\/wp\/v2\/users\/2"}],"replies":[{"embeddable":true,"href":"https:\/\/www.europesays.com\/es\/wp-json\/wp\/v2\/comments?post=312091"}],"version-history":[{"count":0,"href":"https:\/\/www.europesays.com\/es\/wp-json\/wp\/v2\/posts\/312091\/revisions"}],"wp:featuredmedia":[{"embeddable":true,"href":"https:\/\/www.europesays.com\/es\/wp-json\/wp\/v2\/media\/312092"}],"wp:attachment":[{"href":"https:\/\/www.europesays.com\/es\/wp-json\/wp\/v2\/media?parent=312091"}],"wp:term":[{"taxonomy":"category","embeddable":true,"href":"https:\/\/www.europesays.com\/es\/wp-json\/wp\/v2\/categories?post=312091"},{"taxonomy":"post_tag","embeddable":true,"href":"https:\/\/www.europesays.com\/es\/wp-json\/wp\/v2\/tags?post=312091"}],"curies":[{"name":"wp","href":"https:\/\/api.w.org\/{rel}","templated":true}]}}