{"id":312104,"date":"2025-12-29T13:46:15","date_gmt":"2025-12-29T13:46:15","guid":{"rendered":"https:\/\/www.europesays.com\/es\/312104\/"},"modified":"2025-12-29T13:46:15","modified_gmt":"2025-12-29T13:46:15","slug":"a-los-malos-se-les-van-a-poner-dificiles-las-cosas","status":"publish","type":"post","link":"https:\/\/www.europesays.com\/es\/312104\/","title":{"rendered":"A los malos se les van a poner dif\u00edciles las cosas"},"content":{"rendered":"<p id=\"eM1ah9A9yz\" data-wc=\"114\">Intriga, secretos, traici\u00f3n, amor y muchos sobresaltos inesperados: as\u00ed es <strong>La Promesa<\/strong><strong>,<\/strong> un lugar donde la calma nunca dura demasiado y los espectadores se mantienen en vilo en cada episodio. La serie diaria de La 1 vuelve a demostrarlo con la llegada de su quinta temporada, que aterriza con <strong>un giro de guion de los que obligan a recolocar todas las piezas del tablero<\/strong>. Cuando parec\u00eda que algunas despedidas eran definitivas y que la historia se adentraba en una etapa especialmente oscura, la ficci\u00f3n de Bamb\u00fa Producciones sorprende con revelaciones, nuevos personajes, ausencias muy comentadas y una clara premisa: el mal empieza a tener las cosas m\u00e1s complicadas para seguir campando a sus anchas.<\/p>\n<p> <img src=\"https:\/\/www.europesays.com\/es\/wp-content\/uploads\/2025\/12\/f13fc6cc8164-lapromesatve.jpg\"   width=\"1024\" height=\"682\" loading=\"lazy\" decoding=\"async\" alt=\"Curro desolado al encontrar a \u00c1ngela tras envenenarse\" fetchpriority=\"auto\" class=\"image ho-image\"\/>\u00a9 RTVE<\/p>\n<p id=\"eDmxrw982oW\" data-wc=\"126\"><a class=\"hm-link ho-link\" href=\"https:\/\/www.hola.com\/actualidad\/20251222873952\/la-promesa-impactante-muerte-de-un-protagonista-cierra-cuarta-temporada\/\" data-mrf-recirculation=\"article-body-link\" rel=\"nofollow noopener\" target=\"_blank\">El impactante final de la cuarta entrega<\/a> dejaba a los seguidores en shock con el suicidio de \u00c1ngela para evitar darle el &#8216;s\u00ed, quiero&#8217; a <strong>Lorenzo<\/strong>, uno de esos golpes que marca un antes y un despu\u00e9s en la historia. Sin embargo, en los nuevos cap\u00edtulos, los seguidores, a\u00fan boquiabiertos, recib\u00edan un respiro porque nada era exactamente como parec\u00eda: la hija de Leocadia segu\u00eda viva y era Curro quien lograba salvarla, escondi\u00e9ndose junto a ella en una casa del bosque lejos de su malvado prometido. Este giro no solo reescrib\u00eda lo ocurrido, sino que abr\u00eda nuevos caminos en la ficci\u00f3n. La serie jugaba as\u00ed con las expectativas del p\u00fablico, que cre\u00eda haber asistido a una despedida irreversible, y confirmaba que todav\u00eda quedan muchas cartas por mostrar.<\/p>\n<p> <img src=\"https:\/\/www.europesays.com\/es\/wp-content\/uploads\/2025\/12\/ed0ebe7ffd26-lapromesabambuproduccionescap744ff05.jpg\"   width=\"1024\" height=\"682\" loading=\"lazy\" decoding=\"async\" alt=\"Xavi Lock avanza que llega una temporada bastante bonita a 'La Promesa'\" fetchpriority=\"auto\" class=\"image ho-image\"\/>\u00a9 RTVE<\/p>\n<p id=\"efS5VIno9nG\" data-wc=\"75\">Este desenlace \u00abha sido una bomba\u00bb, han explicado <strong>Xavi Lock\u00a0<\/strong>y <strong>Arturo Garc\u00eda Sancho<\/strong>, Curro y Manuel en la serie, en una entrevista en Vertele. Pero a la vez supone el \u00abinicio de una etapa bastante bonita\u00bb, asegura el primero. Xavi reconoce que se avecina \u00abuna transformaci\u00f3n\u00bb en La Promesa y en Curro y Manuel, y, aunque las \u00abexpectativas van a ser altas\u00bb, el p\u00fablico puede estar tranquilo porque \u00abva a disfrutar\u00bb en cada episodio.<\/p>\n<p> <img src=\"https:\/\/www.europesays.com\/es\/wp-content\/uploads\/2025\/12\/9b8eb437a57f-lapromesabambuproduccionescap741ff24-1.jpg\"   width=\"1024\" height=\"682\" loading=\"lazy\" decoding=\"async\" alt=\"Todo lo que nos espera en la temporada 5 de 'La Promesa'\" fetchpriority=\"auto\" class=\"image ho-image\"\/>\u00a9 RTVE<\/p>\n<p id=\"e6g8Pkf-qX\" data-wc=\"106\">\u201c<strong>Algunos ser\u00e1n dr\u00e1sticos, otros no tanto, pero s\u00ed habr\u00e1 variaciones que se noten mucho en la historia<\/strong>\u00ab, afirma Garc\u00eda Sancho, se\u00f1alando que la \u00faltima entrega \u00abha tra\u00eddo un cambio muy bestia. Al final, hablamos de guerras, de muertes, de personajes muy importantes o de salidas de nombres muy importantes en la serie\u201d. Y aunque el espectador puede temer una nueva sangr\u00eda de protagonistas, el actor tranquiliza: \u201cNo va a haber tanta gente que se vaya\u00bb. Algunas tramas contin\u00faan su curso natural, mientras otras cambian de rumbo de forma evidente. <strong>No es una revoluci\u00f3n inmediata, pero s\u00ed una metamorfosis progresiva<\/strong> que se ir\u00e1 notando cap\u00edtulo a cap\u00edtulo.<\/p>\n<p> <img src=\"https:\/\/www.europesays.com\/es\/wp-content\/uploads\/2025\/12\/deeb9d9bcb39-lapromesatve-2.jpg\"   width=\"1024\" height=\"682\" loading=\"lazy\" decoding=\"async\" alt=\"El personaje de Manuel va a sufrir un gran cambio\" fetchpriority=\"auto\" class=\"image ho-image\"\/>\u00a9 RTVE<\/p>\n<p id=\"eGReOkh4J6\" data-wc=\"99\">Despu\u00e9s de tanta intensidad, por fin veremos la luz. La quinta temporada, que consta de 250 cap\u00edtulos, no apuesta por el drama constante. \u201cNo va a ser todo sufrimiento\u201d, subraya Arturo, dejando entrever momentos de alivio, alianzas inesperadas y peque\u00f1as victorias que equilibran el tono. Las tramas, adem\u00e1s, se entrelazan m\u00e1s que nunca. \u201cLas historias se van a interrelacionar entre ellas y van a verse afectadas las unas por las otras. Y va a ir con una velocidad suave pero constante\u201d, explica, una definici\u00f3n que encaja con la esencia de la serie: avanzar sin pausa, pero sin perder profundidad.<\/p>\n<p> <img src=\"https:\/\/www.europesays.com\/es\/wp-content\/uploads\/2025\/12\/16a55923c28f-la-promesa-rtve.jpg\"   width=\"1024\" height=\"682\" loading=\"lazy\" decoding=\"async\" alt=\"\u00bfRecibir\u00e1n Lorenzo y Leocadia su merecido?\" fetchpriority=\"auto\" class=\"image ho-image\"\/>\u00a9 RTVE<\/p>\n<p id=\"egVCpTn8KV\" data-wc=\"125\">Uno de los aspectos que m\u00e1s intriga al p\u00fablico es saber qu\u00e9 va a pasar con los villanos de la serie: <strong>Leocadia y Lorenzo<\/strong>. \u00abPorque de eso se trata, de c\u00f3mo los malos intentan llevar sus planes a cabo y c\u00f3mo los buenos sobreviven a ellos\u00bb, dice Garc\u00eda Sancho. Tras varias temporadas en las que el mal parec\u00eda imponerse con demasiada facilidad, los nuevos cap\u00edtulos llegan con una novedad que arroja algo de esperanza. \u201c<strong>La gente est\u00e1 esperando que el mal tambi\u00e9n reciba un poquito de da\u00f1o<\/strong>\u201d, cuenta Lock, a\u00f1adiendo que \u201ccon todos estos cambios, con todas las transformaciones de los personajes, van a derivar a eso. <strong>A los malos se les van a poner dif\u00edciles las cosas y el p\u00fablico lo va a agradecer<\/strong>\u201d.<\/p>\n<p> <img src=\"https:\/\/www.europesays.com\/es\/wp-content\/uploads\/2025\/12\/dcf07a60967e-lapromesabambuproduccionescap742ff31.jpg\"   width=\"1024\" height=\"682\" loading=\"lazy\" decoding=\"async\" alt=\"\u00bfPagar\u00e1 Leocadia pro le crimen de Jara y todas sus maldades?\" fetchpriority=\"auto\" class=\"image ho-image\"\/>\u00a9 RTVE<\/p>\n<p id=\"ebbgYdr-tAf\" data-wc=\"48\">Este enfoque no implica una victoria inmediata de los buenos, pero s\u00ed un equilibrio distinto. Las consecuencias empiezan a pesar y las decisiones del pasado regresan para pasar factura. <strong>La Promesa<\/strong> mantiene as\u00ed su esencia melodram\u00e1tica, pero introduce una sensaci\u00f3n de justicia que muchos espectadores llevaban tiempo reclamando.<\/p>\n<p> <img src=\"https:\/\/www.europesays.com\/es\/wp-content\/uploads\/2025\/12\/b9da24177e24-lapromesabambuproduccionescap748ff01.jpg\"   width=\"1024\" height=\"682\" loading=\"lazy\" decoding=\"async\" alt=\"No hay que perder de vista la trama dle embarazo de Mar\u00eda Fern\u00e1ndez\" fetchpriority=\"auto\" class=\"image ho-image\"\/>\u00a9 RTVE<\/p>\n<p id=\"eVaQq4pjEoJ\" data-wc=\"73\">Son muchas las historias las que llegan para mantenernos pegados a la pantalla: Curro luchar\u00e1 por recuperar lo que es suyo; Manuel comenzar\u00e1 un enfrentamiento a cara de perro con Leocadia y \u00abno me perder\u00eda la trama de <strong>Mar\u00eda Fern\u00e1ndez<\/strong>, pero tampoco la de<strong>\u00a0Teresa,<\/strong> la de <strong>Vera<\/strong>&#8230; Vienen momentos bastante complicados para La Promesa y nuestra m\u00e1xima con el espectador es entretenerle siempre\u00bb, asegura<strong>\u00a0Josep Cister<\/strong>, creador de la serie, al Televisero.<\/p>\n<p> <img src=\"https:\/\/www.europesays.com\/es\/wp-content\/uploads\/2025\/12\/0ab3ea5b0714-daniel-schroder-la-promesa-rtve.jpg\"   width=\"1024\" height=\"682\" loading=\"lazy\" decoding=\"async\" alt=\"El personaje de Samuel ganar\u00e1 peso en la quinta temporada\" fetchpriority=\"auto\" class=\"image ho-image\"\/>\u00a9 RTVE<\/p>\n<p> <img src=\"https:\/\/www.europesays.com\/es\/wp-content\/uploads\/2025\/12\/dda60fce9ae2-lapromesabambuproduccionescap744ff13.jpg\"   width=\"1024\" height=\"682\" loading=\"lazy\" decoding=\"async\" alt=\"El personaje de Jacobo (Gonzalo Ramos) tendr\u00e1 m\u00e1s presencia en las tramas de la quinta temporada\" fetchpriority=\"auto\" class=\"image ho-image\"\/>\u00a9 RTVE<\/p>\n<p id=\"eRJhi-T3gc\" data-wc=\"76\">\u00a0A nivel de reparto, la temporada trae movimiento: unos entran y otros se van, como suele ocurrir en una ficci\u00f3n diaria de largo recorrido. La nueva cabecera \u2014que vuelve a estar interpretada por <strong>Gonzalo Hermida<\/strong> en solitario\u2014, nos da algunas pistas con <a class=\"hm-link ho-link\" href=\"https:\/\/www.hola.com\/actualidad\/20250203811046\/la-promesa-gonzalo-ramos-de-fisica-o-quimica-se-incorpora-a-la-serie\/\" data-mrf-recirculation=\"article-body-link\" rel=\"nofollow noopener\" target=\"_blank\">la incorporaci\u00f3n a la misma de Gonzalo Ramos<\/a> y <strong>Daniel Schr\u00f6der,<\/strong> quienes dan vida a<strong>\u00a0Jacobo\u00a0<\/strong>y <strong>Samuel.<\/strong> Dos personajes llamados a tener mucho m\u00e1s peso y a alterar equilibrios ya establecidos en palacio.<\/p>\n<p> <img src=\"https:\/\/www.europesays.com\/es\/wp-content\/uploads\/2025\/11\/c2c17510054e-el-barn-de-valladares-amenaza-a-catalina-debe-marcharse-del-palacio-qu-har.jpg\"   width=\"1024\" height=\"682\" loading=\"lazy\" decoding=\"async\" alt=\"Lope y Vera en 'La Promesa'\" fetchpriority=\"auto\" class=\"image ho-image\"\/>\u00a9 @lapromesa_tve<\/p>\n<p id=\"et9MmAbXBk\" data-wc=\"80\">Al mismo tiempo, echamos de menos <a class=\"hm-link ho-link\" href=\"https:\/\/www.hola.com\/actualidad\/20250520832643\/enrique-fortun-revela-lo-que-mas-echa-de-menos-de-su-pareja-ana-garces-en-la-promesa\/\" data-mrf-recirculation=\"article-body-link\" rel=\"nofollow noopener\" target=\"_blank\">la imagen de Enrique Fort\u00fan, Lope,<\/a> una ausencia que no ha pasado desapercibida entre los seguidores m\u00e1s fieles y que ha sido confirmada por el propio actor. \u201c<strong data-end=\"5794\" data-start=\"5771\">Se cierra una etapa<\/strong>\u201d, ha escrito en sus redes sociales tras 740 cap\u00edtulos, recordando su paso por la ficci\u00f3n como \u201ctres a\u00f1os de trabajo diario, de rutinas que acaban siendo hogar y de gente que deja de ser solo compa\u00f1eros para convertirse en parte de tu vida\u201d.\u00a0<\/p>\n<p> <img src=\"https:\/\/www.europesays.com\/es\/wp-content\/uploads\/2025\/11\/05059be491af-lopeok.jpg\"   width=\"1024\" height=\"647\" loading=\"lazy\" decoding=\"async\" alt=\"Lope es uno de los personajes m\u00e1s queridos de 'La Promesa'\" fetchpriority=\"auto\" class=\"image ho-image\"\/>\u00a9 RTVE<\/p>\n<p id=\"eazDlVEIw7n\" data-wc=\"97\">Fort\u00fan destaca la suerte de haber estado desde el principio y de haber compartido la experiencia con un equipo enorme y dedica a sus compa\u00f1eros unas palabras llenas de cari\u00f1o: \u201c<strong>Os admiro y os quiero<\/strong>. Compartir escena y d\u00edas con vosotros ha sido un regalo\u201d. Tambi\u00e9n agradece el apoyo del p\u00fablico: \u201cSiempre he sentido vuestro cari\u00f1o por Lope y eso me ha acompa\u00f1ado mucho m\u00e1s de lo que imagin\u00e1is\u201d. Con estas palabras se despide uno de los personajes m\u00e1s queridos por el p\u00fablico, \u201cagradecido y muy afortunado\u201d, y con un claro deseo: \u00ab<strong>Larga vida a La Promesa<\/strong>\u00ab.\u00a0<\/p>\n","protected":false},"excerpt":{"rendered":"Intriga, secretos, traici\u00f3n, amor y muchos sobresaltos inesperados: as\u00ed es La Promesa, un lugar donde la calma nunca&hellip;\n","protected":false},"author":2,"featured_media":312105,"comment_status":"","ping_status":"","sticky":false,"template":"","format":"standard","meta":{"footnotes":""},"categories":[171],"tags":[517,7065,146,147,25,24,518,23,807,214],"class_list":{"0":"post-312104","1":"post","2":"type-post","3":"status-publish","4":"format-standard","5":"has-post-thumbnail","7":"category-tv","8":"tag-actualidad","9":"tag-el-buscador-de-series","10":"tag-entertainment","11":"tag-entretenimiento","12":"tag-es","13":"tag-espana","14":"tag-rtve","15":"tag-spain","16":"tag-television","17":"tag-tv"},"share_on_mastodon":{"url":"https:\/\/pubeurope.com\/@es\/115803166377972235","error":""},"_links":{"self":[{"href":"https:\/\/www.europesays.com\/es\/wp-json\/wp\/v2\/posts\/312104","targetHints":{"allow":["GET"]}}],"collection":[{"href":"https:\/\/www.europesays.com\/es\/wp-json\/wp\/v2\/posts"}],"about":[{"href":"https:\/\/www.europesays.com\/es\/wp-json\/wp\/v2\/types\/post"}],"author":[{"embeddable":true,"href":"https:\/\/www.europesays.com\/es\/wp-json\/wp\/v2\/users\/2"}],"replies":[{"embeddable":true,"href":"https:\/\/www.europesays.com\/es\/wp-json\/wp\/v2\/comments?post=312104"}],"version-history":[{"count":0,"href":"https:\/\/www.europesays.com\/es\/wp-json\/wp\/v2\/posts\/312104\/revisions"}],"wp:featuredmedia":[{"embeddable":true,"href":"https:\/\/www.europesays.com\/es\/wp-json\/wp\/v2\/media\/312105"}],"wp:attachment":[{"href":"https:\/\/www.europesays.com\/es\/wp-json\/wp\/v2\/media?parent=312104"}],"wp:term":[{"taxonomy":"category","embeddable":true,"href":"https:\/\/www.europesays.com\/es\/wp-json\/wp\/v2\/categories?post=312104"},{"taxonomy":"post_tag","embeddable":true,"href":"https:\/\/www.europesays.com\/es\/wp-json\/wp\/v2\/tags?post=312104"}],"curies":[{"name":"wp","href":"https:\/\/api.w.org\/{rel}","templated":true}]}}