{"id":312108,"date":"2025-12-29T13:48:12","date_gmt":"2025-12-29T13:48:12","guid":{"rendered":"https:\/\/www.europesays.com\/es\/312108\/"},"modified":"2025-12-29T13:48:12","modified_gmt":"2025-12-29T13:48:12","slug":"abuela-tremenda-rodada-en-bizkaia-y-madrid-se-estrena-el-1-de-enero-en-los-cines","status":"publish","type":"post","link":"https:\/\/www.europesays.com\/es\/312108\/","title":{"rendered":"&#8216;Abuela tremenda&#8217;, rodada en Bizkaia y Madrid, se estrena el 1 de enero en los cines"},"content":{"rendered":"<p>    <img loading=\"lazy\" decoding=\"async\" src=\"https:\/\/www.europesays.com\/es\/wp-content\/uploads\/2025\/12\/aa0d3850-1da3-4db5-9458-198a0f4f0bdf_16-9-discover-aspect-ratio_default_0.jpg\" alt=\"Elena Irureta, Toni Acosta y Carla Pastor protagonizan esta comedia familiar\" width=\"1200\" height=\"675\" title=\"Elena Irureta, Toni Acosta y Carla Pastor protagonizan esta comedia familiar\" style=\"height:auto;\"\/><\/p>\n<p class=\"article-photo__footer\">\n        Elena Irureta, Toni Acosta y Carla Pastor protagonizan esta comedia familiar<br \/>\n                    Manuel Fiestas Moreno\n            <\/p>\n<p class=\"article-body__text article-body__text--entry article-body__text-middle\">\n        <strong>Abuela tremenda, el primer largometraje de la cineasta Ana V\u00e1zquez<\/strong>, que est\u00e1 rodado en Bizkaia y Madrid, llega a los cines este jueves 1 de enero.<strong> Esta comedia familiar est\u00e1 protagonizada por Elena Irureta y Toni Acosta<\/strong>.<strong> Irureta interpreta a To\u00f1i, una abuela muy especial, un torbellino, un alma libre que se mete siempre en l\u00edos.<\/strong> A su hija Daniela la trae un poco de cabeza, pero su nieta Alexia la adora. Por eso, cuando Daniela se lleva a Alexia a un retiro rural de su empresa, To\u00f1i no duda en presentarse all\u00ed con su caravana para pasar tiempo con su nieta y animar el cotarro a toda costa. <strong>To\u00f1i pondr\u00e1 patas arriba el retiro y el trabajo de Daniela y, sin querer, tambi\u00e9n pondr\u00e1 algunas cosas en su sitio.<\/strong>\n<\/p>\n<p class=\"article-body__text \">\n        <strong>Profesional de amplia experiencia en la direcci\u00f3n, Ana V\u00e1zquez ha desarrollado su carrera en televisi\u00f3n <\/strong>durante los \u00faltimos 15 a\u00f1os, en algunas de las producciones m\u00e1s exitosas de diferentes g\u00e9neros.\n<\/p>\n<p class=\"article-body__text \">\n        <strong>Las \u00faltimas series que ha dirigido son \u201cAyla y los Mirror<\/strong>\u201d, una original de Disney Plus que mezcla musical, comedia y actores infantiles; y el \u00e9xito de Netflix \u201cOlympo\u201d. Abuela Tremenda ser\u00e1 su debut en la direcci\u00f3n de largometrajes.\n<\/p>\n<p class=\"article-body__text \">\n        A<strong>buela tremenda, cuyo guion firma Roberto Jim\u00e9nez (El casopl\u00f3n), <\/strong>es una producci\u00f3n de Feelgood Media, Kowalski Films, Atresmedia Cine y Abuela Tremenda AIE, con la participaci\u00f3n de Atresmedia y Netflix, y con el apoyo del ICAA y Crea SGR.<\/p>\n","protected":false},"excerpt":{"rendered":"Elena Irureta, Toni Acosta y Carla Pastor protagonizan esta comedia familiar Manuel Fiestas Moreno Abuela tremenda, el primer&hellip;\n","protected":false},"author":2,"featured_media":312109,"comment_status":"","ping_status":"","sticky":false,"template":"","format":"standard","meta":{"footnotes":""},"categories":[169],"tags":[20265,4144,177,146,147,25,24,176,205,175,7417,23,30713],"class_list":{"0":"post-312108","1":"post","2":"type-post","3":"status-publish","4":"format-standard","5":"has-post-thumbnail","7":"category-cine","8":"tag-abuela","9":"tag-bizkaia","10":"tag-cine","11":"tag-entertainment","12":"tag-entretenimiento","13":"tag-es","14":"tag-espana","15":"tag-film","16":"tag-madrid","17":"tag-movies","18":"tag-rodada","19":"tag-spain","20":"tag-tremenda"},"share_on_mastodon":{"url":"https:\/\/pubeurope.com\/@es\/115803173929050887","error":""},"_links":{"self":[{"href":"https:\/\/www.europesays.com\/es\/wp-json\/wp\/v2\/posts\/312108","targetHints":{"allow":["GET"]}}],"collection":[{"href":"https:\/\/www.europesays.com\/es\/wp-json\/wp\/v2\/posts"}],"about":[{"href":"https:\/\/www.europesays.com\/es\/wp-json\/wp\/v2\/types\/post"}],"author":[{"embeddable":true,"href":"https:\/\/www.europesays.com\/es\/wp-json\/wp\/v2\/users\/2"}],"replies":[{"embeddable":true,"href":"https:\/\/www.europesays.com\/es\/wp-json\/wp\/v2\/comments?post=312108"}],"version-history":[{"count":0,"href":"https:\/\/www.europesays.com\/es\/wp-json\/wp\/v2\/posts\/312108\/revisions"}],"wp:featuredmedia":[{"embeddable":true,"href":"https:\/\/www.europesays.com\/es\/wp-json\/wp\/v2\/media\/312109"}],"wp:attachment":[{"href":"https:\/\/www.europesays.com\/es\/wp-json\/wp\/v2\/media?parent=312108"}],"wp:term":[{"taxonomy":"category","embeddable":true,"href":"https:\/\/www.europesays.com\/es\/wp-json\/wp\/v2\/categories?post=312108"},{"taxonomy":"post_tag","embeddable":true,"href":"https:\/\/www.europesays.com\/es\/wp-json\/wp\/v2\/tags?post=312108"}],"curies":[{"name":"wp","href":"https:\/\/api.w.org\/{rel}","templated":true}]}}