{"id":312110,"date":"2025-12-29T13:49:07","date_gmt":"2025-12-29T13:49:07","guid":{"rendered":"https:\/\/www.europesays.com\/es\/312110\/"},"modified":"2025-12-29T13:49:07","modified_gmt":"2025-12-29T13:49:07","slug":"elpuerto-de-santa-maria-gran-respuesta-del-publico-al-i-torneo-benefico-cd-portuense-voleibol-la-elite-a-beneficio-de-sergio-campos","status":"publish","type":"post","link":"https:\/\/www.europesays.com\/es\/312110\/","title":{"rendered":"#ElPuerto de Santa Mar\u00eda &#8211; Gran respuesta del p\u00fablico al I Torneo Ben\u00e9fico CD Portuense Voleibol La \u00c9lite, a beneficio de Sergio Campos"},"content":{"rendered":"<p>El Pabell\u00f3n de Deportes La Angelita Alta acogi\u00f3 ayer domingo una emotiva jornada deportiva marcada por la solidaridad, con motivo del I Torneo Ben\u00e9fico CD Portuense Voleibol La \u00c9lite, organizado con el objetivo de ayudar a Sergio Campos a sufragar el traslado desde Madrid a El Puerto de Santa Mar\u00eda de un kart adaptado, que le permitir\u00e1 seguir compitiendo en esta modalidad deportiva.<\/p>\n<p>La cita, de voleibol mixto, cont\u00f3 con una excelente respuesta tanto de p\u00fablico como de participaci\u00f3n, reuniendo a cuatro equipos: CD Portuense Voleibol La \u00c9lite, CV Jerez, CV Amigos C\u00e1diz y CV Chipiona. M\u00e1s all\u00e1 del car\u00e1cter competitivo, el torneo destac\u00f3 por su ambiente de convivencia y apoyo, reflejo de los valores que transmite el deporte.<\/p>\n<p>En el plano deportivo, la clasificaci\u00f3n final situ\u00f3 como vencedor a CV Amigos C\u00e1diz, seguido de CD Portuense Voleibol La \u00c9lite en segunda posici\u00f3n, CV Chipiona en tercera y CV Jerez cerrando la tabla, si bien el verdadero triunfo de la jornada fue el solidario.<\/p>\n<p>El concejal de Deportes, Jos\u00e9 Ignacio Gonz\u00e1lez, quiso felicitar al CD Portuense Voleibol La \u00c9lite por esta iniciativa, subrayando \u201cel ejemplo que ofrecen estas deportistas, demostrando que el deporte es tambi\u00e9n una herramienta de ayuda, inclusi\u00f3n y compromiso con quienes m\u00e1s lo necesitan\u201d. El edil record\u00f3 que el club est\u00e1 formado por jugadoras veteranas que militaron en su d\u00eda en el Club Voleibol Poullet y que retomaron la actividad hace un a\u00f1o, marc\u00e1ndose como objetivo que cada torneo anual tenga un fin solidario. Gonz\u00e1lez, que visit\u00f3 recientemente a Sergio Campos en su domicilio, destac\u00f3 la pasi\u00f3n con la que vive el mundo del motor y lo anim\u00f3 a continuar persiguiendo sus metas deportivas.<\/p>\n<p>Por decisi\u00f3n conjunta de las jugadoras del equipo, tal y como explic\u00f3 la coordinadora y entrenadora del CD Portuense Voleibol La \u00c9lite, Elena Campos, el torneo \u2014de entrada gratuita\u2014 destin\u00f3 todos los fondos recaudados a facilitar el traslado del kart adaptado, permitiendo a Sergio seguir compitiendo.<\/p>\n<p>La recaudaci\u00f3n se obtuvo mediante la venta de papeletas para un sorteo solidario, cuya cesta principal estaba compuesta por productos y servicios donados por numerosos establecimientos colaboradores, a los que el club quiso agradecer p\u00fablicamente su implicaci\u00f3n. Adem\u00e1s, se realizaron cinco sorteos gratuitos entre el p\u00fablico asistente, con los siguientes premios: un bal\u00f3n de voleibol, una caja de paleta de cebo ib\u00e9rica, un queso, un tel\u00e9fono m\u00f3vil, una camiseta oficial del Racing y un abono.<\/p>\n<p>El I Torneo Ben\u00e9fico CD Portuense Voleibol La \u00c9lite se consolida as\u00ed como una iniciativa que une deporte, solidaridad y valores, dejando una huella muy positiva en la ciudad y sentando las bases para futuras ediciones con fines sociales.<\/p>\n<p>Desde el CD Portuense Voleibol La \u00c9lite han querido tambi\u00e9n expresar su agradecimiento a los clubes participantes por su implicaci\u00f3n, deportividad y compromiso con la causa; sin as\u00ed como a s familiares, amigos y p\u00fablico asistente, que con su presencia y apoyo llenaron de ambiente el pabell\u00f3n y demostraron que, cuando el deporte y la solidaridad van de la mano, El Puerto siempre responde.<\/p>\n","protected":false},"excerpt":{"rendered":"El Pabell\u00f3n de Deportes La Angelita Alta acogi\u00f3 ayer domingo una emotiva jornada deportiva marcada por la solidaridad,&hellip;\n","protected":false},"author":2,"featured_media":312111,"comment_status":"","ping_status":"","sticky":false,"template":"","format":"standard","meta":{"footnotes":""},"categories":[93],"tags":[168,5446,25,24,23,167,1917],"class_list":{"0":"post-312110","1":"post","2":"type-post","3":"status-publish","4":"format-standard","5":"has-post-thumbnail","7":"category-deportes","8":"tag-deportes","9":"tag-el-puerto","10":"tag-es","11":"tag-espana","12":"tag-spain","13":"tag-sports","14":"tag-voleibol"},"share_on_mastodon":{"url":"https:\/\/pubeurope.com\/@es\/115803177863934252","error":""},"_links":{"self":[{"href":"https:\/\/www.europesays.com\/es\/wp-json\/wp\/v2\/posts\/312110","targetHints":{"allow":["GET"]}}],"collection":[{"href":"https:\/\/www.europesays.com\/es\/wp-json\/wp\/v2\/posts"}],"about":[{"href":"https:\/\/www.europesays.com\/es\/wp-json\/wp\/v2\/types\/post"}],"author":[{"embeddable":true,"href":"https:\/\/www.europesays.com\/es\/wp-json\/wp\/v2\/users\/2"}],"replies":[{"embeddable":true,"href":"https:\/\/www.europesays.com\/es\/wp-json\/wp\/v2\/comments?post=312110"}],"version-history":[{"count":0,"href":"https:\/\/www.europesays.com\/es\/wp-json\/wp\/v2\/posts\/312110\/revisions"}],"wp:featuredmedia":[{"embeddable":true,"href":"https:\/\/www.europesays.com\/es\/wp-json\/wp\/v2\/media\/312111"}],"wp:attachment":[{"href":"https:\/\/www.europesays.com\/es\/wp-json\/wp\/v2\/media?parent=312110"}],"wp:term":[{"taxonomy":"category","embeddable":true,"href":"https:\/\/www.europesays.com\/es\/wp-json\/wp\/v2\/categories?post=312110"},{"taxonomy":"post_tag","embeddable":true,"href":"https:\/\/www.europesays.com\/es\/wp-json\/wp\/v2\/tags?post=312110"}],"curies":[{"name":"wp","href":"https:\/\/api.w.org\/{rel}","templated":true}]}}