{"id":312119,"date":"2025-12-29T13:54:10","date_gmt":"2025-12-29T13:54:10","guid":{"rendered":"https:\/\/www.europesays.com\/es\/312119\/"},"modified":"2025-12-29T13:54:10","modified_gmt":"2025-12-29T13:54:10","slug":"semes-pide-la-especialidad-de-enfermeria-de-urgencias-y-emergencias-para-2026","status":"publish","type":"post","link":"https:\/\/www.europesays.com\/es\/312119\/","title":{"rendered":"SEMES pide la especialidad de Enfermer\u00eda de Urgencias y Emergencias para 2026"},"content":{"rendered":"<p>            <a href=\"https:\/\/gacetamedica.com\/wp-content\/uploads\/2024\/07\/GettyImages-1063720660-scaled-e1719922070885.jpg\" data-caption=\"\" rel=\"nofollow noopener\" target=\"_blank\"><img loading=\"lazy\" decoding=\"async\" width=\"696\" height=\"465\" class=\"entry-thumb td-modal-image\" src=\"https:\/\/www.europesays.com\/es\/wp-content\/uploads\/2025\/12\/GettyImages-1063720660-696x465.jpg\"   alt=\"\" title=\"\"\/><\/a><\/p>\n<p>Con la llegada del nuevo a\u00f1o, <strong>uno de los prop\u00f3sitos para 2026 m\u00e1s importantes para la <a href=\"https:\/\/gacetamedica.com\/profesion\/mir-urgencias-semes-ampliar-duracion-cinco-anos\/\" data-type=\"link\" data-id=\"https:\/\/gacetamedica.com\/profesion\/mir-urgencias-semes-ampliar-duracion-cinco-anos\/\" rel=\"nofollow noopener\" target=\"_blank\">Sociedad Espa\u00f1ola de Medicina de Urgencias y Emergencias (SEMES)<\/a> es que se apruebe la creaci\u00f3n de la especialidad en <a href=\"https:\/\/gacetamedica.com\/profesion\/especialidad-enfermeria-urgencias-salud-publica\/\" data-type=\"link\" data-id=\"https:\/\/gacetamedica.com\/profesion\/especialidad-enfermeria-urgencias-salud-publica\/\" rel=\"nofollow noopener\" target=\"_blank\">Enfermer\u00eda de Urgencias y Emergencias<\/a><\/strong>. \u00abLa especialidad ofrece la \u00fanica v\u00eda para que las profesionales adquieran de forma reglada la capacidad de trabajar en la incertidumbre, tomar decisiones complejas con informaci\u00f3n m\u00ednima y aplicar cuidados sin demora, lo cual es vital para la supervivencia y calidad de vida del paciente\u00bb, afirma Carmen Casal, vicepresidenta de Enfermer\u00eda de SEMES.<\/p>\n<p><strong>Las enfermeras son uno de los pilares de los servicios de Urgencias y Emergencias, que atienden anualmente unos 30 millones de consultas en Espa\u00f1a<\/strong>. Su labor requiere competencias muy diversas, como hacer una valoraci\u00f3n adecuada en el triaje, coordinar bien los recursos de emergencia en todo tipo de situaciones, dar atenci\u00f3n de primeros auxilios y estabilizar a los pacientes, darles apoyo emocional, entre otras. La sociedad estima que m\u00e1s de 13.700 enfermeras trabajan actualmente en Urgencias y Emergencias en Espa\u00f1a, para las que la especialidad supondr\u00eda, seg\u00fan Casal, \u00abun reconocimiento oficial a las competencias que ya demuestran en la pr\u00e1ctica diaria. Y, de cara a las profesionales que se incorporen, <strong>un t\u00edtulo oficial <a href=\"https:\/\/gacetamedica.com\/profesion\/plazas-eir-condiciones-laborales-enfermeras-no-buenas-no-queria-futuro\/\" data-type=\"link\" data-id=\"https:\/\/gacetamedica.com\/profesion\/plazas-eir-condiciones-laborales-enfermeras-no-buenas-no-queria-futuro\/\" rel=\"nofollow noopener\" target=\"_blank\">(EIR)<\/a> como prueba irrefutable de que el profesional ha superado un programa formativo riguroso y homog\u00e9neo\u00bb<\/strong>.<\/p>\n<p><strong>El proceso de aprobaci\u00f3n de una nueva especialidad, regulado por el Real Decreto 589\/20223, requiere que los solicitantes demuestren el cumplimiento de una serie de criterios<\/strong>, como la necesidad de una formaci\u00f3n y competencias espec\u00edficas para dedicarse a este \u00e1mbito, la existencia de recursos para la docencia, su viabilidad econ\u00f3mica, etc. En este contexto, <strong>SEMES cre\u00f3 la Comisi\u00f3n de la Especialidad en Enfermer\u00eda de Urgencias y Emergencias (EEUE), cuya funci\u00f3n es recopilar la evidencia y documentaci\u00f3n que avale el cumplimiento de todos los requisitos establecidos<\/strong>.<\/p>\n<p>La sociedad cient\u00edfica se\u00f1ala que, si bien el grado de Enfermer\u00eda proporciona una formaci\u00f3n general, <strong>las enfermeras reci\u00e9n graduadas carecen de las competencias b\u00e1sicas necesarias para asistir a pacientes en situaciones complejas<\/strong> como lo hacen los Servicios de Urgencias Hospitalarios (SUH), los Servicios de Emergencias M\u00e9dicas (SEM) o los Centros Coordinadores de Urgencias y Emergencias Sanitarias (CCUES).<\/p>\n<p><strong>\u00abNinguna de las siete especialidades enfermeras reconocidas por el Ministerio de Sanidad incluye un nivel suficiente de competencias propias de los entornos urgentes y emergentes<\/strong>, especialmente en escenarios extrahospitalarios, que puedan permitir a los profesionales enfrentarse a este tipo de asistencias, y a los pacientes, tener la seguridad de ser asistidos por enfermeras formadas y preparadas de manera coherente y suficiente\u00bb, argumenta Javier Morillo, miembro de la Comisi\u00f3n de la Especialidad de la Enfermer\u00eda de Urgencias y Emergencias de SEMES. Cabe destacar que esta comisi\u00f3n ya ha redactado el borrador de la solicitud formal, actualmente en revisi\u00f3n jur\u00eddica.<\/p>\n<p>A nivel internacional, <strong>Espa\u00f1a se homologar\u00eda a numerosos pa\u00edses de nuestro entorno que ya cuentan con programas de enfermer\u00eda de pr\u00e1ctica avanzada o especialidades diferenciadas en emergencias<\/strong>. Por ejemplo: B\u00e9lgica, Dinamarca, Holanda, Polonia, Suecia y Reino Unido, que tienen la especialidad o formaci\u00f3n reglada a nivel operativo.<\/p>\n<p><strong>Un \u00e1rea con entidad propia<\/strong><\/p>\n<p>Desde algunos \u00e1mbitos se ha planteado una especialidad conjunta con Enfermer\u00eda de Cuidados Cr\u00edticos, postura que SEMES rechaza frontalmente, defendiendo su entidad propia. <strong>\u00abConfundir la enfermer\u00eda de Urgencias con la de Cr\u00edticos es un error t\u00e9cnico y pol\u00edtico grave<\/strong>. Agrupar ambas \u00e1reas resultar\u00eda en una formaci\u00f3n h\u00edbrida e ineficaz que no responde a las realidades operativas de ninguno de los servicios\u00bb, se\u00f1ala Casal.<\/p>\n<p><strong>La experta explica que la Enfermer\u00eda de Urgencias y Emergencias act\u00faa en entornos con caos e incertidumbre, en el que las profesionales lideran la primera atenci\u00f3n, la valoraci\u00f3n r\u00e1pida y estabilizaci\u00f3n inicial para enlazar con la cadena asistencial<\/strong>, adem\u00e1s de la atenci\u00f3n en c\u00f3digos tiempo-dependientes (infarto e ictus) y cat\u00e1strofes. En cambio, la Enfermer\u00eda de Cuidados Cr\u00edticos act\u00faa en un entorno controlado, tecnificado y protocolizado, proporcionando un punto de soporte avanzado una vez que el paciente ha recibido un diagn\u00f3stico.<\/p>\n<p>Como indica el Real Decreto 589\/2022, la Enfermer\u00eda de Urgencias y Emergencias representa un extenso y diferenciado campo de la pr\u00e1ctica en Ciencias de la Salud. <strong>\u00abSi bien es cierto que puntualmente puede tener algunos contenidos comunes con otras especialidades, tiene un cuerpo doctrinal vinculado a servicios tanto hospitalarios como extrahospitalarios<\/strong>, con suficientes competencias espec\u00edficas no adquiridas en el grado como para tener 2 a\u00f1os de formaci\u00f3n propios e independientes de cualquier otra disciplina\u00bb, apunta Morillo.<\/p>\n<p>Adem\u00e1s,<strong> se trata de un campo vinculado a un perfil laboral<\/strong>. \u00abLa especialidad permitir\u00eda la estabilizaci\u00f3n de las plantillas en SUH y SEM, disminuyendo la rotaci\u00f3n y mejorando las condiciones de desarrollo profesional en una de las \u00e1reas m\u00e1s cr\u00edticas del sistema\u00bb, opina el portavoz.<\/p>\n<p><strong>Su reconocimiento e implantaci\u00f3n como especialidad supondr\u00eda tambi\u00e9n una mejora de la calidad y seguridad de la atenci\u00f3n de la salud, como pide la norma<\/strong>. \u00abLos ciudadanos necesitan profesionales bien formados, independientemente de d\u00f3nde vivan. La labor de las enfermeras garantiza el acceso universal a la sanidad en los momentos m\u00e1s agudos, ya sea un ictus, la descompensaci\u00f3n de una enfermedad cr\u00f3nica o una simple urgencia. Por tanto, <strong>la especialidad de Enfermer\u00eda de Urgencias y Emergencias no fragmenta, sino que vertebra y cohesiona el sistema sanitario y garantiza la continuidad y homogeneidad de los cuidados de enfermer\u00eda en todo el territorio\u00bb<\/strong>, argumenta Morillo.<\/p>\n<p>Por otro lado, <strong>\u00ablos SUH y SEM son los \u00e1mbitos con mayor volumen de eventos adversos de alto riesgo, cuando hay estudios que indican que el 70% son potencialmente evitables<\/strong>. Una formaci\u00f3n especializada es crucial para reducir esta incidencia y elevar los est\u00e1ndares de calidad en entornos de alta presi\u00f3n\u00bb.<\/p>\n<p>Sin embargo, para conseguir la creaci\u00f3n de la especialidad, no solo es necesario que la Enfermer\u00eda de Urgencias y Emergencias demuestre que cumple con los requisitos t\u00e9cnicos, sino que adem\u00e1s debe ser avalada por al menos 7 Consejer\u00edas de Sanidad y aceptada por la mayor\u00eda. <strong>\u00abTenemos ya varios apoyos por parte de varias Comunidades Aut\u00f3nomas\u00bb<\/strong>, asegura Casal, \u00abpero un ejemplo contundente es la moci\u00f3n que la Asamblea Regional de Murcia aprob\u00f3 por unanimidad el 22 de mayo de 2025, solicitando al Gobierno de Espa\u00f1a la creaci\u00f3n de la especialidad\u00bb.<\/p>\n<p><strong>Casal defiende que \u00abuna especialidad propia para Enfermer\u00eda de Urgencias y Emergencias tiene tanto sentido como lo tuvo en su d\u00eda la aprobaci\u00f3n de la especialidad de Medicina de Urgencias y Emergencias<\/strong>. Es la \u00fanica v\u00eda para alcanzar la excelencia asistencial y asegurar la resiliencia de nuestro sistema sanitario ante cualquier desaf\u00edo futuro\u00bb.<\/p>\n<p><strong>Tambi\u00e9n te puede interesar\u2026<\/strong><\/p>\n","protected":false},"excerpt":{"rendered":"Con la llegada del nuevo a\u00f1o, uno de los prop\u00f3sitos para 2026 m\u00e1s importantes para la Sociedad Espa\u00f1ola&hellip;\n","protected":false},"author":2,"featured_media":312120,"comment_status":"","ping_status":"","sticky":false,"template":"","format":"standard","meta":{"footnotes":""},"categories":[42],"tags":[17,18,13,14,11,61,62,63,64,19,20,9,10,15,16,12,21,22,65,66,67],"class_list":{"0":"post-312119","1":"post","2":"type-post","3":"status-publish","4":"format-standard","5":"has-post-thumbnail","7":"category-internacional","8":"tag-breaking-news","9":"tag-breakingnews","10":"tag-featured-news","11":"tag-featurednews","12":"tag-headlines","13":"tag-internacional","14":"tag-international","15":"tag-international-news","16":"tag-internationalnews","17":"tag-latest-news","18":"tag-latestnews","19":"tag-news","20":"tag-noticias","21":"tag-noticias-destacadas","22":"tag-noticiasdestacadas","23":"tag-titulares","24":"tag-ultimas-noticias","25":"tag-ultimasnoticias","26":"tag-world","27":"tag-world-news","28":"tag-worldnews"},"share_on_mastodon":{"url":"","error":""},"_links":{"self":[{"href":"https:\/\/www.europesays.com\/es\/wp-json\/wp\/v2\/posts\/312119","targetHints":{"allow":["GET"]}}],"collection":[{"href":"https:\/\/www.europesays.com\/es\/wp-json\/wp\/v2\/posts"}],"about":[{"href":"https:\/\/www.europesays.com\/es\/wp-json\/wp\/v2\/types\/post"}],"author":[{"embeddable":true,"href":"https:\/\/www.europesays.com\/es\/wp-json\/wp\/v2\/users\/2"}],"replies":[{"embeddable":true,"href":"https:\/\/www.europesays.com\/es\/wp-json\/wp\/v2\/comments?post=312119"}],"version-history":[{"count":0,"href":"https:\/\/www.europesays.com\/es\/wp-json\/wp\/v2\/posts\/312119\/revisions"}],"wp:featuredmedia":[{"embeddable":true,"href":"https:\/\/www.europesays.com\/es\/wp-json\/wp\/v2\/media\/312120"}],"wp:attachment":[{"href":"https:\/\/www.europesays.com\/es\/wp-json\/wp\/v2\/media?parent=312119"}],"wp:term":[{"taxonomy":"category","embeddable":true,"href":"https:\/\/www.europesays.com\/es\/wp-json\/wp\/v2\/categories?post=312119"},{"taxonomy":"post_tag","embeddable":true,"href":"https:\/\/www.europesays.com\/es\/wp-json\/wp\/v2\/tags?post=312119"}],"curies":[{"name":"wp","href":"https:\/\/api.w.org\/{rel}","templated":true}]}}