{"id":312123,"date":"2025-12-29T13:56:09","date_gmt":"2025-12-29T13:56:09","guid":{"rendered":"https:\/\/www.europesays.com\/es\/312123\/"},"modified":"2025-12-29T13:56:09","modified_gmt":"2025-12-29T13:56:09","slug":"navidades-pop-rumbamania-por-navidad-y-la-tradicional-carrera-de-san-silvestre-propuestas-para-cerrar-el-fin-de-ano-sin-parar-en-collado-villalba-ayuntamiento-d","status":"publish","type":"post","link":"https:\/\/www.europesays.com\/es\/312123\/","title":{"rendered":"\u2018Navidades Pop\u2019, \u2018Rumbaman\u00eda por Navidad\u2019 y la tradicional carrera de San Silvestre, propuestas para cerrar el fin de a\u00f1o sin parar en Collado Villalba &#8211; Ayuntamiento de Collado Villalba"},"content":{"rendered":"<p><strong>Tras el \u00e9xito de las actividades celebradas en los \u00faltimos d\u00edas en la Carpa de la Malvaloca, durante toda la semana de Nochevieja contin\u00faan los espect\u00e1culos en este espacio, con propuestas gratuitas para p\u00fablico infantil, juvenil y adulto, como el concierto Navidades Pop, que tendr\u00e1 lugar, este lunes, 29 de diciembre, con Mar Lucas, Noan, Alex Wall, Lemot y los Dj\u00b4s Xinli y Albert Kren.\u00a0<\/strong><\/p>\n<p>La fiesta contin\u00faa el martes 30, con el espect\u00e1culo <strong>\u201cRumbaman\u00eda por Navidad\u201d<\/strong>.\u00a0 Y el 2026 se estrena con el concierto <strong>\u201cTributo Guerreras K-Pop\u201d<\/strong>, el pr\u00f3ximo viernes, en horario matinal, una actividad dirigida especialmente al p\u00fablico juvenil e infantil, con un evento inspirado en los grandes \u00e9xitos del K-Pop.\u00a0<\/p>\n<p>Al d\u00eda siguiente, el s\u00e1bado 3 de enero, llegar\u00e1 otro plato fuerte de las fiestas, especialmente para el p\u00fablico familiar, con el concierto <strong>\u201cUn paseo por Disney\u201d<\/strong>, con Mireia Mont\u00e1vez, como todos los eventos anteriores, tambi\u00e9n en la carpa.<\/p>\n<p>San Silvestre el 31 de diciembre<\/p>\n<p>Este mi\u00e9rcoles, 31 de diciembre, deportistas de todas las edades despedir\u00e1n el a\u00f1o corriendo en Collado Villalba, en una nueva edici\u00f3n de una de las carreras m\u00e1s multitudinarias y divertidas del a\u00f1o, la San Silvestre, que en 2025 celebra su duod\u00e9cimo aniversario.\u00a0<\/p>\n<p>El evento, que estar\u00e1 amenizado por una charanga itinerante, arrancar\u00e1 a las 18:00 h., con salida y meta en el \u00e1gora de la Biblioteca Miguel Hern\u00e1ndez. Los participantes, muchos de ellos disfrazados, realizar\u00e1n un recorrido por el casco urbano, de 5,5 kil\u00f3metros.<\/p>\n<p>La prueba contar\u00e1 con un amplio dispositivo, integrado por agentes de la Polic\u00eda Local y Protecci\u00f3n Civil, que velar\u00e1n por el buen desarrollo de la carrera.<\/p>\n<p>La recogida de dorsales, <strong>podr\u00e1 realizarse en PyT Villalba, <\/strong>situado en la Ciudad Deportiva, el lunes 29 y el martes 30, en horario de 18:00 a 22:00 h<\/p>\n<p>\u201cLa Navidad de Pe\u00f1alba\u201d<\/p>\n<p>Pero la Navidad llega a todos los rincones de la localidad.\u00a0 Siguen las actividades en el hist\u00f3rico Parque de Pe\u00f1alba, un jard\u00edn renacentista acompa\u00f1ado de una casona del siglo XX, hasta el d\u00eda 6 de enero, en un espacio lleno de luz, tradici\u00f3n y actividades para toda la familia gracias al evento \u201cLa Navidad de Pe\u00f1alba\u201d.\u00a0<\/p>\n<p>Durante toda la semana, Pe\u00f1alba se llenar\u00e1 de luz y encanto con grandes figuras navide\u00f1as, \u00e1rboles decorados y rincones donde la fantas\u00eda toma forma. En su interior, se instalar\u00e1 un Mercado Navide\u00f1o con casetas de artesan\u00eda y restauraci\u00f3n, productos navide\u00f1os artesanos, dulces tradicionales, panettones, juguetes, complementos de invierno, cuero y joyer\u00eda.<\/p>\n<p>Un Bel\u00e9n a escala real y un carrusel solidario<\/p>\n<p>Entre los principales atractivos, el p\u00fablico podr\u00e1 visitar un Bel\u00e9n a escala real, elaborado a mano con fibra. Tambi\u00e9n estar\u00e1 presente un carrusel de \u00e9poca, decorado con caballitos dorados y blancos. Cada viaje ser\u00e1 solidario y cada vuelta supondr\u00e1 un donativo simb\u00f3lico de un euro destinado a Apascovi, llenando la Navidad de Pe\u00f1alba de alegr\u00eda\u2026 y tambi\u00e9n de compromiso.<\/p>\n<p>Horarios Mercado de la Navidad del Parque de Pe\u00f1alba\u00a0<\/p>\n<p>\u2022\u00a0 \u00a0 De 12:00 a 14:00 h. y de 17:00 a 21:00 h. (artesan\u00eda)<br \/>\u2022\u00a0 \u00a0 De 12:00 a 14:00 h. y de 17:00 a 23:00 h. (restauraci\u00f3n)<\/p>\n<p>Horarios especiales<\/p>\n<p>\u2022\u00a0 \u00a0 31 diciembre: solo ma\u00f1ana<br \/>\u2022\u00a0 \u00a0 1 enero: cerrado<br \/>\u2022\u00a0 \u00a0 5 enero: hasta las 18:00 h.<\/p>\n<p>50 talleres gratuitos de tem\u00e1tica navide\u00f1a<\/p>\n<p>El recinto contar\u00e1 con una gran carpa para que, independientemente del clima, puedan celebrarse 50 talleres gratuitos dirigidos a los m\u00e1s peque\u00f1os. Les acompa\u00f1ar\u00e1n elfos, pajes, cascanueces, Reyes Magos y un Paje Real, acercando la ilusi\u00f3n navide\u00f1a a cada actividad.<\/p>\n<p>Talleres generales del Mercadillo (gratuitos)<\/p>\n<p>\u2022\u00a0 \u00a0 Taller de pompas de jab\u00f3n (de 18:00 a 20:00 h)<\/p>\n<p><strong>29 de diciembre<\/strong><\/p>\n<p>\u2022\u00a0 \u00a0 Decoraci\u00f3n de platos (12:00\u201314:00 h)<br \/>\u2022\u00a0 \u00a0 Pompones navide\u00f1os (17:30\u201319:30 h)<\/p>\n<p><strong>30 de diciembre<\/strong><\/p>\n<p>\u2022\u00a0 \u00a0 Preuvas infantiles (12:00\u201314:00 h)<br \/>\u2022\u00a0 \u00a0 PintaTattoos navide\u00f1os (17:30\u201319:30 h)<\/p>\n<p><strong>31 de diciembre<\/strong><\/p>\n<p>\u2022\u00a0 \u00a0 Taller de magia\u00a0<\/p>\n<p><strong>2 de enero<\/strong><\/p>\n<p>\u2022\u00a0 \u00a0 Visita del Paje Real (12:00\u201314:00 h)<br \/>\u2022\u00a0 \u00a0 Paje m\u00e1gico (17:30\u201319:30 h)<\/p>\n<p><strong>3 de enero<\/strong><\/p>\n<p>\u2022\u00a0 \u00a0 Dibujo para los Reyes Magos (12:00\u201314:00 h)<br \/>\u2022\u00a0 \u00a0 Pintar con las manos (17:30\u201319:30 h)<\/p>\n<p><strong>4 de enero<\/strong><\/p>\n<p>\u2022\u00a0 \u00a0 Chapas (12:00\u201314:00 h)<br \/>\u2022\u00a0 \u00a0 Colorea la Navidad (17:30\u201319:30 h)<\/p>\n<p><strong>5 de enero<\/strong><\/p>\n<p>\u2022\u00a0 \u00a0 Pintacaras (12:00\u201314:00 h)<\/p>\n<p>Programaci\u00f3n Carpa La Malvaloca<\/p>\n<p><strong>Lunes, 29 de diciembre<\/strong><\/p>\n<p>Concierto \u201cNavidades Pop\u201d, con Mar Lucas<br \/>\u2022\u00a0 \u00a0 Hora: 21:00 h<br \/>\u2022\u00a0 \u00a0 Entrada: Gratuita. Aforo limitado<br \/>La reconocida artista juvenil presenta un espect\u00e1culo navide\u00f1o en clave pop, pensado para el p\u00fablico joven y adolescente<\/p>\n<p><strong>Martes, 30 de diciembre<\/strong><\/p>\n<p>\u00a0Concierto \u201cRumbaman\u00eda por Navidad\u201d<br \/>\u2022\u00a0 \u00a0 Hora: 21:00 h<br \/>\u2022\u00a0 \u00a0 Entrada: Gratuita hasta completar aforo<br \/>Una noche dedicada a los mejores temas de la rumba espa\u00f1ola para disfrutar en familia durante las fiestas<\/p>\n<p><strong>Viernes, 2 de enero<\/strong><\/p>\n<p>Concierto \u201cTributo Guerreras K-Pop\u201d<\/p>\n<p>\u2022\u00a0 \u00a0 Hora: 12:00 h<br \/>\u2022\u00a0 \u00a0 Acceso: Gratuito hasta completar aforo<br \/>Actividad dirigida especialmente a p\u00fablico juvenil e infantil, con un espect\u00e1culo inspirado en los grandes \u00e9xitos del K-Pop<br \/>\u00a0<\/p>\n<p><strong>S\u00e1bado, 3 de enero<\/strong><\/p>\n<p>Despu\u00e9s del rosc\u00f3n solidario en la Plaza de la Estaci\u00f3n\u2026 nos vamos a la Malvaloca. Concierto \u201cUn paseo por Disney\u201d, con Mireia Mont\u00e1vez<\/p>\n<p>\u2022\u00a0 \u00a0 Apertura de puertas: 19:00 h<br \/>\u2022\u00a0 \u00a0 Entrada: Gratuita hasta completar aforo<br \/>Un recorrido musical por las bandas sonoras m\u00e1s emblem\u00e1ticas del universo Disney, pensado para disfrutar en familia estas fiestas<\/p>\n<p>\u00a0<\/p>\n<p><img decoding=\"async\" alt=\"\" src=\"https:\/\/www.europesays.com\/es\/wp-content\/uploads\/2025\/12\/cbd70560-c554-b25c-c068-c8826a706ba7.jpeg\"\/><br \/>\u200b\u200b\u200b\u200b\u200b\u200b\u200b<\/p>\n<p>\u00a0<\/p>\n","protected":false},"excerpt":{"rendered":"Tras el \u00e9xito de las actividades celebradas en los \u00faltimos d\u00edas en la Carpa de la Malvaloca, durante&hellip;\n","protected":false},"author":2,"featured_media":312124,"comment_status":"","ping_status":"","sticky":false,"template":"","format":"standard","meta":{"footnotes":""},"categories":[5],"tags":[17,18,25,24,13,14,11,19,20,9,10,15,16,338,23,12,21,22],"class_list":{"0":"post-312123","1":"post","2":"type-post","3":"status-publish","4":"format-standard","5":"has-post-thumbnail","7":"category-titulares","8":"tag-breaking-news","9":"tag-breakingnews","10":"tag-es","11":"tag-espana","12":"tag-featured-news","13":"tag-featurednews","14":"tag-headlines","15":"tag-latest-news","16":"tag-latestnews","17":"tag-news","18":"tag-noticias","19":"tag-noticias-destacadas","20":"tag-noticiasdestacadas","21":"tag-portada","22":"tag-spain","23":"tag-titulares","24":"tag-ultimas-noticias","25":"tag-ultimasnoticias"},"share_on_mastodon":{"url":"https:\/\/pubeurope.com\/@es\/115803205342338266","error":""},"_links":{"self":[{"href":"https:\/\/www.europesays.com\/es\/wp-json\/wp\/v2\/posts\/312123","targetHints":{"allow":["GET"]}}],"collection":[{"href":"https:\/\/www.europesays.com\/es\/wp-json\/wp\/v2\/posts"}],"about":[{"href":"https:\/\/www.europesays.com\/es\/wp-json\/wp\/v2\/types\/post"}],"author":[{"embeddable":true,"href":"https:\/\/www.europesays.com\/es\/wp-json\/wp\/v2\/users\/2"}],"replies":[{"embeddable":true,"href":"https:\/\/www.europesays.com\/es\/wp-json\/wp\/v2\/comments?post=312123"}],"version-history":[{"count":0,"href":"https:\/\/www.europesays.com\/es\/wp-json\/wp\/v2\/posts\/312123\/revisions"}],"wp:featuredmedia":[{"embeddable":true,"href":"https:\/\/www.europesays.com\/es\/wp-json\/wp\/v2\/media\/312124"}],"wp:attachment":[{"href":"https:\/\/www.europesays.com\/es\/wp-json\/wp\/v2\/media?parent=312123"}],"wp:term":[{"taxonomy":"category","embeddable":true,"href":"https:\/\/www.europesays.com\/es\/wp-json\/wp\/v2\/categories?post=312123"},{"taxonomy":"post_tag","embeddable":true,"href":"https:\/\/www.europesays.com\/es\/wp-json\/wp\/v2\/tags?post=312123"}],"curies":[{"name":"wp","href":"https:\/\/api.w.org\/{rel}","templated":true}]}}