{"id":312125,"date":"2025-12-29T14:01:08","date_gmt":"2025-12-29T14:01:08","guid":{"rendered":"https:\/\/www.europesays.com\/es\/312125\/"},"modified":"2025-12-29T14:01:08","modified_gmt":"2025-12-29T14:01:08","slug":"alcaraz-obligado-a-evocar-el-pasado-para-superar-su-ruptura-con-ferrero-ha-aprendido-a-blindarse-del-exterior-tenis","status":"publish","type":"post","link":"https:\/\/www.europesays.com\/es\/312125\/","title":{"rendered":"Alcaraz, obligado a evocar el pasado para superar su ruptura con Ferrero: \u00abHa aprendido a blindarse del exterior\u00bb | Tenis"},"content":{"rendered":"<p>Carlos Alcaraz es una persona muy fuerte de mente. Si algo ha trabajado el murciano desde su llegada a la \u00e9lite del tenis mundial es su capacidad para gestionar las emociones tanto dentro como fuera de la pista. El &#8216;no irse&#8217; psicol\u00f3gicamente de los encuentros cuando las cosas pintan mal ha hecho, entre otros muchos logros, que termine el 2025 <a href=\"https:\/\/cadenaser.com\/nacional\/2025\/11\/14\/alcaraz-mantiene-su-ambicion-consagrado-como-numero-1-mi-deseo-terminar-el-ano-con-los-titulos-de-las-finales-atp-y-la-davis-cadena-ser\/\" target=\"_blank\" rel=\"noreferrer nofollow noopener\" title=\"https:\/\/cadenaser.com\/nacional\/2025\/11\/14\/alcaraz-mantiene-su-ambicion-consagrado-como-numero-1-mi-deseo-terminar-el-ano-con-los-titulos-de-las-finales-atp-y-la-davis-cadena-ser\/\">siendo el mejor jugador tenista del mundo<\/a>. <\/p>\n<p>Al principio de la temporada, en un momento importante, Carlos Alcaraz decidi\u00f3 tomarse unos d\u00edas de vacaciones cuando m\u00e1s cr\u00edticas recibi\u00f3. <a href=\"https:\/\/cadenaser.com\/murcia\/2025\/03\/22\/alcaraz-se-estrella-ante-goffin-y-le-dice-adios-a-miami-a-las-primeras-de-cambio-radio-murcia\/\" target=\"_blank\" rel=\"noreferrer nofollow noopener\" title=\"https:\/\/cadenaser.com\/murcia\/2025\/03\/22\/alcaraz-se-estrella-ante-goffin-y-le-dice-adios-a-miami-a-las-primeras-de-cambio-radio-murcia\/\">Perdi\u00f3 en su debut del Miami Open frente a David Goffin por 2-1<\/a> y decidi\u00f3 poner un punto y aparte antes de que el curso fuera cuesta abajo. Una escapada con familiares le hizo no tocar una raqueta durante una semana y eso termin\u00f3 en el a\u00f1o tan exitoso que ha terminado teniendo, el mejor de su carrera. Ocho t\u00edtulos y 71 victorias avalan sus vacaciones en Miami y, sobre todo, dan la raz\u00f3n al jugador en el devenir de su propia carrera. <\/p>\n<p>Ahora, <a href=\"https:\/\/cadenaser.com\/nacional\/2025\/12\/23\/el-peor-presagio-que-ha-derivado-de-la-ruptura-entre-alcaraz-y-ferrero-me-preocupa-podria-abandonar-el-tenis-como-borg-cadena-ser\/\" target=\"_blank\" rel=\"noreferrer nofollow noopener\" title=\"https:\/\/cadenaser.com\/nacional\/2025\/12\/23\/el-peor-presagio-que-ha-derivado-de-la-ruptura-entre-alcaraz-y-ferrero-me-preocupa-podria-abandonar-el-tenis-como-borg-cadena-ser\/\">con Carlos en el foco por su ruptura con Ferrero<\/a>, afronta un nuevo curso tratando de adaptarse a nivel mental a la ruptura con el entrenador que le ha llevado a la \u00e9lite. Eso s\u00ed, si algo ha demostrado Alcaraz es su fuerte mentalidad y su resiliencia cuando las voces externas han sido m\u00e1s cr\u00edticas con \u00e9l. Esta idea tambi\u00e9n la comparte Alejandro Ciriza, quien charla con Ant\u00f3n Meana en El Larguero <a href=\"https:\/\/cadenaser.com\/nacional\/2025\/12\/24\/ferrero-sobre-la-ruptura-con-alcaraz-carlos-era-consciente-de-por-donde-iba-todo-pero-es-una-decision-de-equipo-cadena-ser\/\" target=\"_blank\" rel=\"noreferrer nofollow noopener\" title=\"https:\/\/cadenaser.com\/nacional\/2025\/12\/24\/ferrero-sobre-la-ruptura-con-alcaraz-carlos-era-consciente-de-por-donde-iba-todo-pero-es-una-decision-de-equipo-cadena-ser\/\">despu\u00e9s de haber entrevistado a Juan Carlos Ferrero para El Pa\u00eds tras su ruptura con Alcaraz.<\/a> <\/p>\n<p>La entrevista, al completo<\/p>\n<p><b>Pregunta: \u00bfC\u00f3mo viste a Ferrero?<\/b><\/p>\n<p><b>Respuesta: <\/b>\u00abPercib\u00ed una mezcla de tristeza y, sobre todo, resignaci\u00f3n. Es un final indeseado para todas las partes. Ha sido m\u00e1s abrupto de lo esperado. Dec\u00eda que no estaba del todo dolido, pero yo s\u00ed que percib\u00ed ese sentimiento de tristeza\u00bb.<\/p>\n<p>M\u00e1s informaci\u00f3n<\/p>\n<p><b>P.: \u00bfTe ha sorprendido la ruptura? <\/b><\/p>\n<p><b>R.: <\/b>\u00abMe ha sorprendido el timing, eso sobre todo. Carlos viene de hacer su mejor temporada con ocho t\u00edtulos y 71 victorias. Ha conseguido la regularidad y consistencia que ansiaba y nos ha pillado a contrapi\u00e9. Siempre idealizamos mucho las relaciones profesionales en el deporte y esto puede acabar de la noche a la ma\u00f1ana. Adem\u00e1s, desde hace tiempo ya hab\u00eda algo de runr\u00fan entre bastidores. El tenis es un deporte que exige estar todo el rato juntos y reunidos por todas las partes del mundo. Eso tiene un efecto y el documental ofreci\u00f3 una serie de indicios en donde se pon\u00eda de manifiesto la realidad que hab\u00eda\u00bb.<\/p>\n<p><b>Pregunta: Se dice que el padre ha tenido que ver&#8230;<\/b><\/p>\n<p><b>R.: <\/b>\u00abEl desgaste es generalizado. Es normal y l\u00f3gico en las carreras de los tenistas porque son muchas horas, d\u00edas y a\u00f1os juntos. Es un problema que afecta a lo colectivo. Entre Carlos y Juan Carlos las fricciones han ido creciendo, pero son l\u00f3gicas y entran dentro de lo normal. Todas las partes intervienen. No debemos olvidar que el padre de Carlos es un hombre de tenis, no es un ejecutivo que solo mira n\u00fameros. Tambi\u00e9n tiene incidencia y hay cosas que le gustan y otras que no\u00bb. <\/p>\n<p><b>P.: \u00bfHa sido por cuestiones econ\u00f3micas?<\/b><\/p>\n<p><b>R.: <\/b>\u00abJuan Carlos dijo que no era una cuesti\u00f3n de dinero. Habr\u00e1 influido desde mi opini\u00f3n, pero responde a todos los \u00e1ngulos: deportivo, estrat\u00e9gico&#8230; Tiene peso la disminuci\u00f3n en la presencialidad de Ferrero en el banquillo. De los ocho torneos que ha ganado Alcaraz en el a\u00f1o, Samu L\u00f3pez ha estado en cuatro de ellos en el banquillo. Es un todo\u00bb.<\/p>\n<p><b>P.: Sorprende que no se hayan sentado a hablar&#8230;<\/b><\/p>\n<p><b>R.: <\/b>\u00abMe choc\u00f3 que no se hubieran sentado para hablar y ver qu\u00e9 hac\u00edan, que existiese la voluntariedad de arreglar las cosas. Me llam\u00f3 poderosamente la atenci\u00f3n\u00bb. <\/p>\n<p><b>P.: Da la sensaci\u00f3n que Ferrero es el bueno en esta historia<\/b><\/p>\n<p><b>R.: <\/b>\u00abEsta historia genera mucho inter\u00e9s y curiosidad, pero no es de buenos y malos. Juan Carlos ha decidido hablar y explicarse, que lo demand\u00e1bamos todo el mundo, y Carlos mantiene el silencio. As\u00ed ser\u00e1 hasta Australia. Ah\u00ed incluso se aislar\u00e1 lo m\u00e1ximo posible. Tanto Carlos como su entorno, conociendo a su familia, mantendr\u00e1n la l\u00ednea de discreci\u00f3n. No es de buenos y malos\u00bb. <\/p>\n<p><b>P.: \u00bfC\u00f3mo crees que afectar\u00e1 a Carlos esta ruptura a nivel deportivo?<\/b><\/p>\n<p><b>R.: <\/b>\u00abMe cuesta pensar que no le va a afectar en Australia. Queda poco tiempo para empezar y se va a hablar m\u00e1s de este episodio que de lo puramente deportivo. El impacto inicial ser\u00e1 importante. Eso s\u00ed, Carlos es alguien con una cabeza muy fuerte y ha aprendido a blindarse del exterior. Ojal\u00e1 y le vaya lo mejor posible. Vamos a ver qu\u00e9 tal lo hace con Samuel, alguien que le conoce muy bien. Tiene un perfil m\u00e1s conciliador que Juan Carlos, que hac\u00eda m\u00e1s de polic\u00eda malo en este t\u00e1ndem. A ver por d\u00f3nde salen los tiros, pero hay buen rollo y por qu\u00e9 no pensar en que Carlos pueda sostener el ritmo\u00bb. <\/p>\n","protected":false},"excerpt":{"rendered":"Carlos Alcaraz es una persona muy fuerte de mente. Si algo ha trabajado el murciano desde su llegada&hellip;\n","protected":false},"author":2,"featured_media":312126,"comment_status":"","ping_status":"","sticky":false,"template":"","format":"standard","meta":{"footnotes":""},"categories":[274],"tags":[1765,168,25,24,23,167,327,326,1766],"class_list":{"0":"post-312125","1":"post","2":"type-post","3":"status-publish","4":"format-standard","5":"has-post-thumbnail","7":"category-tenis","8":"tag-bestof","9":"tag-deportes","10":"tag-es","11":"tag-espana","12":"tag-spain","13":"tag-sports","14":"tag-tenis","15":"tag-tennis","16":"tag-topix"},"share_on_mastodon":{"url":"https:\/\/pubeurope.com\/@es\/115803225110290911","error":""},"_links":{"self":[{"href":"https:\/\/www.europesays.com\/es\/wp-json\/wp\/v2\/posts\/312125","targetHints":{"allow":["GET"]}}],"collection":[{"href":"https:\/\/www.europesays.com\/es\/wp-json\/wp\/v2\/posts"}],"about":[{"href":"https:\/\/www.europesays.com\/es\/wp-json\/wp\/v2\/types\/post"}],"author":[{"embeddable":true,"href":"https:\/\/www.europesays.com\/es\/wp-json\/wp\/v2\/users\/2"}],"replies":[{"embeddable":true,"href":"https:\/\/www.europesays.com\/es\/wp-json\/wp\/v2\/comments?post=312125"}],"version-history":[{"count":0,"href":"https:\/\/www.europesays.com\/es\/wp-json\/wp\/v2\/posts\/312125\/revisions"}],"wp:featuredmedia":[{"embeddable":true,"href":"https:\/\/www.europesays.com\/es\/wp-json\/wp\/v2\/media\/312126"}],"wp:attachment":[{"href":"https:\/\/www.europesays.com\/es\/wp-json\/wp\/v2\/media?parent=312125"}],"wp:term":[{"taxonomy":"category","embeddable":true,"href":"https:\/\/www.europesays.com\/es\/wp-json\/wp\/v2\/categories?post=312125"},{"taxonomy":"post_tag","embeddable":true,"href":"https:\/\/www.europesays.com\/es\/wp-json\/wp\/v2\/tags?post=312125"}],"curies":[{"name":"wp","href":"https:\/\/api.w.org\/{rel}","templated":true}]}}