{"id":312139,"date":"2025-12-29T14:10:08","date_gmt":"2025-12-29T14:10:08","guid":{"rendered":"https:\/\/www.europesays.com\/es\/312139\/"},"modified":"2025-12-29T14:10:08","modified_gmt":"2025-12-29T14:10:08","slug":"jeff-scott-soto-niega-que-yngwie-se-refiriera-a-el-en-su-ultimo-comunicado-masterplan-ultimando-su-proxima-obra-video-en-directo-de-wind-rose","status":"publish","type":"post","link":"https:\/\/www.europesays.com\/es\/312139\/","title":{"rendered":"Jeff Scott Soto niega que Yngwie se refiriera a \u00e9l en su \u00faltimo comunicado. MASTERPLAN ultimando su pr\u00f3xima obra. V\u00eddeo en directo de WIND ROSE."},"content":{"rendered":"<p>\u00a0<\/p>\n<p style=\"text-align: center;\"><strong><a href=\"#Soto\">Jeff Scott Soto niega que Yngwie se refiriera a \u00e9l en su \u00faltimo comunicado<\/a> \u2013 <a href=\"#MASTERPLAN\">MASTERPLAN ultimando su pr\u00f3xima obra<\/a> \u2013 <a href=\"#WIND_ROSE\">V\u00eddeo en directo de WIND ROSE<\/a>.<\/strong><\/p>\n<p>En una reciente entrevista con Artists On Record With Stefan Adika, <a href=\"https:\/\/jeffscottsoto.com\/\" target=\"_blank\" rel=\"noopener nofollow\"><strong>Jeff Scott Soto<\/strong><\/a>\u00a0(<strong>TALISMAN<\/strong>,\u00a0<strong>JOURNEY<\/strong>,\u00a0<strong>SONS OF APOLLO, SOTO, WET, TRANS-SIBERIAN ORCHESTRA<\/strong>,\u00a0<strong>AXEL RUDI PELL<\/strong>) ha negado que la <a href=\"https:\/\/www.rafabasa.com\/2025\/12\/19\/yngwie-malmsteen-leaves-eyes-bullet\/#Yngwie\" rel=\"nofollow noopener\" target=\"_blank\">reciente publicaci\u00f3n<\/a> de Yngwie Malmsteen criticando a sus excantantes se refiriera a \u00e9l.<\/p>\n<p>\u00abMi tel\u00e9fono estuvo dos d\u00edas sonando. Todo el mundo pensaba que estaba hablando otra vez de m\u00ed, pero no era as\u00ed. Estaba hablando de otros dos excantantes que van a hacer conciertos como tributo a Yngwie o a la \u00e9poca que pasaron con \u00e9l. Imagino que lo promocionaron y \u00e9l se enter\u00f3, de ah\u00ed viene todo. No tiene nada que ver conmigo. Yo no voy a salir a hacer nada que tenga que ver con Yngwie o a intentar capitalizar su nombre o su legado, para nada. Lo \u00fanico que hago son publicaciones celebrando mi participaci\u00f3n, las cosas que hice con \u00e9l porque tambi\u00e9n son mi legado o como quieras llamarlo. Tambi\u00e9n es parte de mi historia, as\u00ed que lo celebro. No estoy intentando subirme a ning\u00fan carro ni sacar nada de \u00e9l en ese sentido.\u201d<\/p>\n<p>El vocalista tambi\u00e9n habl\u00f3 de su actual relaci\u00f3n con <strong>Malmsteen<\/strong>.<\/p>\n<p>\u00abBueno, tendr\u00edas que prestar m\u00e1s atenci\u00f3n a los medios y todo eso, porque si lo hicieras, sabr\u00edas que no hay ninguna relaci\u00f3n entre Yngwie y yo. Aunque estoy intentando cambiar eso, he intentado ofrecer una rama de olivo para arreglarlo y cambiarlo. El rollo es que todo el mundo piensa que quiero algo de Malmsteen, que solo lo hago porque quiero volver con \u00e9l, y no es as\u00ed, yo solo quiero paz. Quiero paz y armon\u00eda con todo el mundo con quien he trabajado a lo largo de mi carrera. Por eso sigo ofreciendo esa rama de olivo, porque tengo 60 a\u00f1os y \u00bfqui\u00e9n sabe cu\u00e1nto me queda en el planeta? Quiero irme sin enemigos, con todo aclarado. Solo quiero tener una buena relaci\u00f3n con todo el mundo en mi vida. Y Malmsteen y yo no hablamos, no estamos en contacto. Yo no voy a sus conciertos ni \u00e9l viene a los m\u00edos, pero espero que podamos cambiar eso un d\u00eda.\u201d<\/p>\n<p>Ten\u00e9is la charla completa a continuaci\u00f3n.<\/p>\n<p>Como ya comentamos, Malmsteen se refiere al anuncio realizado por sus excantantes Mark Boals y Mike Vescera, quienes se han asociado para ofrecer el pr\u00f3ximo oto\u00f1o una gira denominada \u201cThe Seventh Trilogy Tour\u201d en la que tocar\u00e1n temas de los discos que grabaron con el guitarrista.<\/p>\n<p>Soto estren\u00f3 en 2023 su <a href=\"https:\/\/www.rafabasa.com\/2023\/11\/01\/avatar-jeff-scott-soto-sky-empire-nulled\/#SKY_EMPIRE\" target=\"_blank\" rel=\"noopener nofollow\">banda SKY EMPIRE<\/a>.<\/p>\n<p>Las \u00faltimas novedades del vocalista en esta <a href=\"https:\/\/www.rafabasa.com\/2024\/12\/27\/angelus-apatrida-jeff-scott-soto-paul-dianno-sikario\/\" rel=\"nofollow noopener\" target=\"_blank\">noticia<\/a>.<\/p>\n<p><img fetchpriority=\"high\" decoding=\"async\" src=\"https:\/\/www.europesays.com\/es\/wp-content\/uploads\/2025\/12\/2015_7_500.jpg\" alt=\"Soto\" width=\"500\" height=\"279\"\/><\/p>\n<p>\u00a0<\/p>\n<p>\u00a0<\/p>\n<p>El guitarrista y l\u00edder de <strong>MASTERPLAN<\/strong> <strong>Roland Grapow<\/strong> ha hablado del <a href=\"https:\/\/www.rafabasa.com\/2025\/10\/13\/masterplan-armored-saint-john-waterhouse\/#MASTERPLAN\" rel=\"nofollow noopener\" target=\"_blank\">pr\u00f3ximo disco<\/a> del grupo en una entrevista con Todo Mundo Em Campo.<\/p>\n<p>\u00abYa est\u00e1 terminado. Ha sido un proceso largo, creo que empezamos hace 5 a\u00f1os, ha llevado mucho tiempo. Mi idea era hacer algo m\u00e1s directo, sin tantos elementos progresivos, y no demasiado mel\u00f3dico. Me encantan las melod\u00edas, pero no tan pop o comercial. Por eso se llama \u201cMetalmorphosis\u201d, porque hemos vuelto un poco a una direcci\u00f3n m\u00e1s dura, quiz\u00e1 una direcci\u00f3n que MASTERPLAN nunca han explotado. No obstante seguimos teniendo nuestras cosas; hay temas a medio tiempo, cosas progresivas, pero creo que este disco es m\u00e1s directo. Esa ha sido mi inspiraci\u00f3n. No quer\u00eda comprometerme. A lo mejor el pr\u00f3ximo disco es m\u00e1s duro incluso, niunca se sabe. Tambi\u00e9n depende de como lo reciba la gente.\u201d<\/p>\n<p>Ten\u00e9is la charla completa a continuaci\u00f3n.<\/p>\n<p>En principio el disco llevar\u00e1 por t\u00edtulo \u201cMetalmorphosis\u201d y saldr\u00e1 a primeros del a\u00f1o pr\u00f3ximo auspiciado por Frontiers Music.<\/p>\n<p>La banda <a href=\"https:\/\/www.rafabasa.com\/2024\/01\/26\/alice-cooper-masterplan-pulsa-denura\/#MASTERPLAN\" rel=\"nofollow noopener\" target=\"_blank\">estren\u00f3 el single \u201cRise Again\u201d<\/a> en enero de 2024.<\/p>\n<p>El \u00faltimo trabajo del grupo con versiones de HELLOWEEN, \u201cPumpkings\u201d, apareci\u00f3 el 28 de julio de 2017 a trav\u00e9s de AFM Records.<\/p>\n<p>M\u00e1s detalles en este\u00a0<a href=\"https:\/\/www.rafabasa.com\/2017\/05\/23\/iron-maiden-masterplan-tau-cross-kryptonite-execration\/#MASTERPLAN\" target=\"_blank\" rel=\"noopener nofollow\">bloque<\/a>.<\/p>\n<p>Su directo \u00abStill Raging\u00bb apareci\u00f3 el 1 de septiembre de 2023 a trav\u00e9s de AFM Records.<\/p>\n<p>Todos los detalles en esta <a href=\"https:\/\/www.rafabasa.com\/2023\/07\/02\/video-de-arch-enemy-directo-de-firewind-caja-de-jack-starrs-burning-starr\/#FIREWIND\" target=\"_blank\" rel=\"noopener nofollow\">noticia<\/a> y los adelantos publicados en <a href=\"https:\/\/www.rafabasa.com\/2023\/09\/04\/queensryche-redemption-firewind\/#FIREWIND\" target=\"_blank\" rel=\"noopener nofollow\">esta<\/a>.<\/p>\n<p>\u00a0<\/p>\n<p>\u00a0<\/p>\n<p>A continuaci\u00f3n ten\u00e9is un v\u00eddeo en directo de <a href=\"https:\/\/www.facebook.com\/windroseofficial\" target=\"_blank\" rel=\"noopener nofollow\"><strong>WIND ROSE<\/strong><\/a> grabado en la \u00faltima edici\u00f3n del festival alem\u00e1n Wacken Open Air tocando los temas \u201cMine, Mine, Mine!\u201d, \u201cRock And Stone\u201d y \u201cDiggy Diggy Hole\u201d.<\/p>\n<p><a href=\"https:\/\/www.facebook.com\/windroseofficial\" target=\"_blank\" rel=\"noopener nofollow\"><strong>WIND ROSE<\/strong><\/a> editar\u00e1n el 4 de octubre a trav\u00e9s de Napalm Records un nuevo disco titulado \u201cTrollslayer\u201d.<\/p>\n<p>Todos los detalles en esta <a href=\"https:\/\/www.rafabasa.com\/2024\/07\/11\/wind-rose-editaran-el-4-de-octubre-un-nuevo-disco-titulado-trollslayer\/\" target=\"_blank\" rel=\"noopener nofollow\">noticia<\/a> y su \u00faltimo v\u00eddeo en <a href=\"https:\/\/www.rafabasa.com\/2024\/10\/01\/wind-rose-estrenan-su-nuevo-video-the-great-feast-underground\/\" rel=\"nofollow noopener\" target=\"_blank\">esta<\/a>.<\/p>\n<p>\u00a0<\/p>\n<p align=\"center\"><strong>Sigue el\u00a0<a href=\"https:\/\/whatsapp.com\/channel\/0029VaCprxVBA1f555USvT2O\" target=\"_blank\" rel=\"nofollow noopener\">Canal de RAFABASA.COM en WhatsApp<\/a>, donde encontrar\u00e1s todas nuestras novedades al instante<\/strong><\/p>\n<p>\u00a0<\/p>\n<p>\u00a0<\/p>\n","protected":false},"excerpt":{"rendered":"\u00a0 Jeff Scott Soto niega que Yngwie se refiriera a \u00e9l en su \u00faltimo comunicado \u2013 MASTERPLAN ultimando&hellip;\n","protected":false},"author":2,"featured_media":312140,"comment_status":"","ping_status":"","sticky":false,"template":"","format":"standard","meta":{"footnotes":""},"categories":[170],"tags":[146,147,25,24,73352,50111,184,185,23,73353,37787],"class_list":{"0":"post-312139","1":"post","2":"type-post","3":"status-publish","4":"format-standard","5":"has-post-thumbnail","7":"category-musica","8":"tag-entertainment","9":"tag-entretenimiento","10":"tag-es","11":"tag-espana","12":"tag-jeff-scott-soto","13":"tag-masterplan","14":"tag-music","15":"tag-musica","16":"tag-spain","17":"tag-wind-rose","18":"tag-yngwie-malmsteen"},"share_on_mastodon":{"url":"https:\/\/pubeurope.com\/@es\/115803260635228710","error":""},"_links":{"self":[{"href":"https:\/\/www.europesays.com\/es\/wp-json\/wp\/v2\/posts\/312139","targetHints":{"allow":["GET"]}}],"collection":[{"href":"https:\/\/www.europesays.com\/es\/wp-json\/wp\/v2\/posts"}],"about":[{"href":"https:\/\/www.europesays.com\/es\/wp-json\/wp\/v2\/types\/post"}],"author":[{"embeddable":true,"href":"https:\/\/www.europesays.com\/es\/wp-json\/wp\/v2\/users\/2"}],"replies":[{"embeddable":true,"href":"https:\/\/www.europesays.com\/es\/wp-json\/wp\/v2\/comments?post=312139"}],"version-history":[{"count":0,"href":"https:\/\/www.europesays.com\/es\/wp-json\/wp\/v2\/posts\/312139\/revisions"}],"wp:featuredmedia":[{"embeddable":true,"href":"https:\/\/www.europesays.com\/es\/wp-json\/wp\/v2\/media\/312140"}],"wp:attachment":[{"href":"https:\/\/www.europesays.com\/es\/wp-json\/wp\/v2\/media?parent=312139"}],"wp:term":[{"taxonomy":"category","embeddable":true,"href":"https:\/\/www.europesays.com\/es\/wp-json\/wp\/v2\/categories?post=312139"},{"taxonomy":"post_tag","embeddable":true,"href":"https:\/\/www.europesays.com\/es\/wp-json\/wp\/v2\/tags?post=312139"}],"curies":[{"name":"wp","href":"https:\/\/api.w.org\/{rel}","templated":true}]}}