{"id":312153,"date":"2025-12-29T14:18:10","date_gmt":"2025-12-29T14:18:10","guid":{"rendered":"https:\/\/www.europesays.com\/es\/312153\/"},"modified":"2025-12-29T14:18:10","modified_gmt":"2025-12-29T14:18:10","slug":"manises-aprueba-los-presupuestos-de-2026","status":"publish","type":"post","link":"https:\/\/www.europesays.com\/es\/312153\/","title":{"rendered":"Manises aprueba los presupuestos de 2026"},"content":{"rendered":"<p>\u00b7 Las inversiones de los nuevos presupuestos se centran en mejorar el mantenimiento y renovar instalaciones del espacio p\u00fablico, sin endeudamientos para las arcas municipales<\/p>\n<p class=\"text-align-justify western\" style=\"line-height:150%;margin-bottom:0.31cm;\">Manises, 29 de diciembre de 2025.- El Ayuntamiento de Manises ha aprobado en el pleno extraordinario de diciembre los presupuestos municipales para 2026 que alcanzan los 34.400.000 millones de euros, sin recaer en endeudamientos ya que no se ha solicitado ning\u00fan pr\u00e9stamo. Los presupuestos han salido adelante con los votos a favor del equipo de gobierno (PSPV-PSOE 5, APM-Comprom\u00eds 5 y Podemos 1) y los votos en contra de la oposici\u00f3n (PP 6 y Vox 4).<\/p>\n<p class=\"text-align-justify western\" style=\"line-height:150%;margin-bottom:0.31cm;\">Seg\u00fan el concejal de Hacienda del Ayuntamiento de Manises, \u00c1ngel Mora, \u201ceste presupuesto es el reflejo de la apuesta de este equipo de gobierno por realizar actuaciones que mejoran la vida del conjunto de la ciudadan\u00eda, m\u00e1s all\u00e1 del mantenimiento ordinario del espacio p\u00fablico, tales como la renovaci\u00f3n de mobiliario y dotaciones municipales o inversiones que, entre otros, pretenden embellecer las calles, plazas, parques, jardines e instalaciones de Manises, as\u00ed como ofrecer servicios p\u00fablicos de mayor calidad\u201d.\u00a0<\/p>\n<p class=\"text-align-justify western\" style=\"line-height:150%;margin-bottom:0.31cm;\">En este sentido, el cap\u00edtulo de inversiones de los presupuestos de 2026, que supone 1.288.790,95 euros del total (3,7%), se ha destinado a la sustituci\u00f3n de la cubierta del pabell\u00f3n municipal Luis Vilar (516.000 \u20ac), a nuevas tecnolog\u00edas (90.000 euros), a mejoras en equipamientos del edificio de Servicios Sociales (30.000 \u20ac), a la urbanizaci\u00f3n de la Unidad de Ejecuci\u00f3n 24 del pol\u00edgono del aeropuerto (47.425,95 \u20ac), as\u00ed como al equipamiento de la piscina cubierta (160.365 euros), entre otras actuaciones.\u00a0<\/p>\n<p class=\"text-align-justify western\" style=\"line-height:150%;margin-bottom:0.31cm;\">Los gastos fijos del Ayuntamiento de Manises suponen el grueso de los presupuestos municipales, ya que el 43,34 % se destina al desembolso en personal (14.909.544,46 euros), los gastos corrientes en bienes y servicios (44,07%) ascienden a 15.162.983,14 euros, las transferencias corrientes suponen el 5,56 %, con una cifra de 1.913.260 euros, y los gastos financieros representan el 0,81 %, con 280.000 euros.\u00a0<\/p>\n<p class=\"text-align-justify western\" style=\"line-height:150%;margin-bottom:0.31cm;\">Por otro lado y tras la buena acogida del bono comercio en este 2025, para el pr\u00f3ximo ejercicio se ha incorporado de nuevo una partida presupuestaria de 50.000 euros.<\/p>\n<p class=\"text-align-justify western\" style=\"line-height:150%;margin-bottom:0.31cm;\">Tambi\u00e9n se ha contemplado una partida de 80.000 \u20ac para ayudas de transporte para j\u00f3venes para suplir la eliminaci\u00f3n de las ayudas previstas para este 2026 por parte de la Generalitat Valenciana.\u00a0<\/p>\n<p class=\"text-align-justify western\" style=\"line-height:150%;margin-bottom:0.31cm;\">Adem\u00e1s, este a\u00f1o el presupuesto es eminentemente social con una inversi\u00f3n en pol\u00edticas sociales de 4.369.802\u201996 \u20ac.<\/p>\n<p class=\"text-align-justify western\" style=\"line-height:150%;margin-bottom:0.31cm;\">Respecto a la deuda, este a\u00f1o a fecha 30 de septiembre, hab\u00eda descendido casi 3 millones de euros (2.519.531,27 \u20ac) desde el inicio de este mandato. Concretamente, se ha pasado de 9.173.292,68 \u20ac en 2023 a 6.653.761,41 \u20ac en 2025. En 2026 no est\u00e1 previsto pedir ning\u00fan pr\u00e9stamo \u00a0y, por tanto, la deuda seguir\u00e1 descendiendo en beneficio de las arcas municipales.<\/p>\n<p class=\"text-align-justify western\" style=\"line-height:150%;margin-bottom:0.31cm;\">\u00a0<\/p>\n<p><img loading=\"lazy\" decoding=\"async\" src=\"\/sites\/www.manises.es\/files\/inline-images\/2025%2012%2029%20Pressupostos_0.png\" data-entity-uuid=\"fcd0f834-5fe5-4c66-a747-4b6af6c7987e\" data-entity-type=\"file\" width=\"1080\" height=\"1350\"\/><\/p>\n<p>\u00a0<\/p>\n<p>\u00a0<\/p>\n","protected":false},"excerpt":{"rendered":"\u00b7 Las inversiones de los nuevos presupuestos se centran en mejorar el mantenimiento y renovar instalaciones del espacio&hellip;\n","protected":false},"author":2,"featured_media":312154,"comment_status":"","ping_status":"","sticky":false,"template":"","format":"standard","meta":{"footnotes":""},"categories":[8],"tags":[17,18,25,24,13,14,11,19,20,9,10,15,16,23,12,21,22],"class_list":{"0":"post-312153","1":"post","2":"type-post","3":"status-publish","4":"format-standard","5":"has-post-thumbnail","7":"category-espana","8":"tag-breaking-news","9":"tag-breakingnews","10":"tag-es","11":"tag-espana","12":"tag-featured-news","13":"tag-featurednews","14":"tag-headlines","15":"tag-latest-news","16":"tag-latestnews","17":"tag-news","18":"tag-noticias","19":"tag-noticias-destacadas","20":"tag-noticiasdestacadas","21":"tag-spain","22":"tag-titulares","23":"tag-ultimas-noticias","24":"tag-ultimasnoticias"},"share_on_mastodon":{"url":"https:\/\/pubeurope.com\/@es\/115803291913682645","error":""},"_links":{"self":[{"href":"https:\/\/www.europesays.com\/es\/wp-json\/wp\/v2\/posts\/312153","targetHints":{"allow":["GET"]}}],"collection":[{"href":"https:\/\/www.europesays.com\/es\/wp-json\/wp\/v2\/posts"}],"about":[{"href":"https:\/\/www.europesays.com\/es\/wp-json\/wp\/v2\/types\/post"}],"author":[{"embeddable":true,"href":"https:\/\/www.europesays.com\/es\/wp-json\/wp\/v2\/users\/2"}],"replies":[{"embeddable":true,"href":"https:\/\/www.europesays.com\/es\/wp-json\/wp\/v2\/comments?post=312153"}],"version-history":[{"count":0,"href":"https:\/\/www.europesays.com\/es\/wp-json\/wp\/v2\/posts\/312153\/revisions"}],"wp:featuredmedia":[{"embeddable":true,"href":"https:\/\/www.europesays.com\/es\/wp-json\/wp\/v2\/media\/312154"}],"wp:attachment":[{"href":"https:\/\/www.europesays.com\/es\/wp-json\/wp\/v2\/media?parent=312153"}],"wp:term":[{"taxonomy":"category","embeddable":true,"href":"https:\/\/www.europesays.com\/es\/wp-json\/wp\/v2\/categories?post=312153"},{"taxonomy":"post_tag","embeddable":true,"href":"https:\/\/www.europesays.com\/es\/wp-json\/wp\/v2\/tags?post=312153"}],"curies":[{"name":"wp","href":"https:\/\/api.w.org\/{rel}","templated":true}]}}