{"id":312155,"date":"2025-12-29T14:19:29","date_gmt":"2025-12-29T14:19:29","guid":{"rendered":"https:\/\/www.europesays.com\/es\/312155\/"},"modified":"2025-12-29T14:19:29","modified_gmt":"2025-12-29T14:19:29","slug":"majadahonda-recibira-el-ano-nuevo-con-el-concierto-extraordinario-de-la-orquesta-villa-de-madrid-ayuntamiento-de-majadahonda","status":"publish","type":"post","link":"https:\/\/www.europesays.com\/es\/312155\/","title":{"rendered":"Majadahonda recibir\u00e1 el A\u00f1o Nuevo con el concierto extraordinario de la Orquesta Villa de Madrid &#8211; Ayuntamiento de Majadahonda"},"content":{"rendered":"<p>? 2026 comenzar\u00e1 con una selecci\u00f3n de obras mundialmente conocidas y tradicionalmente interpretadas en estas fechas, bajo la batuta de Mercedes Padilla.<\/p>\n<p>? Antes, los m\u00e1s peque\u00f1os y sus familias podr\u00e1n disfrutar con varios espect\u00e1culos musicales.<\/p>\n<p>\u00a0<\/p>\n<p>En estos \u00faltimos d\u00edas de diciembre, y primeros de enero de 2026, los ni\u00f1os son los protagonistas. Por eso, la agenda cultural de Majadahonda comienza con actividades especialmente pensadas para ellos. Este lunes 29 de diciembre \u201cLola Toc Toc\u201d llega cargada de m\u00fasica y sorpresas al Teatro de la Casa de la Cultura \u201cCarmen Conde\u201d (Plaza de Col\u00f3n s\/n). La compa\u00f1\u00eda Global Talent Services Music Entertainment Spain pondr\u00e1 en escena este espect\u00e1culo musical que se programa en colaboraci\u00f3n con la Red de Teatros de la Comunidad de Madrid. Comenzar\u00e1 a las 18 horas, con un precio por localidad de 5 euros para ni\u00f1os, y de 7 euros para adultos. Las entradas pueden adquirirse aqu\u00ed: <a href=\"https:\/\/www.giglon.com\/todos?idEvent=concierto-musical-familiar-lola-toc-toc-majadahonda\" rel=\"nofollow noopener\" target=\"_blank\">https:\/\/www.giglon.com\/todos?idEvent=concierto-musical-familiar-lola-toc-toc-majadahonda<\/a><\/p>\n<p>El martes 30 de diciembre, m\u00e1s m\u00fasica para los m\u00e1s peque\u00f1os de la casa. \u201c10 a\u00f1os, una historia de Yo Soy Rat\u00f3n\u201d es el t\u00edtulo del concierto musical familiar que la compa\u00f1\u00eda Yo Soy Rat\u00f3n pondr\u00e1 en escena a partir de las 18 horas en el Teatro de la Casa de la Cultura. Se trata de un recorrido musical y teatralizado que narra la historia de esta banda. El espect\u00e1culo se organiza en colaboraci\u00f3n con la Red de Teatros de la Comunidad de Madrid. Las entradas tienen un precio de 5 euros para los ni\u00f1os y de 7 euros para los adultos y pueden adquirirse a trav\u00e9s de este enlace: <a href=\"https:\/\/www.giglon.com\/todos?idEvent=concierto-musical-familiar-10-anos-una-historia-de-yo-soy-raton-majadahonda\" rel=\"nofollow noopener\" target=\"_blank\">https:\/\/www.giglon.com\/todos?idEvent=concierto-musical-familiar-10-anos-una-historia-de-yo-soy-raton-majadahonda<\/a><\/p>\n<p>Y el s\u00e1bado 3 de enero de 2026, el Teatro de la Casa de la Cultura acoger\u00e1 el Concierto Extraordinario de A\u00f1o Nuevo, protagonizado por la Orquesta Villa de Madrid, con la direcci\u00f3n de Mercedes Padilla. Nombrada recientemente Gran Dama de las Artes Esc\u00e9nicas de Espa\u00f1a y galardonada con el Premio a la Trayectoria Musical en la primera edici\u00f3n de los Premios Crist\u00f3bal Oudrid, Padilla y su orquesta celebran el 40 aniversario de su presentaci\u00f3n en el Teatro Real de Madrid con una gira de conciertos. En este de A\u00f1o Nuevo, en Majadahonda, presentar\u00e1n una selecci\u00f3n de obras mundialmente conocidas y tradicionalmente interpretadas en estas fechas. La cita es a las 20 horas. Las entradas tienen un precio de 15 euros en la planta baja y de 12 en la planta alta y pueden adquirirse aqu\u00ed: <a href=\"https:\/\/www.giglon.com\/todos?idEvent=concierto-extraordinario-de-ano-nuevo-majadahonda\" rel=\"nofollow noopener\" target=\"_blank\">https:\/\/www.giglon.com\/todos?idEvent=concierto-extraordinario-de-ano-nuevo-majadahonda<\/a> Tambi\u00e9n pueden reservarse en la taquilla de la Casa de la Cultura, jueves y viernes, de 13 a 14 horas y de 19 a 20 horas.<\/p>\n","protected":false},"excerpt":{"rendered":"? 2026 comenzar\u00e1 con una selecci\u00f3n de obras mundialmente conocidas y tradicionalmente interpretadas en estas fechas, bajo la&hellip;\n","protected":false},"author":2,"featured_media":312156,"comment_status":"","ping_status":"","sticky":false,"template":"","format":"standard","meta":{"footnotes":""},"categories":[5],"tags":[17,18,25,24,13,14,11,19,20,45696,9,10,45698,45697,15,16,23,12,21,22],"class_list":{"0":"post-312155","1":"post","2":"type-post","3":"status-publish","4":"format-standard","5":"has-post-thumbnail","7":"category-titulares","8":"tag-breaking-news","9":"tag-breakingnews","10":"tag-es","11":"tag-espana","12":"tag-featured-news","13":"tag-featurednews","14":"tag-headlines","15":"tag-latest-news","16":"tag-latestnews","17":"tag-majadahonda","18":"tag-news","19":"tag-noticias","20":"tag-noticias-ayuntamiento-de-majadahonda","21":"tag-noticias-de-majadahonda","22":"tag-noticias-destacadas","23":"tag-noticiasdestacadas","24":"tag-spain","25":"tag-titulares","26":"tag-ultimas-noticias","27":"tag-ultimasnoticias"},"share_on_mastodon":{"url":"https:\/\/pubeurope.com\/@es\/115803295748059894","error":""},"_links":{"self":[{"href":"https:\/\/www.europesays.com\/es\/wp-json\/wp\/v2\/posts\/312155","targetHints":{"allow":["GET"]}}],"collection":[{"href":"https:\/\/www.europesays.com\/es\/wp-json\/wp\/v2\/posts"}],"about":[{"href":"https:\/\/www.europesays.com\/es\/wp-json\/wp\/v2\/types\/post"}],"author":[{"embeddable":true,"href":"https:\/\/www.europesays.com\/es\/wp-json\/wp\/v2\/users\/2"}],"replies":[{"embeddable":true,"href":"https:\/\/www.europesays.com\/es\/wp-json\/wp\/v2\/comments?post=312155"}],"version-history":[{"count":0,"href":"https:\/\/www.europesays.com\/es\/wp-json\/wp\/v2\/posts\/312155\/revisions"}],"wp:featuredmedia":[{"embeddable":true,"href":"https:\/\/www.europesays.com\/es\/wp-json\/wp\/v2\/media\/312156"}],"wp:attachment":[{"href":"https:\/\/www.europesays.com\/es\/wp-json\/wp\/v2\/media?parent=312155"}],"wp:term":[{"taxonomy":"category","embeddable":true,"href":"https:\/\/www.europesays.com\/es\/wp-json\/wp\/v2\/categories?post=312155"},{"taxonomy":"post_tag","embeddable":true,"href":"https:\/\/www.europesays.com\/es\/wp-json\/wp\/v2\/tags?post=312155"}],"curies":[{"name":"wp","href":"https:\/\/api.w.org\/{rel}","templated":true}]}}