{"id":312159,"date":"2025-12-29T14:25:18","date_gmt":"2025-12-29T14:25:18","guid":{"rendered":"https:\/\/www.europesays.com\/es\/312159\/"},"modified":"2025-12-29T14:25:18","modified_gmt":"2025-12-29T14:25:18","slug":"el-club-ciclista-sant-antoni-renueva-su-junta-directiva","status":"publish","type":"post","link":"https:\/\/www.europesays.com\/es\/312159\/","title":{"rendered":"el Club Ciclista Sant Antoni renueva su junta directiva"},"content":{"rendered":"<p class=\"ft-text ft-helper-align-justify\">El <strong>Club Ciclista Sant Antoni<\/strong> tiene previsto renovar por completo a su junta directiva durante el comienzo de 2026. Los responsables entienden que, despu\u00e9s de asumir las riendas de la entidad en 2002, ha llegado el momento del cambio. \u00ab\u00c9ramos un grupo de amigos con dos pasiones en com\u00fan: el deporte y nuestro pueblo. Muchos hab\u00edamos sido, adem\u00e1s, corredores del club. Las ideas de mi hermano Bartolo fueron clave para explicar el gran crecimiento que tuvimos en pocos a\u00f1os\u00bb, explica <a class=\"ft-link ft-link--decoration\" href=\"https:\/\/www.diariodeibiza.es\/deporte-local\/2023\/10\/18\/juanjo-planells-organizador-vuelta-cicloturista-93458840.html\" rel=\"nofollow noopener\" target=\"_blank\">Juanjo Planells<\/a>, ya presidente en funciones del <a class=\"ft-link ft-link--decoration\" href=\"https:\/\/www.diariodeibiza.es\/deporte-local\/2025\/04\/20\/club-ciclista-sant-antoni-celebra-116542520.html\" target=\"_blank\" rel=\"nofollow noopener\">Club Ciclista Sant Antoni<\/a>. Los planes de la todav\u00eda junta directiva pasan por abrir un <strong>proceso de renovaci\u00f3n<\/strong> en el que puedan expresarse las ideas y proyectos de los socios que quieran dar un paso al frente.<\/p>\n<p class=\"ft-text ft-helper-align-justify\">M\u00e1s all\u00e1 de nombres concretos, Planells recalca el <strong>papel decisivo de todas las personas <\/strong>que han formado parte de la junta directiva en estos a\u00f1os. \u00abNada de lo conseguido hubiera sido posible sin el trabajo constante, la implicaci\u00f3n personal y la generosidad de cada miembro de la directiva. <strong>Ha sido un equipo humano ejemplar,<\/strong> que ha sabido remar unido, asumir responsabilidades dif\u00edciles, tomar decisiones importantes y, sobre todo, mantener vivo el esp\u00edritu del club. Cada uno ha aportado algo imprescindible para que el Club Ciclista Sant Antoni sea hoy lo que es\u00bb, destaca.<\/p>\n<p class=\"ft-text ft-helper-align-justify\">\u00abDentro de esta gran familia hay varias personas con mucho arraigo y vinculaci\u00f3n a nuestro maillot naranja. <strong>Estoy seguro de que el club quedar\u00e1 en buenas manos<\/strong>\u00ab, a\u00f1ade Planells, que subraya: \u00abEntregamos, por otro lado, unas <strong>cuentas saneadas<\/strong>. La buena gesti\u00f3n de los recursos econ\u00f3micos era una de nuestras prioridades cuando entramos en la directiva. Han sido dos d\u00e9cadas de dedicaci\u00f3n, esfuerzo, muchas horas restadas a familia y amigos, much\u00edsimas alegr\u00edas y, tambi\u00e9n, alg\u00fan momento muy triste, como el fallecimiento de mi hermano. Nos marcamos como reto el<strong> fomento del ciclismo base<\/strong>, la promoci\u00f3n del aspecto social del club, per fer poble, y la organizaci\u00f3n de carreras. Creo que hemos cumplido; ha sido un viaje apasionante y estoy, personalmente, muy agradecido a todas las personas que me han acompa\u00f1ado\u00bb.<\/p>\n<p>Un profesional del club<\/p>\n<p class=\"ft-text ft-helper-align-justify\">Uno de los hitos del Club Ciclista Sant Antoni, como recuerda Planells, fue conseguir que uno de los corredores formados en sus categor\u00edas inferiores \u2013<a class=\"ft-link ft-link--decoration\" href=\"https:\/\/www.diariodeibiza.es\/deportes\/2015\/10\/18\/jose-marquez-primer-ciclista-profesional-30375718.html\" rel=\"nofollow noopener\" target=\"_blank\">Jos\u00e9 M\u00e1rquez<\/a>\u2013 se convirtiera en profesional y llegara al pelot\u00f3n UCI. \u00abDesde el principio quisimos que ir en bicicleta volviera a ser algo habitual en nuestro municipio y en toda la isla. Por eso, creamos eventos como la <a class=\"ft-link ft-link--decoration\" href=\"https:\/\/www.diariodeibiza.es\/ibiza\/2025\/03\/23\/mira-fotos-marcha-cicloturistica-des-115608149.html\" rel=\"nofollow noopener\" target=\"_blank\">Marxa des Porquet<\/a> o reactivamos la Cursa de s\u2019Indiot, que estaba desaparecida\u00bb.<\/p>\n<p class=\"ft-text ft-helper-align-justify\">\u00abEse efecto\u00bb, a\u00f1ade, \u00abcreo que se nota en la alta participaci\u00f3n local que seguimos teniendo en la <strong>Vuelta a Ibiza MTB Siroko by Shimano<\/strong> y en la <strong>Vuelta Cicloturista a Ibiza Campagnolo<\/strong>. Estos dos buques insignia del deporte y del turismo ibicenco no existir\u00edan si no hubieran sido impulsados desde el Club Ciclista Sant Antoni gracias a la visi\u00f3n de mi hermano Bartolo\u00bb. Pese a la prematura desaparici\u00f3n de su fundador y a la pandemia del covid \u2013dos duros golpes\u2013, ambas carreras \u2013fundadas justo en el momento en que la directiva del club asum\u00eda el mando\u2013 no han dejado de crecer.<\/p>\n<p><img decoding=\"async\" src=\"https:\/\/www.europesays.com\/es\/wp-content\/uploads\/2025\/12\/81ad0174-1183-4df9-a30f-4002a3611671_alta-libre-aspect-ratio_default_0.jpg\" width=\"1200\" height=\"800\" alt=\"Foto de familia con los asistentes\" class=\"ft-helper-img-rd\" loading=\"lazy\"\/><\/p>\n<p class=\"ft-helper-fontColor-quaternary ft-helper-fontSize-body-S ft-helper-spacer-t-xxs\">Foto de familia con los asistentes  \/ Jon Izeta<\/p>\n<p class=\"ft-text ft-helper-align-justify\">A punto de celebrar sus bodas de plata, ambas pruebas han conseguido <strong>promocionar el ciclismo femenino y adaptado<\/strong>, mientras miles de corredores se han enamorado de los caminos y carreteras de Ibiza. Entre ellos, el creador de la mountain bike \u2013Gary Fisher\u2013; campeones del Tour de Francia \u2013<strong>Perico Delgado, Miguel Indurain, Joane Somarriba, \u00d3scar Pereiro, Alberto Contador y Carlos Sastre<\/strong>\u2013; campeones y medallistas mundiales \u2013<strong>\u00d3scar Freire, Alejandro Valverde, Purito Rodr\u00edguez, Miquel Mas<\/strong>\u2013; medallistas ol\u00edmpicos \u2013<strong>Jos\u00e9 Antonio Hermida, Carlos Coloma, Ricardo Ten<\/strong>\u2026\u2013 y numerosos rostros medi\u00e1ticos.<\/p>\n<p class=\"ft-text\">Ahora comienza una nueva etapa. El Club Ciclista Sant Antoni abre este proceso con \u00abilusi\u00f3n, responsabilidad y confianza en el futuro\u00bb. El relevo no significa un \u00abpunto final, sino la continuidad de un proyecto que ha marcado la historia deportiva de <a class=\"ft-link ft-link--decoration\" href=\"https:\/\/www.diariodeibiza.es\/pitiuses-balears\/sant-antoni\/\" rel=\"nofollow noopener\" target=\"_blank\">Sant Antoni<\/a> y de toda Ibiza. \u00abEs el momento de que <strong>nuevas ideas, nuevas energ\u00edas y nuevas miradas <\/strong>tomen el testigo para seguir haciendo grande este club, mantener viva su esencia y continuar escribiendo, juntos, las pr\u00f3ximas p\u00e1ginas de una historia que todav\u00eda tiene mucho camino por recorrer\u00bb.<\/p>\n","protected":false},"excerpt":{"rendered":"El Club Ciclista Sant Antoni tiene previsto renovar por completo a su junta directiva durante el comienzo de&hellip;\n","protected":false},"author":2,"featured_media":312160,"comment_status":"","ping_status":"","sticky":false,"template":"","format":"standard","meta":{"footnotes":""},"categories":[273],"tags":[313,1757,1169,1798,312,168,25,24,2848,73355,7731,23,167],"class_list":{"0":"post-312159","1":"post","2":"type-post","3":"status-publish","4":"format-standard","5":"has-post-thumbnail","7":"category-ciclismo","8":"tag-ciclismo","9":"tag-ciclista","10":"tag-ciclo","11":"tag-club","12":"tag-cycling","13":"tag-deportes","14":"tag-es","15":"tag-espana","16":"tag-futuro","17":"tag-juanjo-planells","18":"tag-mirada","19":"tag-spain","20":"tag-sports"},"share_on_mastodon":{"url":"https:\/\/pubeurope.com\/@es\/115803319338557506","error":""},"_links":{"self":[{"href":"https:\/\/www.europesays.com\/es\/wp-json\/wp\/v2\/posts\/312159","targetHints":{"allow":["GET"]}}],"collection":[{"href":"https:\/\/www.europesays.com\/es\/wp-json\/wp\/v2\/posts"}],"about":[{"href":"https:\/\/www.europesays.com\/es\/wp-json\/wp\/v2\/types\/post"}],"author":[{"embeddable":true,"href":"https:\/\/www.europesays.com\/es\/wp-json\/wp\/v2\/users\/2"}],"replies":[{"embeddable":true,"href":"https:\/\/www.europesays.com\/es\/wp-json\/wp\/v2\/comments?post=312159"}],"version-history":[{"count":0,"href":"https:\/\/www.europesays.com\/es\/wp-json\/wp\/v2\/posts\/312159\/revisions"}],"wp:featuredmedia":[{"embeddable":true,"href":"https:\/\/www.europesays.com\/es\/wp-json\/wp\/v2\/media\/312160"}],"wp:attachment":[{"href":"https:\/\/www.europesays.com\/es\/wp-json\/wp\/v2\/media?parent=312159"}],"wp:term":[{"taxonomy":"category","embeddable":true,"href":"https:\/\/www.europesays.com\/es\/wp-json\/wp\/v2\/categories?post=312159"},{"taxonomy":"post_tag","embeddable":true,"href":"https:\/\/www.europesays.com\/es\/wp-json\/wp\/v2\/tags?post=312159"}],"curies":[{"name":"wp","href":"https:\/\/api.w.org\/{rel}","templated":true}]}}