{"id":312163,"date":"2025-12-29T14:28:07","date_gmt":"2025-12-29T14:28:07","guid":{"rendered":"https:\/\/www.europesays.com\/es\/312163\/"},"modified":"2025-12-29T14:28:07","modified_gmt":"2025-12-29T14:28:07","slug":"cuatro-partidos-fuera-de-casa-para-afrontar-el-ano-nuevo-del-betis","status":"publish","type":"post","link":"https:\/\/www.europesays.com\/es\/312163\/","title":{"rendered":"Cuatro partidos fuera de casa para afrontar el A\u00f1o Nuevo del Betis"},"content":{"rendered":"<p style=\"\">El <strong>Real Betis<\/strong> arrancar\u00e1 el nuevo a\u00f1o visitando el <strong>Santiago Bernab\u00e9u<\/strong>. Un duelo altamente complicado para los de <strong>Manuel Pellegrini<\/strong>, que tendr\u00e1 lugar el pr\u00f3ximo domingo a las 16.15 horas. El conjunto verdiblanco se march\u00f3 a las vacaciones invernales por todo  &#8230; lo alto tras vapulear al Getafe en casa. Ahora, tras un merecido descanso, el equipo regresa este pr\u00f3ximo martes a los entrenamientos para preparar el primer partido de 2026 ante un Real Madrid que a\u00fan no se encuentra c\u00f3modo bajo la batuta de <strong>Xabi Alonso<\/strong>. <\/p>\n<p class=\"voc-p\" style=\"\">Ser\u00e1 el primer encuentro del carrusel de partidos que tendr\u00e1 que afrontar el Betis este nuevo mes. Seguidamente tambi\u00e9n visitar\u00e1 al <strong>Oviedo<\/strong>, el conjunto asturiano est\u00e1 con el agua al cuello y cuenta con Almada como flamante t\u00e9cnico. No obstante, no debe ser un escollo demasiado dif\u00edcil de afrontar para los de Pellegrini, que esa misma semana tendr\u00e1 que disputar los octavos de final de la<strong> Copa del Rey<\/strong>. <\/p>\n<p>4<br \/>\npartidos<\/p>\n<p class=\"voc-d-c-fignumber__desc\">Los que jugar\u00e1 el Betis fuera de casa en enero, sin contar el partido de Copa que a\u00fan est\u00e1 por sortearse<\/p>\n<p class=\"voc-p\" style=\"\">El sorteo se producir\u00e1 el <strong>7 de enero<\/strong> y los verdiblancos conocer\u00e1n su rival en este nuevo encuentro del torneo del ko. Se reza para que sea un emparejamiento pl\u00e1cido, aunque a estas alturas de la competici\u00f3n ya van quedando pocos chollos. En funci\u00f3n del rival que toque, el cuadro hispalense jugar\u00e1 o no en casa. Tras esto, el Betis recibir\u00e1 el 17 de enero al <strong>Villarreal<\/strong> en La Cartuja, un duelo entre dos rivales directos, aunque el conjunto groguet se encuentre actualmente a siete puntos de los sevillanos. <\/p>\n<p class=\"voc-p\" style=\"\">Para cerrar el mes, el <strong>Betis<\/strong> tendr\u00e1 de nuevo que hacer un doble viaje. Primero, viajar\u00e1 hasta Grecia para enfrentarse al <strong>PAOK de Sal\u00f3nica<\/strong>, en un nuevo encuentro de la fase de liga de la Europa League. Ser\u00e1 el 22 de enero, tres d\u00edas antes de viajar hasta Vitoria y enfrentarse al Alav\u00e9s en la que ser\u00e1 la jornada 21 de LaLiga EA Sports. El broche a est\u00e1 tourn\u00e9e s\u00ed ser\u00e1 ante los suyos, puesto que el <strong>Feyernoord<\/strong> visitar\u00e1 La Cartuja el 29 de enero.<\/p>\n<p class=\"voc-p\" style=\"\">Un mes extremadamento intenso para el Betis, que pondr\u00e1 a prueba su fondo de banquillo y la capacidad de rotaci\u00f3n de <strong>Manuel Pellegrini<\/strong>. Si bien, las estad\u00edsticas de arranque de a\u00f1o no suelen ser buenas para el chileno. En la primera temporada que cogi\u00f3 las riendas del equipo, la<strong> 2020-21<\/strong>, el Betis arranc\u00f3 el nuevo a\u00f1o empatando el derbi sevillano 1-1 en el Villamar\u00edn. <\/p>\n<p class=\"voc-p\" style=\"\">En <strong>2022<\/strong>, Iago Aspas le agu\u00f3 el a\u00f1o nuevo al Villamar\u00edn tras marcar un doblete que dar\u00eda la victoria al Celta de Vigo en el feudo b\u00e9tico. En<strong> 2023<\/strong>, s\u00ed fue un comienzo de a\u00f1o dulce para los b\u00e9ticos que consiguieron ganarle al Rayo en Vallecar por 1-2, pero en <strong>2024<\/strong> encaden\u00f3 dos derrotas seguidas: 2-1 en Bala\u00eddos contra el Celta y en la Copa era eliminado por el Alav\u00e9s (1-0). La temporada pasada, los verdiblancos ganaron en Copa al Huesca, pero cayeron en LaLiga por la m\u00ednima ante el Valladolid. <\/p>\n","protected":false},"excerpt":{"rendered":"El Real Betis arrancar\u00e1 el nuevo a\u00f1o visitando el Santiago Bernab\u00e9u. Un duelo altamente complicado para los de&hellip;\n","protected":false},"author":2,"featured_media":312164,"comment_status":"","ping_status":"","sticky":false,"template":"","format":"standard","meta":{"footnotes":""},"categories":[268],"tags":[11215,1611,291,385,954,168,25,24,280,282,524,6758,281,23,167],"class_list":{"0":"post-312163","1":"post","2":"type-post","3":"status-publish","4":"format-standard","5":"has-post-thumbnail","7":"category-futbol","8":"tag-afrontar","9":"tag-ano","10":"tag-betis","11":"tag-casa","12":"tag-cuatro","13":"tag-deportes","14":"tag-es","15":"tag-espana","16":"tag-football","17":"tag-futbol","18":"tag-nuevo","19":"tag-partidos","20":"tag-soccer","21":"tag-spain","22":"tag-sports"},"share_on_mastodon":{"url":"https:\/\/pubeurope.com\/@es\/115803331385284110","error":""},"_links":{"self":[{"href":"https:\/\/www.europesays.com\/es\/wp-json\/wp\/v2\/posts\/312163","targetHints":{"allow":["GET"]}}],"collection":[{"href":"https:\/\/www.europesays.com\/es\/wp-json\/wp\/v2\/posts"}],"about":[{"href":"https:\/\/www.europesays.com\/es\/wp-json\/wp\/v2\/types\/post"}],"author":[{"embeddable":true,"href":"https:\/\/www.europesays.com\/es\/wp-json\/wp\/v2\/users\/2"}],"replies":[{"embeddable":true,"href":"https:\/\/www.europesays.com\/es\/wp-json\/wp\/v2\/comments?post=312163"}],"version-history":[{"count":0,"href":"https:\/\/www.europesays.com\/es\/wp-json\/wp\/v2\/posts\/312163\/revisions"}],"wp:featuredmedia":[{"embeddable":true,"href":"https:\/\/www.europesays.com\/es\/wp-json\/wp\/v2\/media\/312164"}],"wp:attachment":[{"href":"https:\/\/www.europesays.com\/es\/wp-json\/wp\/v2\/media?parent=312163"}],"wp:term":[{"taxonomy":"category","embeddable":true,"href":"https:\/\/www.europesays.com\/es\/wp-json\/wp\/v2\/categories?post=312163"},{"taxonomy":"post_tag","embeddable":true,"href":"https:\/\/www.europesays.com\/es\/wp-json\/wp\/v2\/tags?post=312163"}],"curies":[{"name":"wp","href":"https:\/\/api.w.org\/{rel}","templated":true}]}}