{"id":312165,"date":"2025-12-29T14:29:09","date_gmt":"2025-12-29T14:29:09","guid":{"rendered":"https:\/\/www.europesays.com\/es\/312165\/"},"modified":"2025-12-29T14:29:09","modified_gmt":"2025-12-29T14:29:09","slug":"millie-bobby-brown-explica-como-le-han-afectado-los-rumores-acerca-de-sus-retoques-esteticos-lloraba-todos-los-dias","status":"publish","type":"post","link":"https:\/\/www.europesays.com\/es\/312165\/","title":{"rendered":"Millie Bobby Brown explica c\u00f3mo le han afectado los rumores acerca de sus retoques est\u00e9ticos: \u00abLloraba todos los d\u00edas\u201d"},"content":{"rendered":"<p id=\"eGvSVW-fOs\" data-wc=\"73\"><strong>2025 deber\u00eda haber sido un a\u00f1o m\u00e1gico para Millie Bobby Brown.\u00a0<\/strong>Tras casarse en secreto en primavera de 2024, la actriz y Jacob Hurley Bongiovi se convert\u00edan en<a class=\"hm-link ho-link\" href=\"https:\/\/www.hola.com\/actualidad\/20251010860955\/millie-bobby-brown-jake-bongiovi-presentan-hija-foto-emocionado-fans\/\" data-mrf-recirculation=\"article-body-link\" rel=\"nofollow noopener\" target=\"_blank\">\u00a0padres de una ni\u00f1a este verano,<\/a> seg\u00fan anunciaron en agosto. En el plano laboral, Millie ha encadenado varios \u00e9xitos de la mano de Netflix, como la quinta (y \u00faltima) temporada de la serie Stranger Things\u00a0este noviembre, o la pel\u00edcula de ciencia ficci\u00f3n\u00a0Estado el\u00e9ctrico.\u00a0<\/p>\n<p id=\"eEWVQ5gwK-b\" data-wc=\"66\">Fue durante la promoci\u00f3n de esta producci\u00f3n, en<strong>\u00a0febrero y marzo<\/strong>, cuando se dispararon los comentarios sobre la<strong>\u00a0nueva imagen de la int\u00e9rprete<\/strong> y la posibilidad de que fuera resultado de (desacertadas) intervenciones quir\u00fargicas. Ahora, <strong>Millie Bobby Brown se ha querido pronunciar sobre estos rumores<\/strong>, como cierre del a\u00f1o pero tambi\u00e9n de una etapa en la que no ha podido ser tan feliz como hubiera merecido.<\/p>\n<p> <img src=\"https:\/\/www.europesays.com\/es\/wp-content\/uploads\/2025\/12\/7255273c7095-gettyimages-2245439579.jpg\"   width=\"707\" height=\"1024\" loading=\"lazy\" decoding=\"async\" alt=\"Estreno de 'Stranger Things 5' en Los \u00c1ngeles (6 de noviembre de 2025)\" fetchpriority=\"auto\" class=\"image ho-image\"\/>\u00a9 WireImageEstreno de &#8216;Stranger Things 5&#8217; en Los \u00c1ngeles (6 de noviembre de 2025)<\/p>\n<p id=\"eUGWKmhcOi\" data-wc=\"75\">Millie ha aprovechado los distintos estrenos de\u00a0Stranger Things 5 en Londres y Los \u00c1ngeles para responder, al fin, a quienes criticaron su imagen en primavera. \u00abParece que tiene 60 a\u00f1os\u00bb o \u00abse ha pasado con los retoques\u00bb fueron algunas de las opiniones que, el pasado marzo, llenaron las redes y los titulares m\u00e1s sensacionalistas. Por supuesto, estos comentarios llegaron a o\u00eddos de la int\u00e9rprete de ra\u00edces malague\u00f1as, quien <strong>ahora ha confesado cu\u00e1nto le afectaron.<\/strong><\/p>\n<p>  <img src=\"https:\/\/www.europesays.com\/es\/wp-content\/uploads\/2025\/12\/09b521d6c129-gettyimages-2201839941.jpg\"   width=\"1080\" height=\"1800\" loading=\"lazy\" decoding=\"async\" alt=\"Millie Bobby Brown estreno de 'Estado el\u00e9ctrico' en Los \u00c1ngeles (24 de febrero de 2025)\" fetchpriority=\"auto\" class=\"image ho-image\"\/>\u00a9 FilmMagicMillie Bobby Brown en el estreno de &#8216;Estado el\u00e9ctrico&#8217; en Los \u00c1ngeles (24 de febrero de 2025)<\/p>\n<p>  <img src=\"https:\/\/www.europesays.com\/es\/wp-content\/uploads\/2025\/12\/64247a1e5146-gettyimages-2204617872.jpg\"   width=\"1080\" height=\"1800\" loading=\"lazy\" decoding=\"async\" alt=\"Millie Bobby Brown en el estreno de 'Estado el\u00e9ctrico' en Nueva York (11 de marzo de 2025)\" fetchpriority=\"auto\" class=\"image ho-image\"\/>\u00a9 Getty ImagesMillie Bobby Brown en el estreno de &#8216;Estado el\u00e9ctrico&#8217; en Nueva York (11 de marzo de 2025)<\/p>\n<p id=\"et-DWKGVqS\" data-wc=\"82\">\u00ab<strong>Estuve deprimida tres o cuatro d\u00edas, lloraba a diario<\/strong>\u00ab, revela a la revista brit\u00e1nica Vogue. \u00abRespeto el periodismo. Me encanta leer art\u00edculos sobre mis personas favoritas y saber qu\u00e9 hacen. Entiendo que haya paparazzi, aunque sea invasivo, aunque me parezca una mierda, s\u00e9 que ese es su trabajo\u2026 Pero no me critiquen desde el principio en su titular.<strong>\u00a0Est\u00e1 muy mal y es acoso,<\/strong> sobre todo para las j\u00f3venes que se inician en esta industria y ya lo cuestionan todo\u00bb, opina tajante.<\/p>\n<p>  <img src=\"https:\/\/www.europesays.com\/es\/wp-content\/uploads\/2025\/12\/e1270b5b1940-gettyimages-902362440.jpg\"   width=\"1080\" height=\"1800\" loading=\"lazy\" decoding=\"async\" alt=\"75 Globos de Oro (enero de 2018)\" fetchpriority=\"auto\" class=\"image ho-image\"\/>\u00a9 via Getty Images75 Globos de Oro (enero de 2018)<\/p>\n<p>  <img src=\"https:\/\/www.europesays.com\/es\/wp-content\/uploads\/2025\/12\/5f4ecd9e14eb-gettyimages-1780985423.jpg\"   width=\"1080\" height=\"1800\" loading=\"lazy\" decoding=\"async\" alt=\"Noviembre de 2023\" fetchpriority=\"auto\" class=\"image ho-image\"\/>\u00a9 Getty Images for GlamourNoviembre de 2023<\/p>\n<p id=\"eM1loGBRxSM\" data-wc=\"83\">Seg\u00fan ella misma explica, <strong>su transformaci\u00f3n es la inherente al paso del tiempo,<\/strong> sin cirug\u00edas ni retoques. Conocimos a Millie Bobby Brown cuando era una ni\u00f1a: cuando se estren\u00f3 la primera temporada de\u00a0Stranger Things, en 2016, ten\u00eda solo 12 a\u00f1os. Casi una d\u00e9cada despu\u00e9s, es natural que tenga unas facciones diferentes y m\u00e1s adultas. \u00abPor alguna raz\u00f3n, <strong>la gente no parece crecer conmigo.<\/strong> Act\u00faan como si debiera quedarme congelada en el tiempo&#8230; Y como no es as\u00ed, ahora soy un objetivo\u00bb, afirma.\u00a0<\/p>\n<p> <img src=\"https:\/\/www.europesays.com\/es\/wp-content\/uploads\/2025\/12\/ba5120994b54-gettyimages-2215941390.jpg\"   width=\"682\" height=\"1024\" loading=\"lazy\" decoding=\"async\" alt=\"Ester Exp\u00f3sito en el 78 Festival de Cannes (mayo de 2025)\" fetchpriority=\"auto\" class=\"image ho-image\"\/>\u00a9 Corbis via Getty ImagesEster Exp\u00f3sito en el 78 Festival de Cannes (mayo de 2025)<br \/>\nEster Exp\u00f3sito tambi\u00e9n ha sufrido este acoso<\/p>\n<p id=\"escbGxKzcCQ\" data-wc=\"154\">Desgraciadamente, este no es un caso aislado en<a class=\"hm-link ho-link\" href=\"https:\/\/www.hola.com\/belleza\/20251226874788\/kate-winslet-comentario-sobre-su-peso-actrices-hollywood-canon-belleza\/\" data-mrf-recirculation=\"article-body-link\" rel=\"nofollow noopener\" target=\"_blank\">\u00a0la industria del cine<\/a>: Ester Exp\u00f3sito, por ejemplo, sufri\u00f3 exactamente la misma presi\u00f3n que Millie Bobby Brown acerca de <a class=\"hm-link ho-link\" href=\"https:\/\/www.hola.com\/belleza\/20250807848417\/ester-exposito-antes-y-despues\/\" data-mrf-recirculation=\"article-body-link\" rel=\"nofollow noopener\" target=\"_blank\">su transformaci\u00f3n desde que comenz\u00f3 a trabajar,<\/a> cuando era solo una adolescente. Al recoger un premio en octubre de 2024, la madrile\u00f1a quiso enfrentarse como ahora ha hecho Millie: \u00abLlevo leyendo la estupidez de que me he realizado 50 cirug\u00edas y retoques est\u00e9ticos en la cara desde que tengo 19 a\u00f1os (&#8230;). Lo \u00faltimo ha sido que me he rellenado la cara (&#8230;). Si as\u00ed fuera, estar\u00eda en todo mi derecho porque es mi cara y hago lo que quiero con ella. Pero resulta que no,<strong>\u00a0que he subido un poco de peso y ya est\u00e1<\/strong>. Porque, lo cre\u00e1is o no, las mujeres, igual que los hombres, tambi\u00e9n<strong>\u00a0crecemos, cambiamos, engordamos o adelgazamos. Y menos mal,\u00a0<\/strong>porque esto significa que estamos vivas y que no somos mu\u00f1ecas\u00bb.<\/p>\n","protected":false},"excerpt":{"rendered":"2025 deber\u00eda haber sido un a\u00f1o m\u00e1gico para Millie Bobby Brown.\u00a0Tras casarse en secreto en primavera de 2024,&hellip;\n","protected":false},"author":2,"featured_media":312166,"comment_status":"","ping_status":"","sticky":false,"template":"","format":"standard","meta":{"footnotes":""},"categories":[174],"tags":[3451,5322,255,16222,146,147,25,24,256,26025,23],"class_list":{"0":"post-312165","1":"post","2":"type-post","3":"status-publish","4":"format-standard","5":"has-post-thumbnail","7":"category-famosos","8":"tag-belleza","9":"tag-cara-y-cuerpo","10":"tag-celebrities","11":"tag-cirugia-estetica","12":"tag-entertainment","13":"tag-entretenimiento","14":"tag-es","15":"tag-espana","16":"tag-famosos","17":"tag-millie-bobby-brown","18":"tag-spain"},"share_on_mastodon":{"url":"https:\/\/pubeurope.com\/@es\/115803335285326801","error":""},"_links":{"self":[{"href":"https:\/\/www.europesays.com\/es\/wp-json\/wp\/v2\/posts\/312165","targetHints":{"allow":["GET"]}}],"collection":[{"href":"https:\/\/www.europesays.com\/es\/wp-json\/wp\/v2\/posts"}],"about":[{"href":"https:\/\/www.europesays.com\/es\/wp-json\/wp\/v2\/types\/post"}],"author":[{"embeddable":true,"href":"https:\/\/www.europesays.com\/es\/wp-json\/wp\/v2\/users\/2"}],"replies":[{"embeddable":true,"href":"https:\/\/www.europesays.com\/es\/wp-json\/wp\/v2\/comments?post=312165"}],"version-history":[{"count":0,"href":"https:\/\/www.europesays.com\/es\/wp-json\/wp\/v2\/posts\/312165\/revisions"}],"wp:featuredmedia":[{"embeddable":true,"href":"https:\/\/www.europesays.com\/es\/wp-json\/wp\/v2\/media\/312166"}],"wp:attachment":[{"href":"https:\/\/www.europesays.com\/es\/wp-json\/wp\/v2\/media?parent=312165"}],"wp:term":[{"taxonomy":"category","embeddable":true,"href":"https:\/\/www.europesays.com\/es\/wp-json\/wp\/v2\/categories?post=312165"},{"taxonomy":"post_tag","embeddable":true,"href":"https:\/\/www.europesays.com\/es\/wp-json\/wp\/v2\/tags?post=312165"}],"curies":[{"name":"wp","href":"https:\/\/api.w.org\/{rel}","templated":true}]}}