{"id":312169,"date":"2025-12-29T14:32:08","date_gmt":"2025-12-29T14:32:08","guid":{"rendered":"https:\/\/www.europesays.com\/es\/312169\/"},"modified":"2025-12-29T14:32:08","modified_gmt":"2025-12-29T14:32:08","slug":"se-llama-sofia-y-tiene-28-anos-asi-es-la-mujer-con-la-que-relacionan-a-bertin-osborne-el-mundo","status":"publish","type":"post","link":"https:\/\/www.europesays.com\/es\/312169\/","title":{"rendered":"Se llama Sof\u00eda y tiene 28 a\u00f1os: as\u00ed es la mujer con la que relacionan a Bert\u00edn Osborne &#8211; El Mundo"},"content":{"rendered":"<ol>\n<li><a href=\"https:\/\/news.google.com\/rss\/articles\/CBMigAFBVV95cUxQcmx1NDBGdEhWVnIxVEptTHVBMDFLZWVKWXVGa2haNXZBT05qemtEcFE2UHBZSzRORmFOYWJUQllDa3hsNnNoblUtb0pTRzJ6RmljNml1T2REVTZvXzRFbE1LWXRFMzVDbXhVZGFlYlZubEZuaVhEN1JsLWFoa29iTtIBgAFBVV95cUxOc1VtRzlCQzhZNHBwMlpZUU5KU0FlWTgwVGtDS3lyVWNBQUtUbDZBdXNsbEZMa191WHB2NC13R2tlTThNcE1uaEF6clpfSldxc0xCUTlpdl9NSFNLblJrT3A4YngtU2Z5MWRGckdaUlhjR24zalplMVdmOUh3WE9CaQ?oc=5\" target=\"_blank\" rel=\"nofollow noopener\">Se llama Sof\u00eda y tiene 28 a\u00f1os: as\u00ed es la mujer con la que relacionan a Bert\u00edn Osborne<\/a>&nbsp;&nbsp;El Mundo<\/li>\n<li><a href=\"https:\/\/news.google.com\/rss\/articles\/CBMivgFBVV95cUxPVG9pT2xNeURsY0Y3bWVBNzhSWjhVcjFuTV9aLXl2d1kyQTdWMVZrNmtnMTMzNDhobWtlTG1QOWdEREozLUFNYmQwZkNxd2lSV2toTEZtV2NVNGJENkNVYkx1ejVQcHJJNGtWYlpSbHY3clFQbXhUcEczWlB0MkxYYk1UWEJaZk55bVJhNDJDdlN5VHhQQkNpdnB3cHk5bU5VQWUwVHI4Y1AzVmFmMzQweThIX01ISUlJRDlsRk1R?oc=5\" target=\"_blank\" rel=\"nofollow noopener\">Bert\u00edn Osborne y sus navidades m\u00e1s cari\u00f1osas con Sof\u00eda<\/a>&nbsp;&nbsp;El Confidencial<\/li>\n<li><a href=\"https:\/\/news.google.com\/rss\/articles\/CBMinAFBVV95cUxNZklGbEk4STBqcmVCZDdQdUFzUDhHM0ZmV0JETUl0MnlqZXlqS1h6a1lDZDVOam9nVndxR2VaVVdsSjZkWi0ta2pBVVNIU2RSc21zWVUyYTVRWlpJOHZqRm9Dbnl1NFBpTGc4UHFheXFsR1Yzb2kzYW11MjUzc01RcGpfMWRCVldXTnBpQXA1ejVOLVlzWUdkOUxjRms?oc=5\" target=\"_blank\" rel=\"nofollow noopener\">Bert\u00edn Osborne, enamorado: todo sobre Sof\u00eda, la nueva ilusi\u00f3n del cantante<\/a>&nbsp;&nbsp;Telecinco<\/li>\n<li><a href=\"https:\/\/news.google.com\/rss\/articles\/CBMiqAFBVV95cUxNTWEyVnFjLVpjcFNBYzM1RnhvU2hsbUdicXdJeW9mNFN4S3ZtUklkNlV1ODFpb085a19jTHVfclFuUkR5LUVKaTFERjdkdWEtYnQ0TDVoZV84RllKdG1lMjRfYmw4WWdxNklSZnFWNW9TNHF1SkFabFVTVE5INFBtb1RHd0kwYmFaYzh2S24tZk11UEVfYnNPeGhtOGIwVWFieXFuVjJ2eTnSAa4BQVVfeXFMT19MSGlNS25QZk1GMlVrNzhzendaV0R0VU1ZbUlDcmJCVXl5aWVKWEhmN2FVc3cwUko5S1VLSGkzYkw1V3ktUkcxSUxaR1ExQTRJMWRkRHoyaTlNRGNMWm95Mm5xNGJCbVZjWEZOYmNGbTIwZFFYcFMzYlBic1RvRXdqVDdUZWJSeU5uRHNYdkZNaHpOQmRpVjltS0lFazRGYXRUZ2NkNzk0ZmtXUXhR?oc=5\" target=\"_blank\" rel=\"nofollow noopener\">28 a\u00f1os, guap\u00edsima y con los ojos verdes: as\u00ed es \u00abla nueva novia\u00bb de Bert\u00edn Osborne<\/a>&nbsp;&nbsp;OkDiario<\/li>\n<\/ol>\n","protected":false},"excerpt":{"rendered":"Se llama Sof\u00eda y tiene 28 a\u00f1os: as\u00ed es la mujer con la que relacionan a Bert\u00edn Osborne&nbsp;&nbsp;El&hellip;\n","protected":false},"author":2,"featured_media":312170,"comment_status":"","ping_status":"","sticky":false,"template":"","format":"standard","meta":{"footnotes":""},"categories":[171],"tags":[11194,146,147,25,24,720,23,214],"class_list":{"0":"post-312169","1":"post","2":"type-post","3":"status-publish","4":"format-standard","5":"has-post-thumbnail","7":"category-tv","8":"tag-bertin-osborne","9":"tag-entertainment","10":"tag-entretenimiento","11":"tag-es","12":"tag-espana","13":"tag-loc-famosos","14":"tag-spain","15":"tag-tv"},"share_on_mastodon":{"url":"https:\/\/pubeurope.com\/@es\/115803347148287591","error":""},"_links":{"self":[{"href":"https:\/\/www.europesays.com\/es\/wp-json\/wp\/v2\/posts\/312169","targetHints":{"allow":["GET"]}}],"collection":[{"href":"https:\/\/www.europesays.com\/es\/wp-json\/wp\/v2\/posts"}],"about":[{"href":"https:\/\/www.europesays.com\/es\/wp-json\/wp\/v2\/types\/post"}],"author":[{"embeddable":true,"href":"https:\/\/www.europesays.com\/es\/wp-json\/wp\/v2\/users\/2"}],"replies":[{"embeddable":true,"href":"https:\/\/www.europesays.com\/es\/wp-json\/wp\/v2\/comments?post=312169"}],"version-history":[{"count":0,"href":"https:\/\/www.europesays.com\/es\/wp-json\/wp\/v2\/posts\/312169\/revisions"}],"wp:featuredmedia":[{"embeddable":true,"href":"https:\/\/www.europesays.com\/es\/wp-json\/wp\/v2\/media\/312170"}],"wp:attachment":[{"href":"https:\/\/www.europesays.com\/es\/wp-json\/wp\/v2\/media?parent=312169"}],"wp:term":[{"taxonomy":"category","embeddable":true,"href":"https:\/\/www.europesays.com\/es\/wp-json\/wp\/v2\/categories?post=312169"},{"taxonomy":"post_tag","embeddable":true,"href":"https:\/\/www.europesays.com\/es\/wp-json\/wp\/v2\/tags?post=312169"}],"curies":[{"name":"wp","href":"https:\/\/api.w.org\/{rel}","templated":true}]}}