{"id":312171,"date":"2025-12-29T14:33:08","date_gmt":"2025-12-29T14:33:08","guid":{"rendered":"https:\/\/www.europesays.com\/es\/312171\/"},"modified":"2025-12-29T14:33:08","modified_gmt":"2025-12-29T14:33:08","slug":"dokken-midjungards-cruel-force","status":"publish","type":"post","link":"https:\/\/www.europesays.com\/es\/312171\/","title":{"rendered":"DOKKEN \u2013 MIDJUNGARDS \u2013 CRUEL FORCE"},"content":{"rendered":"<p>\u00a0<\/p>\n<p style=\"text-align: center;\"><strong><a href=\"#DOKKEN\">Don Dokken no descarta un \u00faltimo EP de DOKKEN. \u00abHicimos la gira japonesa y fue un desastre, sobre todo por mi culpa\u00bb<\/a> \u2013 <a href=\"#MIDJUNGARDS\">MIDJUNGARDS estrenan v\u00eddeo<\/a> \u2013 <a href=\"#CRUEL_FORCE\">Nuevo disco de CRUEL FORCE<\/a>.<\/strong><\/p>\n<p><strong>Don Dokken<\/strong> ha hablado de una posible reuni\u00f3n de la formaci\u00f3n cl\u00e1sica de <a href=\"https:\/\/dokken.net\/\" target=\"_blank\" rel=\"noopener nofollow\"><strong>DOKKEN<\/strong><\/a> en 2016 durante una entrevista con The SDR Show.<\/p>\n<p>\u00abEn los \u00faltimos 20 conciertos o algo as\u00ed ha aparecido George (Lynch) como invitado para tocar dos o tres canciones con nosotros. Somos ya muy viejos para discutir y pelear, aunque hace un par de a\u00f1os volvimos a la carga con las demandas, pero eso es el pasado. Ya tenemos canas los dos. Incluso en el \u00faltimo concierto se trajo a toda su banda, LYNCH MOB, y abrieron para nosotros. Y sigui\u00f3 saliendo y haciendo un par de temas\u2026 o tres incluso.<\/p>\n<p>El caso es que hablamos del tema, pero yo ya no puedo tocar la guitarra, se lo dije a George abiertamente. \u00c9l no compone como yo, tiene su propia visi\u00f3n, si escuchas los cuatro primeros discos de LYNCH MOB no tienen nada que ver con DOKKEN, y lo mismo con los discos de Jeff Pilson. Es algo que sale de tu mente, de tu esp\u00edritu.<\/p>\n<p>Volviendo al tema, he hablado con George, y nos han contactado muchos sellos. De hecho hicimos un experimento hace como 7 a\u00f1os. Dijimos que componer un tema juntos, \u201cIt\u2019s Another Day\u201d, lo hicimos, lo grabamos y hasta hicimos un v\u00eddeo. Los cuatro miembros originales fuimos a Jap\u00f3n. Dije que no quer\u00eda hacer EE UU, que ir\u00edamos a Jap\u00f3n para ver si no nos mat\u00e1bamos unos a otros. Hicimos la gira japonesa y fue un desastre, sobre todo por mi culpa. No estaba en mi mejor momento. Hicimos el tema, sacamos el v\u00eddeo y a la vuelta les dije que no cre\u00eda que fuera a funcionar. As\u00ed termin\u00f3.<\/p>\n<p>Habl\u00e9 con George despu\u00e9s de tocar y le dije que podr\u00edamos hacer un EP, pero tendr\u00eda que sonar a DOKKEN, porque eso es lo que quieren los fans. No quieren locuras. George saca lo que saca, pero no tiene nada que ver con mi forma de componer. Todav\u00eda no hemos ido al meollo del asunto, y George ahora es mi vecino, lo que es extra\u00f1o. Vivimos en Nuevo M\u00e9xico. De hecho hace dos semanas me llev\u00f3 al aeropuerto.\u201d<\/p>\n<p>Ten\u00e9is la charla completa a continuaci\u00f3n.<\/p>\n<p><a href=\"https:\/\/dokken.net\/\" target=\"_blank\" rel=\"noopener nofollow\"><strong>DOKKEN<\/strong><\/a> sacaron un <a href=\"https:\/\/www.rafabasa.com\/2025\/11\/04\/dokken-lari-basilio-myrath\/\" rel=\"nofollow noopener\" target=\"_blank\">nuevo single<\/a> en noviembre.<\/p>\n<p><a href=\"https:\/\/dokken.net\/\" target=\"_blank\" rel=\"noopener nofollow\"><strong>DOKKEN<\/strong><\/a> editaron el 27 de octubre de 2023 a trav\u00e9s de Silver Lining Music un <a href=\"https:\/\/www.rafabasa.com\/2023\/03\/17\/dokken-siguen-con-su-proximo-disco-mas-sobre-la-biografia-del-bajista-de-napalm-death-shane-embury-trailer-para-el-nuevo-libro-del-fundador-de-metal-blade-brian-slagel\/#DOKKEN\" target=\"_blank\" rel=\"noopener nofollow\">nuevo disco<\/a> titulado \u00abHeaven Comes Down\u00bb.<\/p>\n<p>Todos los detalles en esta <a href=\"https:\/\/www.rafabasa.com\/2023\/08\/08\/paradise-lost-dokken-geoff-tate-vandenberg\/#DOKKEN\" target=\"_blank\" rel=\"noopener nofollow\">noticia<\/a> y los adelantos aparecidos en <a href=\"https:\/\/www.rafabasa.com\/2023\/10\/26\/serenity-dokken-job-for-a-cowboy\/#DOKKEN\" target=\"_blank\" rel=\"noopener nofollow\">esta<\/a>.<\/p>\n<p>En 2023 se habl\u00f3 de una <a href=\"https:\/\/www.rafabasa.com\/2023\/11\/30\/conception-dokken-rock-in-rio-lisboa\/#DOKKEN\" target=\"_blank\" rel=\"noopener nofollow\">pel\u00edcula sobre la banda<\/a>, pero no se ha vuelto a saber nada.<\/p>\n<p><img fetchpriority=\"high\" decoding=\"async\" src=\"https:\/\/www.europesays.com\/es\/wp-content\/uploads\/2025\/12\/don2025_1.jpg\" alt=\"DOKKEN\" width=\"421\" height=\"500\"\/><\/p>\n<p>\u00a0<\/p>\n<p>\u00a0<\/p>\n<p>\u00a0<\/p>\n<p><a href=\"https:\/\/www.facebook.com\/midjungardsofficial\" target=\"_blank\" rel=\"noopener nofollow\"><strong>MIDJUNGARDS<\/strong><\/a> han estrenado un nuevo single llamado \u201cHl\u00f6\u00f0skvi\u00f0a\u201d.<\/p>\n<p><a href=\"https:\/\/www.facebook.com\/midjungardsofficial\" target=\"_blank\" rel=\"noopener nofollow\"><strong>MIDJUNGARDS<\/strong><\/a> editar\u00e1n en 2026 su cuarto trabajo \u201cLong Haired Kings\u201d.<\/p>\n<p>M\u00e1s sobre el \u00e1lbum en esta <a href=\"https:\/\/www.rafabasa.com\/2025\/11\/03\/midjungards-van-halen-d-a-m\/#MIDJUNGARDS\" rel=\"nofollow noopener\" target=\"_blank\">noticia<\/a> y otro single en <a href=\"https:\/\/www.rafabasa.com\/2025\/11\/30\/opeth-venom-midjungards\/#MIDJUNGARDS\" rel=\"nofollow noopener\" target=\"_blank\">esta<\/a>.<\/p>\n<p><a href=\"https:\/\/www.rafabasa.com\/2025\/11\/18\/cronica-y-fotos-de-midjungards-en-barcelona\/\" target=\"_blank\" rel=\"noopener nofollow\"><strong>Esta es la cr\u00f3nica y fotos de su reciente concierto en Barcelona<\/strong><\/a>.<\/p>\n<p>\u00a0<\/p>\n<p>\u00a0<\/p>\n<p><strong>CRUEL FORCE<\/strong> sacar\u00e1n el 27 de marzo a trav\u00e9s de Shadow Kingdom Records un nuevo disco titulado \u201cHaneda\u201d.<\/p>\n<p>Estos son los temas que incluye:<\/p>\n<ol>\n<li>The Cross<\/li>\n<li>Whips-A-Swinging<\/li>\n<li>Savage Gods<\/li>\n<li>Sword of Iron<\/li>\n<li>Crystal Skull<\/li>\n<li>Warlords<\/li>\n<li>Black Talon<\/li>\n<li>Titan\u2019s Awakening<\/li>\n<li>Haneda<\/li>\n<\/ol>\n<p>Estar\u00e1 disponible en CD, vinilo y formato digital.<\/p>\n<p>El material se ha grabado con Marco Brinkmann en los estudios Hellforge, Bauer y Parchment entre enero y abril de 2025. La portada ha corrido a cargo de M. LeMay.<\/p>\n<p>En este <a href=\"https:\/\/www.rafabasa.com\/2023\/08\/17\/lynch-mob-peter-west-haag-cruel-force\/#CRUEL_FORCE\" target=\"_blank\" rel=\"noopener nofollow\">bloque<\/a> pod\u00e9is escuchar el \u00faltimo disco de <strong>CRUEL FORCE<\/strong> \u201cAt The Dawn Of The Axe\u201d, aparecido el 22 de septiembre de 2023 a trav\u00e9s de Shadow Kingdom Records.<\/p>\n<p>Todos los detalles en esta <a href=\"https:\/\/www.rafabasa.com\/2023\/08\/08\/mr-big-dave-lombardo-cruel-force\/#CRUEL_FORCE\" target=\"_blank\" rel=\"noopener nofollow\">noticia<\/a>.<\/p>\n<p align=\"center\"><strong>Sigue el\u00a0<a href=\"https:\/\/whatsapp.com\/channel\/0029VaCprxVBA1f555USvT2O\" target=\"_blank\" rel=\"nofollow noopener\">Canal de RAFABASA.COM en WhatsApp<\/a>, donde encontrar\u00e1s todas nuestras novedades al instante<\/strong><\/p>\n<p>\u00a0<\/p>\n","protected":false},"excerpt":{"rendered":"\u00a0 Don Dokken no descarta un \u00faltimo EP de DOKKEN. \u00abHicimos la gira japonesa y fue un desastre,&hellip;\n","protected":false},"author":2,"featured_media":312172,"comment_status":"","ping_status":"","sticky":false,"template":"","format":"standard","meta":{"footnotes":""},"categories":[170],"tags":[73356,58455,146,147,25,24,31463,184,185,23],"class_list":{"0":"post-312171","1":"post","2":"type-post","3":"status-publish","4":"format-standard","5":"has-post-thumbnail","7":"category-musica","8":"tag-cruel-force","9":"tag-dokken","10":"tag-entertainment","11":"tag-entretenimiento","12":"tag-es","13":"tag-espana","14":"tag-midjungards","15":"tag-music","16":"tag-musica","17":"tag-spain"},"share_on_mastodon":{"url":"https:\/\/pubeurope.com\/@es\/115803350962948477","error":""},"_links":{"self":[{"href":"https:\/\/www.europesays.com\/es\/wp-json\/wp\/v2\/posts\/312171","targetHints":{"allow":["GET"]}}],"collection":[{"href":"https:\/\/www.europesays.com\/es\/wp-json\/wp\/v2\/posts"}],"about":[{"href":"https:\/\/www.europesays.com\/es\/wp-json\/wp\/v2\/types\/post"}],"author":[{"embeddable":true,"href":"https:\/\/www.europesays.com\/es\/wp-json\/wp\/v2\/users\/2"}],"replies":[{"embeddable":true,"href":"https:\/\/www.europesays.com\/es\/wp-json\/wp\/v2\/comments?post=312171"}],"version-history":[{"count":0,"href":"https:\/\/www.europesays.com\/es\/wp-json\/wp\/v2\/posts\/312171\/revisions"}],"wp:featuredmedia":[{"embeddable":true,"href":"https:\/\/www.europesays.com\/es\/wp-json\/wp\/v2\/media\/312172"}],"wp:attachment":[{"href":"https:\/\/www.europesays.com\/es\/wp-json\/wp\/v2\/media?parent=312171"}],"wp:term":[{"taxonomy":"category","embeddable":true,"href":"https:\/\/www.europesays.com\/es\/wp-json\/wp\/v2\/categories?post=312171"},{"taxonomy":"post_tag","embeddable":true,"href":"https:\/\/www.europesays.com\/es\/wp-json\/wp\/v2\/tags?post=312171"}],"curies":[{"name":"wp","href":"https:\/\/api.w.org\/{rel}","templated":true}]}}