{"id":31220,"date":"2025-08-07T09:05:11","date_gmt":"2025-08-07T09:05:11","guid":{"rendered":"https:\/\/www.europesays.com\/es\/31220\/"},"modified":"2025-08-07T09:05:11","modified_gmt":"2025-08-07T09:05:11","slug":"pello-bilbao-segundo-en-la-etapa-de-polonia","status":"publish","type":"post","link":"https:\/\/www.europesays.com\/es\/31220\/","title":{"rendered":"Pello Bilbao, segundo en la etapa de Polonia"},"content":{"rendered":"<p>    <img loading=\"lazy\" decoding=\"async\" src=\"https:\/\/www.europesays.com\/es\/wp-content\/uploads\/2025\/08\/a023b263-fb15-4e22-997a-de188349d4c3_16-9-discover-aspect-ratio_default_0.jpg\" alt=\"Ben Turner gan\u00f3 la etapa  por delante de Pello Bilbao y de  Andrea Bagioli\" width=\"1200\" height=\"675\" title=\"Ben Turner gan\u00f3 la etapa  por delante de Pello Bilbao y de  Andrea Bagioli\" style=\"height:auto;\"\/><\/p>\n<p class=\"article-photo__footer\">\n        Ben Turner gan\u00f3 la etapa  por delante de Pello Bilbao y de  Andrea Bagioli<br \/>\n                    Maciej Kulczynski\n            <\/p>\n<p class=\"article-body__text article-body__text--entry article-body__text-middle\">\n        El corredor brit\u00e1nico<strong> Ben Turner, del equipo Ineos Grenadiers, consigui\u00f3 la victoria en la tercer etapa del Tour de Polonia<\/strong>, de 161,6 kil\u00f3metros con salida y llegada en Walbrzych, marcada por una ca\u00edda a 21 kil\u00f3metros de meta, con el vizcaino <a href=\"https:\/\/www.deia.eus\/tags\/pello-bilbao\/\" title=\"Pello Bilbao\" class=\"link copy\" rel=\"nofollow noopener\" target=\"_blank\"><strong>Pello Bilbao<\/strong><\/a><strong> segundo. <\/strong>\n<\/p>\n<p class=\"article-body__text \">\n        La ca\u00edda oblig\u00f3 a detener la carrera durante varios minutos por la imposibilidad del acceso de las ambulancias para socorrer a los corredores implicados y que deriv\u00f3 en la decisi\u00f3n de la organizaci\u00f3n de no registrar los tiempos de la general en la etapa.<strong> Turner entr\u00f3 a meta con un tiempo de 4:15:46, por delante del gernikarra Pello Bilbao (Bahrain-Victorius), segundo, y del italiano Andrea Bagioli (Lidl-Trek)<\/strong>, tercero. De esta forma, <strong>Turner consigue su segunda victoria profesional, tras su triunfo en la carrera Vuelta Ciclista a la Regi\u00f3n de Murcia Costa C\u00e1lida en el a\u00f1o 2023. <\/strong><\/p>\n","protected":false},"excerpt":{"rendered":"Ben Turner gan\u00f3 la etapa por delante de Pello Bilbao y de Andrea Bagioli Maciej Kulczynski El corredor&hellip;\n","protected":false},"author":2,"featured_media":31221,"comment_status":"","ping_status":"","sticky":false,"template":"","format":"standard","meta":{"footnotes":""},"categories":[273],"tags":[2601,313,312,168,25,24,314,12609,7027,1566,23,167],"class_list":{"0":"post-31220","1":"post","2":"type-post","3":"status-publish","4":"format-standard","5":"has-post-thumbnail","7":"category-ciclismo","8":"tag-bilbao","9":"tag-ciclismo","10":"tag-cycling","11":"tag-deportes","12":"tag-es","13":"tag-espana","14":"tag-etapa","15":"tag-pello","16":"tag-polonia","17":"tag-segundo","18":"tag-spain","19":"tag-sports"},"share_on_mastodon":{"url":"","error":""},"_links":{"self":[{"href":"https:\/\/www.europesays.com\/es\/wp-json\/wp\/v2\/posts\/31220","targetHints":{"allow":["GET"]}}],"collection":[{"href":"https:\/\/www.europesays.com\/es\/wp-json\/wp\/v2\/posts"}],"about":[{"href":"https:\/\/www.europesays.com\/es\/wp-json\/wp\/v2\/types\/post"}],"author":[{"embeddable":true,"href":"https:\/\/www.europesays.com\/es\/wp-json\/wp\/v2\/users\/2"}],"replies":[{"embeddable":true,"href":"https:\/\/www.europesays.com\/es\/wp-json\/wp\/v2\/comments?post=31220"}],"version-history":[{"count":0,"href":"https:\/\/www.europesays.com\/es\/wp-json\/wp\/v2\/posts\/31220\/revisions"}],"wp:featuredmedia":[{"embeddable":true,"href":"https:\/\/www.europesays.com\/es\/wp-json\/wp\/v2\/media\/31221"}],"wp:attachment":[{"href":"https:\/\/www.europesays.com\/es\/wp-json\/wp\/v2\/media?parent=31220"}],"wp:term":[{"taxonomy":"category","embeddable":true,"href":"https:\/\/www.europesays.com\/es\/wp-json\/wp\/v2\/categories?post=31220"},{"taxonomy":"post_tag","embeddable":true,"href":"https:\/\/www.europesays.com\/es\/wp-json\/wp\/v2\/tags?post=31220"}],"curies":[{"name":"wp","href":"https:\/\/api.w.org\/{rel}","templated":true}]}}