{"id":312204,"date":"2025-12-29T14:56:08","date_gmt":"2025-12-29T14:56:08","guid":{"rendered":"https:\/\/www.europesays.com\/es\/312204\/"},"modified":"2025-12-29T14:56:08","modified_gmt":"2025-12-29T14:56:08","slug":"videos-de-alice-cooper-con-orquesta-silje-wergeland-abandona-the-gathering-sean-killian-habla-de-la-marcha-de-phil-demmel-de-vio-lence","status":"publish","type":"post","link":"https:\/\/www.europesays.com\/es\/312204\/","title":{"rendered":"V\u00eddeos de Alice Cooper con orquesta. Silje Wergeland abandona THE GATHERING. Sean Killian habla de la marcha de Phil Demmel de VIO \u2013 LENCE."},"content":{"rendered":"<p>\u00a0<\/p>\n<p style=\"text-align: center;\"><strong><a href=\"#Cooper\">V\u00eddeos de Alice Cooper con orquesta<\/a> \u2013 <a href=\"#THE_GATHERING\">Silje Wergeland abandona THE GATHERING <\/a>\u2013 <a href=\"#VIOLENCE\">Sean Killian habla de la marcha de Phil Demmel de VIO \u2013 LENCE<\/a>.<\/strong><\/p>\n<p>A continuaci\u00f3n pod\u00e9is ver v\u00eddeos de <a href=\"https:\/\/alicecooper.com\/home\/\" target=\"_blank\" rel=\"noopener nofollow\"><strong>Alice Cooper<\/strong><\/a> actuando con una orquesta sinf\u00f3nica en la gira alemana Night Of The Proms. Cooper estuvo acompa\u00f1ado por sus guitarristas Tommy Henriksen y Nita Strauss. Los v\u00eddeos se grabaron los d\u00edas 19 y 20 de diciembre en el recinto Lanxess de Colonia, Alemania.<\/p>\n<p><img fetchpriority=\"high\" decoding=\"async\" src=\"https:\/\/www.europesays.com\/es\/wp-content\/uploads\/2025\/12\/alice_orquesta1.jpg\" alt=\"COOPER\" width=\"500\" height=\"267\"\/><\/p>\n<p>El vocalista ha anunciado un <a href=\"https:\/\/www.rafabasa.com\/2025\/10\/31\/alice-cooper-se-asocia-con-criss-angel-para-un-nuevo-espectaculo-documental-de-devin-townsend-segundo-single-del-proyecto-de-juli-bazooka-midnight-brujo\/#Alice_Cooper\" rel=\"nofollow noopener\" target=\"_blank\">nuevo espect\u00e1culo<\/a> junto al mago Criss Angel.<\/p>\n<p>En principio Cooper est\u00e1 preparando <a href=\"https:\/\/www.rafabasa.com\/2025\/10\/03\/alice-cooper-orden-ogan-kinnia\/#Alice_Cooper2\" target=\"_blank\" rel=\"noopener nofollow\">dos nuevos discos<\/a>.<\/p>\n<p>En este <a href=\"https:\/\/www.rafabasa.com\/2025\/07\/27\/slipknot-alice-cooper-h-e-a-t\/#Alice_Cooper\" target=\"_blank\" rel=\"noopener nofollow\">bloque<\/a> pod\u00e9is escuchar \u00edntegro el nuevo disco de <a href=\"https:\/\/alicecooper.com\/home\/\" target=\"_blank\" rel=\"noopener nofollow\"><strong>Alice Cooper<\/strong><\/a> \u201cThe Revenge Of Alice Cooper\u201d acompa\u00f1ado por una conferencia de la banda. El \u00e1lbum sali\u00f3 25 de julio a trav\u00e9s de earMUSIC.<\/p>\n<p>Todos los detalles en esta <a href=\"https:\/\/www.rafabasa.com\/2025\/04\/21\/alice-cooper-femme-fatale-brotherhood-of-wolves\/#Alice_Cooper\" target=\"_blank\" rel=\"noopener nofollow\">noticia<\/a> y los v\u00eddeos aparecidos en <a href=\"https:\/\/www.rafabasa.com\/2025\/09\/25\/alice-cooper-destruction-ozzy-osbourne\/#Alice_Cooper\" target=\"_blank\" rel=\"noopener nofollow\">esta<\/a>.<\/p>\n<p>\u00a0<\/p>\n<p>\u00a0<\/p>\n<p>La cantante de <a href=\"https:\/\/www.facebook.com\/thegatheringofficial\" target=\"_blank\" rel=\"noopener nofollow\"><strong>THE GATHERING<\/strong><\/a> Silje Wergeland ha anunciado su marcha de la banda despu\u00e9s de 16 a\u00f1os.<\/p>\n<p>Wergeland ha publicado un breve comunicado en el que explica que es el momento de emprender nuevas aventuras, adem\u00e1s de agradecer a la banda su tiempo con ellos.<\/p>\n<p><a href=\"https:\/\/www.facebook.com\/thegatheringofficial\" target=\"_blank\" rel=\"noopener nofollow\"><strong>THE GATHERING<\/strong><\/a> estar\u00e1n en Rock Imperium con su cantante original Anneke Van Giersbergen para interpretar su disco \u201cMandylion\u201d.<\/p>\n<p>V\u00eddeos de su \u00faltimo concierto de reuni\u00f3n con Anneke Van Guersbergen en esta <a href=\"https:\/\/www.rafabasa.com\/2025\/07\/03\/geoff-tate-the-gathering-hollywood-vampires\/#THE_GATHERING\" rel=\"nofollow noopener\" target=\"_blank\">noticia<\/a>.<\/p>\n<p>Los holandeses sacaron el 29 de abril de 2022 a trav\u00e9s de su sello Psychonaut Records un EP titulado \u201cInterference\u201d que acompa\u00f1aba a su <a href=\"https:\/\/www.rafabasa.com\/2021\/10\/07\/kiss-the-gathering-kix\/#THE_GATHERING\" target=\"_blank\" rel=\"noopener nofollow\">\u00faltimo disco<\/a> \u201cBeautiful Distortion\u201d, aparecido en la misma fecha.<\/p>\n<p>\u00a0<\/p>\n<p>El cantante de <a title=\"Go to: Facebook\" href=\"https:\/\/www.facebook.com\/vioofficialpage\/\" target=\"_blank\" rel=\"noopener nofollow\"><strong>VIO-LENCE<\/strong><\/a> Sean Killian ha hablado con Robbs Metalworks de la marcha del guitarrista Phil Demmel el a\u00f1o pasado.<\/p>\n<p>\u00abQuer\u00eda que dejara la banda archivada. Agotamos el Whisky a Go Go en Los \u00c1ngeles y lo dijo en el camerino despu\u00e9s de tocar. Le dije que no iba a archivar nada porque la realidad es que nunca llegamos a girar en su momento, hay muchos sitios en donde no nos han visto ni escuchado en directo. Para \u00e9l es una cosa de garaje\u2026 es una persona ego\u00edsta. Incluso lo dice \u00e9l si lees algunas de sus entrevistas.\u00bb<\/p>\n<p>Ten\u00e9is la charla completa a continuaci\u00f3n.<\/p>\n<p>La banda present\u00f3 en marzo a su <a href=\"https:\/\/www.rafabasa.com\/2025\/03\/24\/tarja-marko-hietala-hate-vio-lence\/#VIO_LENCE\" rel=\"nofollow noopener\" target=\"_blank\">nueva formaci\u00f3n<\/a>.<\/p>\n<p>Su \u00faltimo EP \u201cLet The World Burn\u201d sali\u00f3 el 4 de marzo de 2022 a trav\u00e9s de Metal Blade.<\/p>\n<p>Todos los detalles en este <a href=\"https:\/\/www.rafabasa.com\/2022\/01\/10\/avantasia-vio-lence-eden\/#VIO_LENCE\" target=\"_blank\" rel=\"noopener nofollow\">bloque<\/a> y su \u00faltimo v\u00eddeo en <a href=\"https:\/\/www.rafabasa.com\/2022\/02\/15\/jorge-salan-vio-lence-exhorder\/#VIO_LENCE\" target=\"_blank\" rel=\"noopener nofollow\">este<\/a>.<\/p>\n<p>M\u00e1s sobre la banda en esta <a href=\"https:\/\/www.rafabasa.com\/2024\/04\/21\/warcry-epica-heart-vio-lence\/#VIO_LENCE\" target=\"_blank\" rel=\"noopener nofollow\">noticia<\/a>.<\/p>\n<p align=\"center\"><strong>Sigue el\u00a0<a href=\"https:\/\/whatsapp.com\/channel\/0029VaCprxVBA1f555USvT2O\" target=\"_blank\" rel=\"nofollow noopener\">Canal de RAFABASA.COM en WhatsApp<\/a>, donde encontrar\u00e1s todas nuestras novedades al instante<\/strong><\/p>\n<p>\u00a0<\/p>\n<p>\u00a0<\/p>\n","protected":false},"excerpt":{"rendered":"\u00a0 V\u00eddeos de Alice Cooper con orquesta \u2013 Silje Wergeland abandona THE GATHERING \u2013 Sean Killian habla de&hellip;\n","protected":false},"author":2,"featured_media":312205,"comment_status":"","ping_status":"","sticky":false,"template":"","format":"standard","meta":{"footnotes":""},"categories":[170],"tags":[6551,146,147,25,24,184,185,23,73360,73361],"class_list":{"0":"post-312204","1":"post","2":"type-post","3":"status-publish","4":"format-standard","5":"has-post-thumbnail","7":"category-musica","8":"tag-alice-cooper","9":"tag-entertainment","10":"tag-entretenimiento","11":"tag-es","12":"tag-espana","13":"tag-music","14":"tag-musica","15":"tag-spain","16":"tag-the-gathering","17":"tag-vio-lence"},"share_on_mastodon":{"url":"https:\/\/pubeurope.com\/@es\/115803441452926062","error":""},"_links":{"self":[{"href":"https:\/\/www.europesays.com\/es\/wp-json\/wp\/v2\/posts\/312204","targetHints":{"allow":["GET"]}}],"collection":[{"href":"https:\/\/www.europesays.com\/es\/wp-json\/wp\/v2\/posts"}],"about":[{"href":"https:\/\/www.europesays.com\/es\/wp-json\/wp\/v2\/types\/post"}],"author":[{"embeddable":true,"href":"https:\/\/www.europesays.com\/es\/wp-json\/wp\/v2\/users\/2"}],"replies":[{"embeddable":true,"href":"https:\/\/www.europesays.com\/es\/wp-json\/wp\/v2\/comments?post=312204"}],"version-history":[{"count":0,"href":"https:\/\/www.europesays.com\/es\/wp-json\/wp\/v2\/posts\/312204\/revisions"}],"wp:featuredmedia":[{"embeddable":true,"href":"https:\/\/www.europesays.com\/es\/wp-json\/wp\/v2\/media\/312205"}],"wp:attachment":[{"href":"https:\/\/www.europesays.com\/es\/wp-json\/wp\/v2\/media?parent=312204"}],"wp:term":[{"taxonomy":"category","embeddable":true,"href":"https:\/\/www.europesays.com\/es\/wp-json\/wp\/v2\/categories?post=312204"},{"taxonomy":"post_tag","embeddable":true,"href":"https:\/\/www.europesays.com\/es\/wp-json\/wp\/v2\/tags?post=312204"}],"curies":[{"name":"wp","href":"https:\/\/api.w.org\/{rel}","templated":true}]}}