{"id":312211,"date":"2025-12-29T15:00:10","date_gmt":"2025-12-29T15:00:10","guid":{"rendered":"https:\/\/www.europesays.com\/es\/312211\/"},"modified":"2025-12-29T15:00:10","modified_gmt":"2025-12-29T15:00:10","slug":"teatro-arbole-representara-caperucita-roja-una-version-libre-del-cuento-clasico-de-perrault-llena-de-ingenio-y-sorpresas","status":"publish","type":"post","link":"https:\/\/www.europesays.com\/es\/312211\/","title":{"rendered":"Teatro Arbol\u00e9 representar\u00e1 \u201c\u00bfCaperucita Roja?\u201d, una versi\u00f3n libre del cuento cl\u00e1sico de Perrault llena de ingenio y sorpresas"},"content":{"rendered":"<blockquote>\n<p>Martes, 30 de diciembre. Teatro de la Villa. 17:30 horas.<\/p>\n<\/blockquote>\n<p><strong>La propuesta de ARBOL\u00c9 Teatro da la vuelta al cuento de \u201cCaperucita Roja\u201d y, adem\u00e1s de advertir sobre los peligros de la vida, consigue hacer de la figura del lobo un animal m\u00e1s entra\u00f1able, evitando la parte m\u00e1s traum\u00e1tica de la historia. T\u00edteres y titiriteros trabajan conjuntamente para ofrecernos una versi\u00f3n llena de ingenio, sorpresa y complicidad con el p\u00fablico.<\/strong><\/p>\n<p>La versi\u00f3n de ARBOL\u00c9 tiene el t\u00edtulo entre interrogantes, \u201c\u00bfCaperucita roja?\u201d, porque, aun conservando la estructura cl\u00e1sica del cuento, han querido darle la vuelta y provocar una pelea entre el cazador y el lobo que termine acercando a los ni\u00f1os y ni\u00f1as la figura del lobo, haci\u00e9ndola m\u00e1s entra\u00f1able, lejos de esa figura devoradora de ni\u00f1os y sin un final tr\u00e1gico. Tampoco el cazador es el valeroso salvador de la abuelita. Y desde luego Caperucita no es tan inocente y cr\u00e9dula como para creerse que ese animalejo con peluca es su abuelita.<\/p>\n<p>Hab\u00eda una vez una ni\u00f1a muy bonita. Su madre le hab\u00eda hecho una capa roja y la muchachita la llevaba tan a menudo que todo el mundo la llamaba Caperucita Roja. Este cuento es quiz\u00e1s uno de los relatos tradicionales m\u00e1s contado y m\u00e1s representado. Su autor, Charles Perrault, nunca imagin\u00f3, cuando lo narraba en los salones del rey de Francia, que esa historia que entra\u00f1a todo un viaje inici\u00e1tico hacia la madurez, llegar\u00eda a ser una de las m\u00e1s conocidas en todo el mundo. El encuentro de la ni\u00f1a y el lobo entra\u00f1a toda la moraleja de la desobediencia. Nadie le mandaba a Caperucita pasar por el bosque donde vive este animal para ir a casa de la abuelita. Una historia contada de forma que no traumatiza a los ni\u00f1os: les advierte de los peligros de la vida.<\/p>\n<p><strong>Sobre la venta de entradas<\/strong><\/p>\n<p><strong>VENTA ONLINE:<\/strong> Todos los espect\u00e1culos de temporada se hallan a la venta sin l\u00edmite de fecha ni horarios . La venta se realiza desde la pesta\u00f1a \u201cCompra de entradas\u201d de la barra de navegaci\u00f3n de la web municipal www.ejea.es<\/p>\n<p><strong>VENTA PRESENCIAL<\/strong>:\u00a0 En el Centro C\u00edvico, en horario de ma\u00f1anas ( 11:00 -13:00 h ) y en horario de tardes (17:00 a 20:00 h.), en la taquilla del Teatro, el d\u00eda de la actuaci\u00f3n, desde 1 hora antes de la funci\u00f3n y siempre que quedaran entradas disponibles.<\/p>\n<p>La cita, el <strong>s\u00e1bado, 30 de diciembre<\/strong>, a las <strong>17:30 de la tarde<\/strong>, en el Teatro de la Villa.<\/p>\n<p><img fetchpriority=\"high\" decoding=\"async\" class=\"alignnone size-medium wp-image-49651\" src=\"https:\/\/www.europesays.com\/es\/wp-content\/uploads\/2025\/12\/30.12.2025-\u00bfCAPERUCITA-ROJA_-CARTEL-212x300.png\" alt=\"\" width=\"212\" height=\"300\"  \/><\/p>\n<p>\u00a0<\/p>\n<p>\u00a0<\/p>\n","protected":false},"excerpt":{"rendered":"Martes, 30 de diciembre. Teatro de la Villa. 17:30 horas. La propuesta de ARBOL\u00c9 Teatro da la vuelta&hellip;\n","protected":false},"author":2,"featured_media":312212,"comment_status":"","ping_status":"","sticky":false,"template":"","format":"standard","meta":{"footnotes":""},"categories":[91],"tags":[26464,26465,209,26466,73362,146,147,25,24,2932,3799,23],"class_list":{"0":"post-312211","1":"post","2":"type-post","3":"status-publish","4":"format-standard","5":"has-post-thumbnail","7":"category-entretenimiento","8":"tag-ejeadeloscaballeros","9":"tag-pueblosejea","10":"tag-cultura","11":"tag-ejea","12":"tag-ejea_cultural","13":"tag-entertainment","14":"tag-entretenimiento","15":"tag-es","16":"tag-espana","17":"tag-ninos","18":"tag-ocio","19":"tag-spain"},"share_on_mastodon":{"url":"https:\/\/pubeurope.com\/@es\/115803457043277715","error":""},"_links":{"self":[{"href":"https:\/\/www.europesays.com\/es\/wp-json\/wp\/v2\/posts\/312211","targetHints":{"allow":["GET"]}}],"collection":[{"href":"https:\/\/www.europesays.com\/es\/wp-json\/wp\/v2\/posts"}],"about":[{"href":"https:\/\/www.europesays.com\/es\/wp-json\/wp\/v2\/types\/post"}],"author":[{"embeddable":true,"href":"https:\/\/www.europesays.com\/es\/wp-json\/wp\/v2\/users\/2"}],"replies":[{"embeddable":true,"href":"https:\/\/www.europesays.com\/es\/wp-json\/wp\/v2\/comments?post=312211"}],"version-history":[{"count":0,"href":"https:\/\/www.europesays.com\/es\/wp-json\/wp\/v2\/posts\/312211\/revisions"}],"wp:featuredmedia":[{"embeddable":true,"href":"https:\/\/www.europesays.com\/es\/wp-json\/wp\/v2\/media\/312212"}],"wp:attachment":[{"href":"https:\/\/www.europesays.com\/es\/wp-json\/wp\/v2\/media?parent=312211"}],"wp:term":[{"taxonomy":"category","embeddable":true,"href":"https:\/\/www.europesays.com\/es\/wp-json\/wp\/v2\/categories?post=312211"},{"taxonomy":"post_tag","embeddable":true,"href":"https:\/\/www.europesays.com\/es\/wp-json\/wp\/v2\/tags?post=312211"}],"curies":[{"name":"wp","href":"https:\/\/api.w.org\/{rel}","templated":true}]}}