{"id":312215,"date":"2025-12-29T15:02:12","date_gmt":"2025-12-29T15:02:12","guid":{"rendered":"https:\/\/www.europesays.com\/es\/312215\/"},"modified":"2025-12-29T15:02:12","modified_gmt":"2025-12-29T15:02:12","slug":"este-es-el-mejor-roscon-de-reyes-de-bizkaia-segun-la-revista-viajar","status":"publish","type":"post","link":"https:\/\/www.europesays.com\/es\/312215\/","title":{"rendered":"Este es el mejor Rosc\u00f3n de Reyes de Bizkaia, seg\u00fan la revista &#8216;Viajar&#8217;"},"content":{"rendered":"<p><img fetchpriority=\"high\" class=\"v-a-img\" src=\"https:\/\/www.europesays.com\/es\/wp-content\/uploads\/2025\/12\/roscon-1-kwsB-U240692627978GQD-1200x840@El Correo.jpg\" loading=\"eager\" decoding=\"async\" alt=\"La pasteler\u00eda Mi mundo de az\u00facar, en Algorta, elabora el mejor rosc\u00f3n de Bizkaia.\"  width=\"1200\" height=\"840\"\/><\/p>\n<p>La pasteler\u00eda Mi mundo de az\u00facar, en Algorta, elabora el mejor rosc\u00f3n de Bizkaia.          Yvonne Iturgaiz        <\/p>\n<p>Mi mundo de az\u00facar, en Algorta, prepara uno de los postres navide\u00f1os m\u00e1s originales<\/p>\n<p><a class=\"v-mdl-ath__fig-a\" href=\"https:\/\/www.elcorreo.com\/autor\/marina-leon-6788.html\" title=\"Marina Le\u00f3n\" rel=\"nofollow noopener\" target=\"_blank\"><br \/>\n<img decoding=\"async\" class=\"v-mdl-ath__img\" src=\"https:\/\/www.europesays.com\/es\/wp-content\/uploads\/2025\/12\/autor-6788-foto-1.jpeg\" alt=\"Marina Le\u00f3n\"\/><br \/>\n<\/a><\/p>\n<p class=\"v-mdl-ath__p v-mdl-ath__p--6\">\nLunes, 29 de diciembre 2025, 14:01<\/p>\n<p class=\"v-p\">Las navidades son la \u00e9poca de las reuniones con familia y amigos. Unos reencuentros que llevan impl\u00edcitas apetecibles comidas y cenas. En estas fechas, los m\u00e1s golosos esperan con ganas el cierre de las fiestas por un solo motivo: el Rosc\u00f3n de Reyes. Es el dulce estrella de la temporada y los d\u00edas previos al 6 de enero se convierte en un aut\u00e9ntico reclamo.<\/p>\n<p><a class=\"v-a-link\" href=\"https:\/\/www.elcorreo.com\/bizkaiadmoda\/moda\/pasteleria-algorta-mejor-roscon-bizkaia-viviana-venta-20250116191426-ga.html\" data-voc-vtm-id=\"in-text-traffic\" title=\"\" aria-label=\"Imagen\" rel=\"nofollow noopener\" target=\"_blank\"><br \/>\n<img decoding=\"async\" loading=\"lazy\" src=\"https:\/\/www.europesays.com\/es\/wp-content\/uploads\/2025\/12\/pasteleria-algorta-mejor-roscon-bizkaia-viviana-venta-kwnB--366x256@El Correo.jpg\" class=\"v-a-img\" width=\"258\" height=\"180\" alt=\"\" data-voc-vtm-id=\"in-text-traffic\"\/><\/p>\n<p><\/a><\/p>\n<p class=\"v-p\">La revista &#8216;Viajar&#8217; ha seleccionado el mejor rosc\u00f3n de cada provincia y en Bizkaia se lleva la medalla de oro el que se elabora en una pasteler\u00eda de Algorta. En Mi mundo de az\u00facar no les pilla por sorpresa, y es que el rosc\u00f3n de la artesana uruguaya Viviana Cauna se se ha alzado ya con varios premios, tal y como cont\u00f3 <a href=\"https:\/\/www.elcorreo.com\/bizkaiadmoda\/moda\/pasteleria-algorta-mejor-roscon-bizkaia-viviana-venta-20250116191223-nt.html\" target=\"_blank\" title=\"Viviana vuelve a sacar a la venta el \u00abmejor rosc\u00f3n de Bizkaia\u00bb en su pasteler\u00eda de Algorta\" data-voc-vtm-id=\"in-text-traffic\" data-mrf-link=\"www.elcorreo.com\" rel=\"nofollow noopener\">en una entrevista con EL CORREO<\/a>. <\/p>\n<p class=\"v-p\">\u00bfCu\u00e1l es el secreto de este postre? \u00abEs algo as\u00ed como una fusi\u00f3n entre el t\u00edpico dulce navide\u00f1o y el goxua, que se elabora con diferentes capas de nata y crema pastelera\u00bb, indican desde la conocida publicaci\u00f3n. Para la masa de este rosc\u00f3n tan singular, la pastelera utiliza aroma de naranja natural, lim\u00f3n y agua de azahar, y para decorar, almendras tostadas laminadas, caramelo e hilos de chocolate blanco.<\/p>\n<p class=\"v-p\">Viviana y su marido Gustavo se trasladaron a Algorta hace 21 a\u00f1os para dejar atr\u00e1s la crisis del corralito argentino. \u00abTuvimos que cerrar nuestra panader\u00eda familiar, porque las ventas bajaron y los precios se dispararon\u00bb. Buscaban un futuro mejor para Sol y Mart\u00edn, sus dos hijos mayores, que entonces ten\u00edan 3 y 6 a\u00f1os. \u00abLos comienzos fueron muy dif\u00edciles, tuvimos que arrancar de cero. Trabaj\u00e9 en un bar de Sopela y cuidando ni\u00f1os hasta que en 2014 nos animamos a abrir nuestra pasteler\u00eda\u00bb, recuerda Vivi. <\/p>\n<p class=\"v-p\">Entonces convirtieron dos garajes, en el n\u00famero 1 de la calle Torrene, en su peque\u00f1a tienda y obrador de 47 metros cuadrados. Un lugar acogedor que inundaron de los sabores de su pa\u00eds. \u00abEmpezamos haciendo alfajores y muchos postres con dulce de leche, pero con el tiempo hemos ido innovando y adapt\u00e1ndonos al paladar de aqu\u00ed\u00bb. Hoy ofrecen pastel de arroz, pastel vasco, cheesecake, cookies&#8230; y tartas personalizadas que da pena comerse.<\/p>\n<p>Reporta un error<\/p>\n","protected":false},"excerpt":{"rendered":"La pasteler\u00eda Mi mundo de az\u00facar, en Algorta, elabora el mejor rosc\u00f3n de Bizkaia. Yvonne Iturgaiz Mi mundo&hellip;\n","protected":false},"author":2,"featured_media":312216,"comment_status":"","ping_status":"","sticky":false,"template":"","format":"standard","meta":{"footnotes":""},"categories":[80],"tags":[4144,82,95,94,25,24,1684,1738,3051,73363,5153,23,6027],"class_list":{"0":"post-312215","1":"post","2":"type-post","3":"status-publish","4":"format-standard","5":"has-post-thumbnail","7":"category-economia","8":"tag-bizkaia","9":"tag-business","10":"tag-economia","11":"tag-economy","12":"tag-es","13":"tag-espana","14":"tag-mejor","15":"tag-revista","16":"tag-reyes","17":"tag-roscon","18":"tag-segun","19":"tag-spain","20":"tag-viajar"},"share_on_mastodon":{"url":"https:\/\/pubeurope.com\/@es\/115803465040320122","error":""},"_links":{"self":[{"href":"https:\/\/www.europesays.com\/es\/wp-json\/wp\/v2\/posts\/312215","targetHints":{"allow":["GET"]}}],"collection":[{"href":"https:\/\/www.europesays.com\/es\/wp-json\/wp\/v2\/posts"}],"about":[{"href":"https:\/\/www.europesays.com\/es\/wp-json\/wp\/v2\/types\/post"}],"author":[{"embeddable":true,"href":"https:\/\/www.europesays.com\/es\/wp-json\/wp\/v2\/users\/2"}],"replies":[{"embeddable":true,"href":"https:\/\/www.europesays.com\/es\/wp-json\/wp\/v2\/comments?post=312215"}],"version-history":[{"count":0,"href":"https:\/\/www.europesays.com\/es\/wp-json\/wp\/v2\/posts\/312215\/revisions"}],"wp:featuredmedia":[{"embeddable":true,"href":"https:\/\/www.europesays.com\/es\/wp-json\/wp\/v2\/media\/312216"}],"wp:attachment":[{"href":"https:\/\/www.europesays.com\/es\/wp-json\/wp\/v2\/media?parent=312215"}],"wp:term":[{"taxonomy":"category","embeddable":true,"href":"https:\/\/www.europesays.com\/es\/wp-json\/wp\/v2\/categories?post=312215"},{"taxonomy":"post_tag","embeddable":true,"href":"https:\/\/www.europesays.com\/es\/wp-json\/wp\/v2\/tags?post=312215"}],"curies":[{"name":"wp","href":"https:\/\/api.w.org\/{rel}","templated":true}]}}