{"id":312217,"date":"2025-12-29T15:03:17","date_gmt":"2025-12-29T15:03:17","guid":{"rendered":"https:\/\/www.europesays.com\/es\/312217\/"},"modified":"2025-12-29T15:03:17","modified_gmt":"2025-12-29T15:03:17","slug":"china-responde-a-la-compra-de-armas-por-taiwan-a-estados-unidos-con-grandes-ejercicios-militares","status":"publish","type":"post","link":"https:\/\/www.europesays.com\/es\/312217\/","title":{"rendered":"China responde a la compra de armas por Taiw\u00e1n a Estados Unidos con \u00abgrandes\u00bb ejercicios militares"},"content":{"rendered":"<p>  Por&amp;nbsp<a href=\"https:\/\/es.euronews.com\/perfiles\/1198\" rel=\"nofollow noopener\" target=\"_blank\">Zoltan Siposhegyi<\/a><\/p>\n<p>\n                    Publicado                 29\/12\/2025 &#8211; 11:53 CET<br \/>\n                \u2022Ultima actualizaci\u00f3n<br \/>\n                                     12:02\n                                        <\/p>\n<p>Pek\u00edn orden\u00f3 un ejercicio militar extraordinario despu\u00e9s de que el Estado insular aut\u00f3nomo firmara un importante <a href=\"https:\/\/es.euronews.com\/2025\/12\/27\/china-sanciona-a-20-empresas-de-defensa-estadounidenses-y-a-10-ejecutivos-por-la-venta-de-\" rel=\"nofollow noopener\" target=\"_blank\">acuerdo de compra de armas con Estados Unidos<\/a>.<\/p>\n<p>Esto coincidi\u00f3 con la declaraci\u00f3n del primer ministro japon\u00e9s de que <a href=\"https:\/\/es.euronews.com\/business\/2025\/12\/26\/japon-tercer-pais-que-mas-gasta-en-defensa\" rel=\"nofollow noopener\" target=\"_blank\"><strong>Jap\u00f3n<\/strong> <\/a><strong>proporcionar\u00eda ayuda militar a Taiw\u00e1n<\/strong> en caso de un ataque chino. Pek\u00edn no s\u00f3lo puso a prueba la capacidad de ataque de la fuerza a\u00e9rea y la marina, sino que tambi\u00e9n despleg\u00f3 sus misiles de medio y largo alcance en tierra firme.<\/p>\n<p>Los dirigentes taiwaneses han descrito este hecho como <strong>una amenaza directa de guerra.<\/strong> \u00abNos parece inaceptable que las autoridades chinas desprecien el derecho internacional y amenacen a sus vecinos con una intervenci\u00f3n militar\u00bb, declar\u00f3 Karen Kuo, portavoz de la Oficina del presidente.<\/p>\n<p>El ministro de Defensa de Taip\u00e9i <strong>ha movilizado fuerzas de respuesta r\u00e1pida<\/strong>. Seg\u00fan dijo, tienen suficientes hombres para luchar y preservar la <a href=\"https:\/\/es.euronews.com\/2025\/11\/08\/el-vicepresidente-de-taiwan-aboga-por-estrechar-los-lazos-con-la-ue-en-un-discurso-ante-lo\" rel=\"nofollow noopener\" target=\"_blank\">independencia de Taiw\u00e1n.<\/a><\/p>\n<p>Sin embargo, lo m\u00e1s probable es que tambi\u00e9n esta vez se trate s\u00f3lo de un ejercicio de <strong>entrenamiento<\/strong> y las partes no se ataquen mutuamente.<\/p>\n","protected":false},"excerpt":{"rendered":"Por&amp;nbspZoltan Siposhegyi Publicado 29\/12\/2025 &#8211; 11:53 CET \u2022Ultima actualizaci\u00f3n 12:02 Pek\u00edn orden\u00f3 un ejercicio militar extraordinario despu\u00e9s de&hellip;\n","protected":false},"author":2,"featured_media":312218,"comment_status":"","ping_status":"","sticky":false,"template":"","format":"standard","meta":{"footnotes":""},"categories":[42],"tags":[4512,17,18,1615,73364,7939,629,13,14,11,61,62,63,64,19,20,9,10,15,16,26273,12,21,22,65,66,67],"class_list":{"0":"post-312217","1":"post","2":"type-post","3":"status-publish","4":"format-standard","5":"has-post-thumbnail","7":"category-internacional","8":"tag-armas","9":"tag-breaking-news","10":"tag-breakingnews","11":"tag-china","12":"tag-ejercicios-militares","13":"tag-ejercito","14":"tag-estados-unidos","15":"tag-featured-news","16":"tag-featurednews","17":"tag-headlines","18":"tag-internacional","19":"tag-international","20":"tag-international-news","21":"tag-internationalnews","22":"tag-latest-news","23":"tag-latestnews","24":"tag-news","25":"tag-noticias","26":"tag-noticias-destacadas","27":"tag-noticiasdestacadas","28":"tag-taiwan","29":"tag-titulares","30":"tag-ultimas-noticias","31":"tag-ultimasnoticias","32":"tag-world","33":"tag-world-news","34":"tag-worldnews"},"share_on_mastodon":{"url":"https:\/\/pubeurope.com\/@es\/115803468838525596","error":""},"_links":{"self":[{"href":"https:\/\/www.europesays.com\/es\/wp-json\/wp\/v2\/posts\/312217","targetHints":{"allow":["GET"]}}],"collection":[{"href":"https:\/\/www.europesays.com\/es\/wp-json\/wp\/v2\/posts"}],"about":[{"href":"https:\/\/www.europesays.com\/es\/wp-json\/wp\/v2\/types\/post"}],"author":[{"embeddable":true,"href":"https:\/\/www.europesays.com\/es\/wp-json\/wp\/v2\/users\/2"}],"replies":[{"embeddable":true,"href":"https:\/\/www.europesays.com\/es\/wp-json\/wp\/v2\/comments?post=312217"}],"version-history":[{"count":0,"href":"https:\/\/www.europesays.com\/es\/wp-json\/wp\/v2\/posts\/312217\/revisions"}],"wp:featuredmedia":[{"embeddable":true,"href":"https:\/\/www.europesays.com\/es\/wp-json\/wp\/v2\/media\/312218"}],"wp:attachment":[{"href":"https:\/\/www.europesays.com\/es\/wp-json\/wp\/v2\/media?parent=312217"}],"wp:term":[{"taxonomy":"category","embeddable":true,"href":"https:\/\/www.europesays.com\/es\/wp-json\/wp\/v2\/categories?post=312217"},{"taxonomy":"post_tag","embeddable":true,"href":"https:\/\/www.europesays.com\/es\/wp-json\/wp\/v2\/tags?post=312217"}],"curies":[{"name":"wp","href":"https:\/\/api.w.org\/{rel}","templated":true}]}}