{"id":312226,"date":"2025-12-29T15:14:08","date_gmt":"2025-12-29T15:14:08","guid":{"rendered":"https:\/\/www.europesays.com\/es\/312226\/"},"modified":"2025-12-29T15:14:08","modified_gmt":"2025-12-29T15:14:08","slug":"el-sevilla-fc-da-permiso-al-portero-alvaro-fernandez-para-que-resuelva-su-futuro","status":"publish","type":"post","link":"https:\/\/www.europesays.com\/es\/312226\/","title":{"rendered":"El Sevilla FC da permiso al portero \u00c1lvaro Fern\u00e1ndez para que resuelva su futuro"},"content":{"rendered":"<p>29\/12\/2025<br \/>\n<br \/><strong><br \/>\nActualizado a las 13:33h.<br \/>\n<\/strong><\/p>\n<p class=\"voc-p\" style=\"\">Uno de los necesarios <strong>movimientos del Sevilla FC<\/strong> en el mercado de fichajes es la salida de <strong>\u00c1lvaro Fern\u00e1ndez<\/strong>, portero con ficha del primer equipo y que no cuenta para el entrenador, <strong>Mat\u00edas Almeyda<\/strong>, ni tampoco para el futuro del club, que  &#8230; lo tiene en n\u00f3mina por simple obligaci\u00f3n contractual, puesto que <strong>Alberto Flores<\/strong> es considerado a todos los efectos el tercer portero del Sevilla. Pues bien, tras no aceptar ninguna de las propuestas que tuvo el portero en verano,<strong> algunas ex\u00f3ticas (Arabia) y de Segunda divisi\u00f3n<\/strong>, hoy no ha aparecido por el entrenamiento con permiso del club. ABC de Sevilla ha podido confirmar que est\u00e1 <strong>resolviendo su futuro y que el Deportivo es la opci\u00f3n con m\u00e1s fuerza.<\/strong><\/p>\n<p class=\"voc-p\" style=\"\">El riojano tiene opciones de salir en este mercado y sus agentes se han movido con celeridad para que pueda seguir su carrera lejos del Sevilla. La cuesti\u00f3n es si la desvinculaci\u00f3n de <strong>\u00c1lvaro Fern\u00e1ndez<\/strong> ser\u00e1 total o simplemente parcial. El anterior director deportivo del Sevilla,<strong> V\u00edctor Orta<\/strong>, le hizo un contrato por<strong> dos temporadas m\u00e1s (2027)<\/strong> tras un primer curso de prueba en el que tuvo que jugar durante unos dos meses, adem\u00e1s de la Copa del Rey, por la lesi\u00f3n de su compa\u00f1ero <strong>Nyland<\/strong>.<\/p>\n<p class=\"voc-p\" style=\"\">La llegada de<strong> Vlachodimos<\/strong> le cerr\u00f3 cualquier puerta de ser segundo portero. Incluso, se coloc\u00f3 encima de la mesa la posibilidad de liquidar su contrato con los sevillistas, asumiendo el club parte de los dos a\u00f1os que le restaban firmados, situaci\u00f3n que no fue aceptada por el portero. En este mes de enero parece haber cambiado de parecer y s\u00ed tiene opciones reales de abandonar el <strong>S\u00e1nchez-Pizju\u00e1n<\/strong>, liberando una ficha. El <strong>Deportivo<\/strong> lo querr\u00eda como<strong> agente libre para firmarle a\u00f1o y medio<\/strong>, por lo que antes debe desvincularse del Sevilla, con la penalizaci\u00f3n por marcharse que acuerden las partes.<\/p>\n<p class=\"voc-p\" style=\"\">Porque si el Sevilla quiere moverse en el mercado de fichajes, lo primero que necesita es hacer espacio en cuesti\u00f3n de dorsales. Tiene los 25 ocupados y encima regresa <strong>Federico Gattoni<\/strong>, a quien tambi\u00e9n se le busca una salida. No s\u00f3lo eso, <strong>Antonio Cord\u00f3n<\/strong> tambi\u00e9n tiene la tarea de realizar una gran venta que pueda ayudar a cuadrar el actual presupuesto, con un desfase de m\u00e1s de diez millones. El<strong> Sevilla<\/strong> ya se mueve en el mercado y comienza por lo prioritario: intentar dar salida a jugadores con los que no cuenta.<\/p>\n<p>\nArt\u00edculo solo para suscriptores\n<\/p>\n<p>Reportar un error<\/p>\n","protected":false},"excerpt":{"rendered":"29\/12\/2025 Actualizado a las 13:33h. Uno de los necesarios movimientos del Sevilla FC en el mercado de fichajes&hellip;\n","protected":false},"author":2,"featured_media":312227,"comment_status":"","ping_status":"","sticky":false,"template":"","format":"standard","meta":{"footnotes":""},"categories":[268],"tags":[2607,168,25,24,10994,280,282,2848,6754,620,59431,1171,281,23,167],"class_list":{"0":"post-312226","1":"post","2":"type-post","3":"status-publish","4":"format-standard","5":"has-post-thumbnail","7":"category-futbol","8":"tag-alvaro","9":"tag-deportes","10":"tag-es","11":"tag-espana","12":"tag-fernandez","13":"tag-football","14":"tag-futbol","15":"tag-futuro","16":"tag-permiso","17":"tag-portero","18":"tag-resuelva","19":"tag-sevilla","20":"tag-soccer","21":"tag-spain","22":"tag-sports"},"share_on_mastodon":{"url":"https:\/\/pubeurope.com\/@es\/115803512137927592","error":""},"_links":{"self":[{"href":"https:\/\/www.europesays.com\/es\/wp-json\/wp\/v2\/posts\/312226","targetHints":{"allow":["GET"]}}],"collection":[{"href":"https:\/\/www.europesays.com\/es\/wp-json\/wp\/v2\/posts"}],"about":[{"href":"https:\/\/www.europesays.com\/es\/wp-json\/wp\/v2\/types\/post"}],"author":[{"embeddable":true,"href":"https:\/\/www.europesays.com\/es\/wp-json\/wp\/v2\/users\/2"}],"replies":[{"embeddable":true,"href":"https:\/\/www.europesays.com\/es\/wp-json\/wp\/v2\/comments?post=312226"}],"version-history":[{"count":0,"href":"https:\/\/www.europesays.com\/es\/wp-json\/wp\/v2\/posts\/312226\/revisions"}],"wp:featuredmedia":[{"embeddable":true,"href":"https:\/\/www.europesays.com\/es\/wp-json\/wp\/v2\/media\/312227"}],"wp:attachment":[{"href":"https:\/\/www.europesays.com\/es\/wp-json\/wp\/v2\/media?parent=312226"}],"wp:term":[{"taxonomy":"category","embeddable":true,"href":"https:\/\/www.europesays.com\/es\/wp-json\/wp\/v2\/categories?post=312226"},{"taxonomy":"post_tag","embeddable":true,"href":"https:\/\/www.europesays.com\/es\/wp-json\/wp\/v2\/tags?post=312226"}],"curies":[{"name":"wp","href":"https:\/\/api.w.org\/{rel}","templated":true}]}}