{"id":312228,"date":"2025-12-29T15:15:09","date_gmt":"2025-12-29T15:15:09","guid":{"rendered":"https:\/\/www.europesays.com\/es\/312228\/"},"modified":"2025-12-29T15:15:09","modified_gmt":"2025-12-29T15:15:09","slug":"chocolate-con-churros-en-la-plaza-mayor","status":"publish","type":"post","link":"https:\/\/www.europesays.com\/es\/312228\/","title":{"rendered":"chocolate con churros en la Plaza Mayor"},"content":{"rendered":"<p id=\"eUd563DOJV\" data-wc=\"93\"><strong>\u00darsula Corber\u00f3<\/strong> y <strong>Chino Dar\u00edn <\/strong>est\u00e1n a punto de convertirse en padres. Hace unos d\u00edas dejaron Buenos Aires para instalarse en Madrid y mientras esperan con ilusi\u00f3n la llegada de su primer hijo disfrutan de planes navide\u00f1os con sus seres queridos. Prueba de ello son estas fotos. En ellas vemos a la pareja recorriendo el mercadillo de la Plaza Mayor y merendando unos churros con chocolate en la m\u00edtica chocolater\u00eda San Gin\u00e9s. Una tarde para el recuerdo que la actriz de La casa de papel comparti\u00f3 con todos sus seguidores diciendo: \u00abLa familia\u00bb.\u00a0<\/p>\n<p> <img src=\"https:\/\/www.europesays.com\/es\/wp-content\/uploads\/2025\/12\/b3704c33c897-608661167185621611330394681912848512408264237n.jpg\"   width=\"575\" height=\"1024\" loading=\"lazy\" decoding=\"async\" alt=\"\u00darsula Corber\u00f3 con su familia\" fetchpriority=\"auto\" class=\"image ho-image\"\/>\u00a9 ursulolita\u00darsula Corber\u00f3 con Chino Dar\u00edn, sus padres y su hermana M\u00f3nica en la Plaza Mayor de Madrid<\/p>\n<p id=\"eexfLVpsI5\" data-wc=\"54\">La pareja pas\u00f3 el fin de semana con Pedro y Esther, los padres de \u00darsula. Tambi\u00e9n estuvo con ellos M\u00f3nica, la hermana mayor de la actriz. Aunque intenta proteger al m\u00e1ximo a sus seres queridos, de vez en cuando publica instantes de felicidad junto a ellos, demostrando lo importantes que son en su vida.\u00a0<\/p>\n<p> <img src=\"https:\/\/www.europesays.com\/es\/wp-content\/uploads\/2025\/12\/5ad50cd34939-607802661185621603680394685400384742323863677n.jpg\"   width=\"575\" height=\"1024\" loading=\"lazy\" decoding=\"async\" alt=\"La actriz y su familia merendando chocolate con churros en la Chocolater\u00eda San Gin\u00e9s \" fetchpriority=\"auto\" class=\"image ho-image\"\/>\u00a9 ursulolitaLa actriz y su familia merendando chocolate con churros en la chocolater\u00eda San Gin\u00e9s <\/p>\n<p id=\"eZU1GlJWWe\" data-wc=\"166\">\u00darsula no puede estar m\u00e1s orgullosa de su familia. <strong>Su padre era carpintero y vend\u00eda muebles fabricados y restaurados por sus propias manos<\/strong>. Su madre, tal y como cont\u00f3 la actriz, \u00abha trabajado de corsetera, de floristera, de pescadera, ha limpiado casas, ha sido auxiliar de cl\u00ednica dental, ha vendido colchones&#8230;\u00bb. Todo para sacar adelante a su familia, ya que con 17 a\u00f1os se qued\u00f3 embarazada de su hija M\u00f3nica y \u00ab<strong>la echaron del colegio porque era un mal ejemplo para las dem\u00e1s ni\u00f1as<\/strong>\u00ab. Adem\u00e1s, fue quien acompa\u00f1\u00f3 a \u00darsula en sus primeros castings para convertirse en actriz. \u00abViv\u00edamos a 62 kil\u00f3metros de Barcelona y mi madre no ten\u00eda coche ni carn\u00e9, hac\u00edamos autoestop en el pueblo para que nos llevaran al pueblo de al lado y all\u00ed cog\u00edamos un tren que nos dejaba en Barcelona. Despu\u00e9s metro. Las colas de los castings de publicidad eran infernales y durante un a\u00f1o no me cogieron para ning\u00fan anuncio, pero quien la sigue la consigue\u00bb, record\u00f3 la int\u00e9rprete.\u00a0<\/p>\n<p> <img src=\"https:\/\/www.europesays.com\/es\/wp-content\/uploads\/2025\/12\/f672cd3cb1f2-608197288185622690550394687458051955446724084n.jpg\"   width=\"1080\" height=\"1080\" loading=\"lazy\" decoding=\"async\" alt=\"\u00darsula Corber\u00f3 en casa tras el plan navide\u00f1o por Madrid con su familia\" fetchpriority=\"auto\" class=\"image ho-image\"\/>\u00a9 ursulolita\u00darsula Corber\u00f3 en casa tras el plan navide\u00f1o por Madrid con su familia<\/p>\n<p id=\"eEBK76qyPAq\" data-wc=\"53\">La protagonista de El cuerpo en llamas tampoco se olvida de M\u00f3nica, que es tanatopractora, profesional especializada en la preparaci\u00f3n, conservaci\u00f3n, higienizaci\u00f3n y restauraci\u00f3n de cuerpos de personas fallecidas. Seg\u00fan explic\u00f3 \u00darsula,<strong> su hermana mayor \u00abha trabajado sin parar toda su vida, pasando por momentos muy cr\u00edticos con un hijo al que alimentar\u00bb<\/strong>.<\/p>\n<p> <img src=\"https:\/\/www.europesays.com\/es\/wp-content\/uploads\/2025\/12\/ed8c1b674fc3-dlu439887024.jpg\"   width=\"682\" height=\"1024\" loading=\"lazy\" decoding=\"async\" alt=\"Chino Dar\u00edn y \u00darsula Corber\u00f3 en el estreno de la pel\u00edcula La Odisea de los Giles durante la 67\u00aa edici\u00f3n del Festival de Cine de San Sebasti\u00e1n, en San Sebasti\u00e1n, Espa\u00f1a, el lunes 23 de septiembre\" fetchpriority=\"auto\" class=\"image ho-image\"\/>\u00a9 GTRESChino Dar\u00edn y \u00darsula Corber\u00f3 en el estreno de la pel\u00edcula &#8216;La Odisea de los Giles&#8217; durante la 67\u00aa edici\u00f3n del Festival de Cine de San Sebasti\u00e1n <\/p>\n<p id=\"eH8wLqJoyi\" data-wc=\"69\">\u00darsula Corber\u00f3 y Chino Dar\u00edn se conocieron en 2016 en el rodaje de la serie La embajada y desde entonces forman una de las parejas m\u00e1s admiradas del s\u00e9ptimo arte. Son discretos, pero no ocultan sus sentimientos: posan juntos en eventos, se acompa\u00f1an en sus estrenos, comparten momentos de su d\u00eda a d\u00eda en redes sociales y ahora tambi\u00e9n noticias tan importantes como la llegada de su primer hijo.<\/p>\n<p> <img src=\"https:\/\/www.europesays.com\/es\/wp-content\/uploads\/2025\/12\/b35f9b6eddf5-snapinstato542776301185254732480529505923915035062118114n.jpg\"   width=\"576\" height=\"1024\" loading=\"lazy\" decoding=\"async\" alt=\"La reacci\u00f3n de Chino Dar\u00edn tras el anuncio del embarazo de \u00darsula Corber\u00f3 \" fetchpriority=\"auto\" class=\"image ho-image\"\/>La reacci\u00f3n de Chino Dar\u00edn tras el anuncio del embarazo de \u00darsula Corber\u00f3 <\/p>\n<p id=\"eTsp7upcFn\" data-wc=\"52\">La actriz siempre hab\u00eda dicho que quer\u00eda ser madre joven, antes de los 30. Finalmente, su deseo se har\u00e1 realidad a los 36, edad que cumpli\u00f3 el pasado 11 de agosto. \u00ab<strong>Creo que las cosas llegan a su ritmo, como tienen que llegar<\/strong>\u00ab, declar\u00f3 en una entrevista concedida a \u00a1HOLA! en 2015. <\/p>\n","protected":false},"excerpt":{"rendered":"\u00darsula Corber\u00f3 y Chino Dar\u00edn est\u00e1n a punto de convertirse en padres. Hace unos d\u00edas dejaron Buenos Aires&hellip;\n","protected":false},"author":2,"featured_media":312229,"comment_status":"","ping_status":"","sticky":false,"template":"","format":"standard","meta":{"footnotes":""},"categories":[174],"tags":[517,255,19420,146,147,25,24,256,23,19421],"class_list":{"0":"post-312228","1":"post","2":"type-post","3":"status-publish","4":"format-standard","5":"has-post-thumbnail","7":"category-famosos","8":"tag-actualidad","9":"tag-celebrities","10":"tag-chino-darin","11":"tag-entertainment","12":"tag-entretenimiento","13":"tag-es","14":"tag-espana","15":"tag-famosos","16":"tag-spain","17":"tag-ursula-corbero"},"share_on_mastodon":{"url":"https:\/\/pubeurope.com\/@es\/115803517098573526","error":""},"_links":{"self":[{"href":"https:\/\/www.europesays.com\/es\/wp-json\/wp\/v2\/posts\/312228","targetHints":{"allow":["GET"]}}],"collection":[{"href":"https:\/\/www.europesays.com\/es\/wp-json\/wp\/v2\/posts"}],"about":[{"href":"https:\/\/www.europesays.com\/es\/wp-json\/wp\/v2\/types\/post"}],"author":[{"embeddable":true,"href":"https:\/\/www.europesays.com\/es\/wp-json\/wp\/v2\/users\/2"}],"replies":[{"embeddable":true,"href":"https:\/\/www.europesays.com\/es\/wp-json\/wp\/v2\/comments?post=312228"}],"version-history":[{"count":0,"href":"https:\/\/www.europesays.com\/es\/wp-json\/wp\/v2\/posts\/312228\/revisions"}],"wp:featuredmedia":[{"embeddable":true,"href":"https:\/\/www.europesays.com\/es\/wp-json\/wp\/v2\/media\/312229"}],"wp:attachment":[{"href":"https:\/\/www.europesays.com\/es\/wp-json\/wp\/v2\/media?parent=312228"}],"wp:term":[{"taxonomy":"category","embeddable":true,"href":"https:\/\/www.europesays.com\/es\/wp-json\/wp\/v2\/categories?post=312228"},{"taxonomy":"post_tag","embeddable":true,"href":"https:\/\/www.europesays.com\/es\/wp-json\/wp\/v2\/tags?post=312228"}],"curies":[{"name":"wp","href":"https:\/\/api.w.org\/{rel}","templated":true}]}}