{"id":312230,"date":"2025-12-29T15:16:27","date_gmt":"2025-12-29T15:16:27","guid":{"rendered":"https:\/\/www.europesays.com\/es\/312230\/"},"modified":"2025-12-29T15:16:27","modified_gmt":"2025-12-29T15:16:27","slug":"casa-de-sa-tiago-do-vale-arquitectos","status":"publish","type":"post","link":"https:\/\/www.europesays.com\/es\/312230\/","title":{"rendered":"Casa de S\u00e1 \/ Tiago do Vale Arquitectos"},"content":{"rendered":"<p><a class=\"js-image-size__link \" href=\"https:\/\/www.archdaily.cl\/cl\/1037148\/casa-de-sa-tiago-do-vale-arquitectos\/6942e6b65773f041ce311132-casa-de-sa-tiago-do-vale-arquitectos-foto\" rel=\"attachment nofollow noopener\" style=\"width: 100%; height: 100%;\" target=\"_blank\"><img decoding=\"async\" alt=\"Casa de S\u00e1 \/ Tiago do Vale Arquitectos - Fotograf\u00eda exterior, Fachada\" data-nr-picture-id=\"6942e6b65773f041ce311132\" fetchpriority=\"high\" height=\"426\" itemprop=\"image\" loading=\"eager\" longdesc=\"https:\/\/www.archdaily.cl\/cl\/1037148\/casa-de-sa-tiago-do-vale-arquitectos\/6942e6b65773f041ce311132-casa-de-sa-tiago-do-vale-arquitectos-foto\" src=\"https:\/\/www.europesays.com\/es\/wp-content\/uploads\/2025\/12\/sa-townhouse-tiago-do-vale-arquitectos_32.jpg\" style=\"min-height: var(--featured-height, auto); aspect-ratio: auto 640 \/ 426\" width=\"640\"\/><\/a>\u00a9 Jo\u00e3o Morgado<\/p>\n<p class=\"thumbs afd-desktop-e clearfix\"><a class=\"thumbs__link\" data-nr-picture-id=\"6942e6b75773f02eeaecad39\" href=\"https:\/\/www.archdaily.cl\/cl\/1037148\/casa-de-sa-tiago-do-vale-arquitectos\/6942e6b75773f02eeaecad39-casa-de-sa-tiago-do-vale-arquitectos-foto\" rel=\"attachment nofollow noopener\" target=\"_blank\"><img loading=\"lazy\" decoding=\"async\" alt=\"Casa de S\u00e1 \/ Tiago do Vale Arquitectos - Fotograf\u00eda exterior, Fachada, Concreto\" class=\"thumbs__img b-lazy\" data-nr-picture-id=\"6942e6b75773f02eeaecad39\" data-pin-nopin=\"true\" src=\"https:\/\/www.europesays.com\/es\/wp-content\/uploads\/2025\/12\/sa-townhouse-tiago-do-vale-arquitectos_33.jpg\" height=\"125\" longdesc=\"https:\/\/www.archdaily.cl\/cl\/1037148\/casa-de-sa-tiago-do-vale-arquitectos\/6942e6b75773f02eeaecad39-casa-de-sa-tiago-do-vale-arquitectos-foto\" title=\"\u00a9 Jo\u00e3o Morgado\" width=\"125\"\/><\/a><a class=\"thumbs__link\" data-nr-picture-id=\"6942e6b55079403a047a24f9\" href=\"https:\/\/www.archdaily.cl\/cl\/1037148\/casa-de-sa-tiago-do-vale-arquitectos\/6942e6b55079403a047a24f9-casa-de-sa-tiago-do-vale-arquitectos-foto\" rel=\"attachment nofollow noopener\" target=\"_blank\"><img loading=\"lazy\" decoding=\"async\" alt=\"Casa de S\u00e1 \/ Tiago do Vale Arquitectos - Imagen 3 de 46\" class=\"thumbs__img b-lazy\" data-nr-picture-id=\"6942e6b55079403a047a24f9\" data-pin-nopin=\"true\" src=\"https:\/\/www.europesays.com\/es\/wp-content\/uploads\/2025\/12\/sa-townhouse-tiago-do-vale-arquitectos_29.jpg\" height=\"125\" longdesc=\"https:\/\/www.archdaily.cl\/cl\/1037148\/casa-de-sa-tiago-do-vale-arquitectos\/6942e6b55079403a047a24f9-casa-de-sa-tiago-do-vale-arquitectos-foto\" title=\"\u00a9 Jo\u00e3o Morgado\" width=\"125\"\/><\/a><a class=\"thumbs__link\" data-nr-picture-id=\"6942e6b45773f041ce31112f\" href=\"https:\/\/www.archdaily.cl\/cl\/1037148\/casa-de-sa-tiago-do-vale-arquitectos\/6942e6b45773f041ce31112f-casa-de-sa-tiago-do-vale-arquitectos-foto\" rel=\"attachment nofollow noopener\" target=\"_blank\"><img loading=\"lazy\" decoding=\"async\" alt=\"Casa de S\u00e1 \/ Tiago do Vale Arquitectos - Imagen 4 de 46\" class=\"thumbs__img b-lazy\" data-nr-picture-id=\"6942e6b45773f041ce31112f\" data-pin-nopin=\"true\" src=\"https:\/\/www.europesays.com\/es\/wp-content\/uploads\/2025\/12\/sa-townhouse-tiago-do-vale-arquitectos_22.jpg\" height=\"125\" longdesc=\"https:\/\/www.archdaily.cl\/cl\/1037148\/casa-de-sa-tiago-do-vale-arquitectos\/6942e6b45773f041ce31112f-casa-de-sa-tiago-do-vale-arquitectos-foto\" title=\"\u00a9 Jo\u00e3o Morgado\" width=\"125\"\/><\/a><a class=\"thumbs__link\" data-nr-picture-id=\"6942e6b45773f041ce311130\" href=\"https:\/\/www.archdaily.cl\/cl\/1037148\/casa-de-sa-tiago-do-vale-arquitectos\/6942e6b45773f041ce311130-casa-de-sa-tiago-do-vale-arquitectos-foto\" rel=\"attachment nofollow noopener\" target=\"_blank\"><img loading=\"lazy\" decoding=\"async\" alt=\"Casa de S\u00e1 \/ Tiago do Vale Arquitectos - Fotograf\u00eda exterior\" class=\"thumbs__img b-lazy\" data-nr-picture-id=\"6942e6b45773f041ce311130\" data-pin-nopin=\"true\" src=\"https:\/\/www.europesays.com\/es\/wp-content\/uploads\/2025\/12\/sa-townhouse-tiago-do-vale-arquitectos_4.jpg\" height=\"125\" longdesc=\"https:\/\/www.archdaily.cl\/cl\/1037148\/casa-de-sa-tiago-do-vale-arquitectos\/6942e6b45773f041ce311130-casa-de-sa-tiago-do-vale-arquitectos-foto\" title=\"\u00a9 Jo\u00e3o Morgado\" width=\"125\"\/><\/a><a class=\"gallery-link afd-desktop-e\" href=\"https:\/\/www.archdaily.cl\/cl\/1037148\/casa-de-sa-tiago-do-vale-arquitectos\/6942e6b65773f041ce311132-casa-de-sa-tiago-do-vale-arquitectos-foto\" rel=\"nofollow noopener\" target=\"_blank\"><img decoding=\"async\" alt=\"Casa de S\u00e1 \/ Tiago do Vale Arquitectos - M\u00e1s Im\u00e1genes\" class=\"thumbs__img b-lazy\" src=\"https:\/\/www.europesays.com\/es\/wp-content\/uploads\/2025\/12\/sa-townhouse-tiago-do-vale-arquitectos_32.jpg\" itemprop=\"image\" bad-src=\"data:image\/gif;base64,R0lGODlhAQABAIAAAAUEBAAAACwAAAAAAQABAAACAkQBADs=\"\/>+ 41<\/a><\/p>\n<p>    Compartir<\/p>\n<p>Compartir<\/p>\n<ul class=\"afd-share__networks clearfix\">\n<li class=\"afd-share__social\"><a aria-label=\"Facebook\" class=\"afd-share__button\" data-insights-category=\"share\" data-insights-label=\"facebook_sharing_options\" data-insights-value=\"1037148\" data-social=\"facebook\" href=\"https:\/\/www.facebook.com\/sharer\/sharer.php?u=https:\/\/www.archdaily.cl\/cl\/1037148\/casa-de-sa-tiago-do-vale-arquitectos\" rel=\"nofollow noopener\" target=\"_blank\"><\/a>\n<p>Facebook<\/p>\n<\/li>\n<li class=\"afd-share__social\"><a aria-label=\"Twitter\" class=\"afd-share__button\" data-insights-category=\"share\" data-insights-label=\"twitter_sharing_options\" data-insights-value=\"1037148\" data-social=\"twitter\" href=\"https:\/\/twitter.com\/intent\/tweet?text=Casa%20de%20S%C3%A1%20%2F%20Tiago%20do%20Vale%20Arquitectos&amp;url=https:\/\/www.archdaily.cl\/cl\/1037148\/casa-de-sa-tiago-do-vale-arquitectos&amp;via=parq\" rel=\"nofollow noopener\" target=\"_blank\"><\/a>\n<p>Twitter<\/p>\n<\/li>\n<li class=\"afd-share__social\"><a class=\"afd-share__button\" data-insights-category=\"share\" data-insights-label=\"email_sharing_options\" data-insights-value=\"1037148\" data-social=\"email\" href=\"mailto:?subject=Casa de S\u00e1 \/ Tiago do Vale Arquitectos&amp;body=https:\/\/www.archdaily.cl\/cl\/1037148\/casa-de-sa-tiago-do-vale-arquitectos\"><\/a>\n<p>Mail<\/p>\n<\/li>\n<li class=\"afd-share__social\"><a aria-label=\"Pinterest\" class=\"afd-share__button\" data-insights-category=\"share\" data-insights-label=\"pinterest_sharing_options\" data-insights-value=\"1037148\" data-social=\"pinterest\" href=\"https:\/\/pinterest.com\/pin\/create\/button\/?url=https%3A%2F%2Fwww.archdaily.cl%2Fcl%2F1037148%2Fcasa-de-sa-tiago-do-vale-arquitectos&amp;media=https%3A%2F%2Fimages.adsttc.com%2Fmedia%2Fimages%2F6942%2Fe6b6%2F5773%2Ff041%2Fce31%2F1132%2Flarge_jpg%2Fsa-townhouse-tiago-do-vale-arquitectos_32.jpg%3F1765992150&amp;description=Casa%20de%20S%C3%A1%20%2F%20Tiago%20do%20Vale%20Arquitectos\" rel=\"nofollow noopener\" target=\"_blank\"><\/a>\n<p>Pinterest<\/p>\n<\/li>\n<li class=\"afd-share__social\"><a aria-label=\"Whatsapp\" class=\"afd-share__button\" data-action=\"share\/whatsapp\/share\" data-insights-category=\"share\" data-insights-label=\"whatsapp_sharing_options\" data-insights-value=\"1037148\" data-social=\"whatsapp\" href=\"whatsapp:\/\/send?text=Casa+de+S%C3%A1+%2F+Tiago+do+Vale+Arquitectos+%7C+https%3A%2F%2Fwww.archdaily.cl%2Fcl%2F1037148%2Fcasa-de-sa-tiago-do-vale-arquitectos%3Futm_source%3DWhatsapp%26utm_medium%3DIM%26utm_campaign%3Dshare-button\" rel=\"nofollow\"><\/a>\n<p>Whatsapp<\/p>\n<\/li>\n<\/ul>\n<p>O<\/p>\n<p>https:\/\/www.archdaily.cl\/cl\/1037148\/casa-de-sa-tiago-do-vale-arquitectos<\/p>\n<p>  Portapapeles<\/p>\n<p>              \u00abCOPY\u00bb<\/p>\n<p>Copiar<\/p>\n<ul class=\"afd-char-list afd-specs__item-container js-char-list\">\n<li class=\"afd-specs__item\">\n<\/li>\n<li class=\"afd-specs__item\">\n  \u00c1rea<br \/>\n  \u00c1rea del proyecto de arquitectura <\/p>\n<p>\u00c1rea:\u00a0<br \/>\n        <a href=\"https:\/\/www.archdaily.cl\/search\/cl\/projects\/min_area\/224\/max_area\/336?ad_name=project-specs&amp;ad_medium=single\" rel=\"nofollow noopener\" target=\"_blank\">280<\/a> m\u00b2<\/li>\n<li class=\"afd-specs__item\">\n<p>  A\u00f1o<br \/>\n  A\u00f1o del Proyecto de arquitectura<\/p>\n<p>            A\u00f1o:\u00a0<\/p>\n<p>                    <a href=\"https:\/\/www.archdaily.cl\/search\/cl\/projects\/year\/2025?ad_name=project-specs&amp;ad_medium=single\" rel=\"nofollow noopener\" target=\"_blank\"><br \/>\n          2025<br \/>\n        <\/a><\/p>\n<\/li>\n<li class=\"afd-specs__item\">\n<p>  Fot\u00f3grafos<\/p>\n<\/li>\n<li class=\"afd-specs__item\">\n<p>  Proveedores<br \/>\n  Marcas y productos usados en este proyecto de arquitectura<\/p>\n<p>Proveedores: \u00a0<a href=\"https:\/\/www.archdaily.cl\/catalog\/cl\/companies\/34\/legrand-bticino\" rel=\"nofollow noopener\" target=\"_blank\">Legrand<\/a>, Aleluia Cer\u00e2micas, CIN, Finsa, Franke, JNF, Kronospan, Oli, Pladur, Sanindusa, Secil, Siemens, VMZINC<\/li>\n<\/ul>\n<p><a class=\"js-image-size__link lazy-anchor\" href=\"https:\/\/www.archdaily.cl\/cl\/1037148\/casa-de-sa-tiago-do-vale-arquitectos\/6942e6b95773f02eeaecad3c-casa-de-sa-tiago-do-vale-arquitectos-foto\" rel=\"nofollow noopener\" target=\"_blank\"><img decoding=\"async\" alt=\"Casa de S\u00e1 \/ Tiago do Vale Arquitectos - Fotograf\u00eda exterior, Puerta\" data-nr-picture-id=\"6942e6b95773f02eeaecad3c\" height=\"427\" itemprop=\"image\" loading=\"lazy\" longdesc=\"https:\/\/www.archdaily.cl\/cl\/1037148\/casa-de-sa-tiago-do-vale-arquitectos\/6942e6b95773f02eeaecad3c-casa-de-sa-tiago-do-vale-arquitectos-foto\" src=\"https:\/\/www.europesays.com\/es\/wp-content\/uploads\/2025\/12\/sa-townhouse-tiago-do-vale-arquitectos_34.jpg\" width=\"640\"\/>\u00a9 Jo\u00e3o Morgado<\/a><\/p>\n<p>Descripci\u00f3n enviada por el equipo del proyecto. Aveiro conserva en su trama urbana muchos de los m\u00e1s emblem\u00e1ticos testimonios del Arte Nouveau en Portugal, un legado patrimonial que constituye hoy una de las expresiones m\u00e1s n\u00edtidas de la identidad de la ciudad.<\/p>\n<p><a class=\"js-image-size__link lazy-anchor\" href=\"https:\/\/www.archdaily.cl\/cl\/1037148\/casa-de-sa-tiago-do-vale-arquitectos\/6942e6b75773f02eeaecad39-casa-de-sa-tiago-do-vale-arquitectos-foto\" rel=\"nofollow noopener\" target=\"_blank\"><img decoding=\"async\" alt=\"Casa de S\u00e1 \/ Tiago do Vale Arquitectos - Fotograf\u00eda exterior, Fachada, Concreto\" data-nr-picture-id=\"6942e6b75773f02eeaecad39\" height=\"427\" itemprop=\"image\" loading=\"lazy\" longdesc=\"https:\/\/www.archdaily.cl\/cl\/1037148\/casa-de-sa-tiago-do-vale-arquitectos\/6942e6b75773f02eeaecad39-casa-de-sa-tiago-do-vale-arquitectos-foto\" src=\"https:\/\/www.europesays.com\/es\/wp-content\/uploads\/2025\/12\/1767021383_430_sa-townhouse-tiago-do-vale-arquitectos_33.jpg\" width=\"640\"\/>\u00a9 Jo\u00e3o Morgado<\/a><\/p>\n<p class=\"p1\">El Arte Nouveau, en el momento de su aparici\u00f3n, fue objeto de una cr\u00edtica encendida: se le consideraba excesivo, carente de utilidad funcional, costoso y alejado de las exigencias de la modernidad emergente. Fue r\u00e1pidamente superado por el Art D\u00e9co, por el pragmatismo racional del Movimiento Moderno y sistem\u00e1ticamente borrado (f\u00edsica y simb\u00f3licamente) sin vacilaciones. Solo en la segunda mitad del siglo XX el Arte Nouveau empezar\u00eda a ser revalorizado y recuperado: la celebraci\u00f3n del pasado m\u00e1s remoto (y la desvalorizaci\u00f3n del presente y del pasado reciente) ha constituido un impulso recurrente en la historia de nuestra civilizaci\u00f3n, aunque no por ello menos equ\u00edvoco.<\/p>\n<p><a class=\"js-image-size__link lazy-anchor\" href=\"https:\/\/www.archdaily.cl\/cl\/1037148\/casa-de-sa-tiago-do-vale-arquitectos\/6942e6b45773f02eeaecad32-casa-de-sa-tiago-do-vale-arquitectos-foto\" rel=\"nofollow noopener\" target=\"_blank\"><img decoding=\"async\" alt=\"Casa de S\u00e1 \/ Tiago do Vale Arquitectos - Imagen 23 de 46\" data-nr-picture-id=\"6942e6b45773f02eeaecad32\" height=\"427\" itemprop=\"image\" loading=\"lazy\" longdesc=\"https:\/\/www.archdaily.cl\/cl\/1037148\/casa-de-sa-tiago-do-vale-arquitectos\/6942e6b45773f02eeaecad32-casa-de-sa-tiago-do-vale-arquitectos-foto\" src=\"https:\/\/www.europesays.com\/es\/wp-content\/uploads\/2025\/12\/sa-townhouse-tiago-do-vale-arquitectos_18.jpg\" width=\"640\"\/>\u00a9 Jo\u00e3o Morgado<\/a><a class=\"js-image-size__link lazy-anchor\" href=\"https:\/\/www.archdaily.cl\/cl\/1037148\/casa-de-sa-tiago-do-vale-arquitectos\/6942e6b55773f04225311130-casa-de-sa-tiago-do-vale-arquitectos-foto\" rel=\"nofollow noopener\" target=\"_blank\"><img decoding=\"async\" alt=\"Casa de S\u00e1 \/ Tiago do Vale Arquitectos - Imagen 27 de 46\" data-nr-picture-id=\"6942e6b55773f04225311130\" height=\"427\" itemprop=\"image\" loading=\"lazy\" longdesc=\"https:\/\/www.archdaily.cl\/cl\/1037148\/casa-de-sa-tiago-do-vale-arquitectos\/6942e6b55773f04225311130-casa-de-sa-tiago-do-vale-arquitectos-foto\" src=\"https:\/\/www.europesays.com\/es\/wp-content\/uploads\/2025\/12\/sa-townhouse-tiago-do-vale-arquitectos_23.jpg\" width=\"640\"\/>\u00a9 Jo\u00e3o Morgado<\/a><\/p>\n<p class=\"p1\">Sin embargo, siempre ha sido as\u00ed como se ha hecho ciudad: en capas, en superposiciones, en revisitas. Y es precisamente de esa estratificaci\u00f3n de voces y \u00e9pocas de donde nace la riqueza de la experiencia urbana. En ese sentido, <a href=\"https:\/\/www.archdaily.cl\/cl\/tag\/aveiro\" rel=\"nofollow noopener\" target=\"_blank\">Aveiro<\/a> es paradigma de esa condici\u00f3n palimps\u00e9stica.<\/p>\n<p><a class=\"js-image-size__link lazy-anchor\" href=\"https:\/\/www.archdaily.cl\/cl\/1037148\/casa-de-sa-tiago-do-vale-arquitectos\/6942e6b55079402835e21e79-casa-de-sa-tiago-do-vale-arquitectos-foto\" rel=\"nofollow noopener\" target=\"_blank\"><img decoding=\"async\" alt=\"Casa de S\u00e1 \/ Tiago do Vale Arquitectos - Fotograf\u00eda interior, Madera\" data-nr-picture-id=\"6942e6b55079402835e21e79\" height=\"427\" itemprop=\"image\" loading=\"lazy\" longdesc=\"https:\/\/www.archdaily.cl\/cl\/1037148\/casa-de-sa-tiago-do-vale-arquitectos\/6942e6b55079402835e21e79-casa-de-sa-tiago-do-vale-arquitectos-foto\" src=\"https:\/\/www.europesays.com\/es\/wp-content\/uploads\/2025\/12\/sa-townhouse-tiago-do-vale-arquitectos_13.jpg\" width=\"640\"\/>\u00a9 Jo\u00e3o Morgado<\/a><a class=\"js-image-size__link lazy-anchor\" href=\"https:\/\/www.archdaily.cl\/cl\/1037148\/casa-de-sa-tiago-do-vale-arquitectos\/6942e6b55079402835e21e78-casa-de-sa-tiago-do-vale-arquitectos-foto\" rel=\"nofollow noopener\" target=\"_blank\"><img decoding=\"async\" alt=\"Casa de S\u00e1 \/ Tiago do Vale Arquitectos - Fotograf\u00eda interior, Madera\" data-nr-picture-id=\"6942e6b55079402835e21e78\" height=\"427\" itemprop=\"image\" loading=\"lazy\" longdesc=\"https:\/\/www.archdaily.cl\/cl\/1037148\/casa-de-sa-tiago-do-vale-arquitectos\/6942e6b55079402835e21e78-casa-de-sa-tiago-do-vale-arquitectos-foto\" src=\"https:\/\/www.europesays.com\/es\/wp-content\/uploads\/2025\/12\/sa-townhouse-tiago-do-vale-arquitectos_12.jpg\" width=\"640\"\/>\u00a9 Jo\u00e3o Morgado<\/a><\/p>\n<p class=\"p1\">En la misma calle donde dise\u00f1\u00f3 su propia residencia, el arquitecto Francisco Augusto Silva Rocha (figura central en la consolidaci\u00f3n de este lenguaje en la ciudad) proyect\u00f3, a principios del siglo XX, un edificio discreto pero de innegable dignidad. Entre sus elementos m\u00e1s singulares destacan, en la planta baja, una ventana redonda enmarcada en piedra que marca el eje de la composici\u00f3n, y en la primera planta, vanos ornamentados con motivos florales que dirigen la mirada hacia un friso cer\u00e1mico intercalado con triglifos de piedra que corona el conjunto. En el desv\u00e1n, sobresale una ventana bajo un peque\u00f1o tejado, rematada por un rostro femenino, que refuerza la narrativa discreta que constituye la expresi\u00f3n particular de este conjunto.\u00a0Tipol\u00f3gicamente, la fachada sigue un patr\u00f3n recurrente en la ciudad: dos plantas, ritmadas por tres vanos, y coronadas por una ventana central en el desv\u00e1n. Es en relaci\u00f3n directa con este edificio que se ancla la Casa de S\u00e1.<\/p>\n<p><a class=\"js-image-size__link lazy-anchor\" href=\"https:\/\/www.archdaily.cl\/cl\/1037148\/casa-de-sa-tiago-do-vale-arquitectos\/6942e6585079402835e21e72-casa-de-sa-tiago-do-vale-arquitectos-planta-baja\" rel=\"nofollow noopener\" target=\"_blank\"><img decoding=\"async\" alt=\"Casa de S\u00e1 \/ Tiago do Vale Arquitectos - Imagen 37 de 46\" data-nr-picture-id=\"6942e6585079402835e21e72\" height=\"427\" itemprop=\"image\" loading=\"lazy\" longdesc=\"https:\/\/www.archdaily.cl\/cl\/1037148\/casa-de-sa-tiago-do-vale-arquitectos\/6942e6585079402835e21e72-casa-de-sa-tiago-do-vale-arquitectos-planta-baja\" src=\"https:\/\/www.europesays.com\/es\/wp-content\/uploads\/2025\/12\/t3-8.jpg\" width=\"640\"\/>Planta Baja<\/a><a class=\"js-image-size__link lazy-anchor\" href=\"https:\/\/www.archdaily.cl\/cl\/1037148\/casa-de-sa-tiago-do-vale-arquitectos\/6942e6565773f02eeaecad2d-casa-de-sa-tiago-do-vale-arquitectos-corte-c2\" rel=\"nofollow noopener\" target=\"_blank\"><img decoding=\"async\" alt=\"Casa de S\u00e1 \/ Tiago do Vale Arquitectos - Imagen 41 de 46\" data-nr-picture-id=\"6942e6565773f02eeaecad2d\" height=\"427\" itemprop=\"image\" loading=\"lazy\" longdesc=\"https:\/\/www.archdaily.cl\/cl\/1037148\/casa-de-sa-tiago-do-vale-arquitectos\/6942e6565773f02eeaecad2d-casa-de-sa-tiago-do-vale-arquitectos-corte-c2\" src=\"https:\/\/www.europesays.com\/es\/wp-content\/uploads\/2025\/12\/t7-7.jpg\" width=\"640\"\/>Corte C2<\/a><\/p>\n<p class=\"p1\">Implantada en una parcela vac\u00eda, la Casa de S\u00e1 retoma, volum\u00e9trica, material y compositivamente, el l\u00e9xico de la casa de Silva Rocha, evocando los ritmos verticales y horizontales de la fachada, las alineaciones altim\u00e9tricas, la geometr\u00eda de la cubierta y la composici\u00f3n pentapartita del alzado.<\/p>\n<p><a class=\"js-image-size__link lazy-anchor\" href=\"https:\/\/www.archdaily.cl\/cl\/1037148\/casa-de-sa-tiago-do-vale-arquitectos\/6942e6b55773f02eeaecad35-casa-de-sa-tiago-do-vale-arquitectos-foto\" rel=\"nofollow noopener\" target=\"_blank\"><img decoding=\"async\" alt=\"Casa de S\u00e1 \/ Tiago do Vale Arquitectos - Fotograf\u00eda interior, Dormitorio, Iluminaci\u00f3n\" data-nr-picture-id=\"6942e6b55773f02eeaecad35\" height=\"427\" itemprop=\"image\" loading=\"lazy\" longdesc=\"https:\/\/www.archdaily.cl\/cl\/1037148\/casa-de-sa-tiago-do-vale-arquitectos\/6942e6b55773f02eeaecad35-casa-de-sa-tiago-do-vale-arquitectos-foto\" src=\"https:\/\/www.europesays.com\/es\/wp-content\/uploads\/2025\/12\/sa-townhouse-tiago-do-vale-arquitectos_7.jpg\" width=\"640\"\/>\u00a9 Jo\u00e3o Morgado<\/a><\/p>\n<p>In a gesture of restraint, the new volume is set slightly back from the street alignment, establishing a measured dialogue with its neighbour. Limestone, ceramic cladding, timber, and ironwork reinterpret earlier materials and construction systems through contemporary means. Beyond its direct reference, the project also evokes the timber fa\u00e7ades of former salt warehouses and the restrained graphic rhythms of the Ria&#8217;s traditional Palheiros.\u00a0<\/p>\n<p><a class=\"js-image-size__link lazy-anchor\" href=\"https:\/\/www.archdaily.cl\/cl\/1037148\/casa-de-sa-tiago-do-vale-arquitectos\/6942e6b85773f02eeaecad3b-casa-de-sa-tiago-do-vale-arquitectos-foto\" rel=\"nofollow noopener\" target=\"_blank\"><img decoding=\"async\" alt=\"Casa de S\u00e1 \/ Tiago do Vale Arquitectos - Fotograf\u00eda exterior, Concreto\" data-nr-picture-id=\"6942e6b85773f02eeaecad3b\" height=\"427\" itemprop=\"image\" loading=\"lazy\" longdesc=\"https:\/\/www.archdaily.cl\/cl\/1037148\/casa-de-sa-tiago-do-vale-arquitectos\/6942e6b85773f02eeaecad3b-casa-de-sa-tiago-do-vale-arquitectos-foto\" src=\"https:\/\/www.europesays.com\/es\/wp-content\/uploads\/2025\/12\/sa-townhouse-tiago-do-vale-arquitectos_37.jpg\" width=\"640\"\/>\u00a9 Jo\u00e3o Morgado<\/a><\/p>\n<p>Compuesta por dos viviendas y construida con materiales locales y duraderos, la Casa de S\u00e1 se erige como un ensayo sobre la continuidad y la pertenencia: una intervenci\u00f3n contempor\u00e1nea arraigada en la memoria, atenta al lugar y abierta al futuro.<\/p>\n<p><a class=\"js-image-size__link lazy-anchor\" href=\"https:\/\/www.archdaily.cl\/cl\/1037148\/casa-de-sa-tiago-do-vale-arquitectos\/6942e6b55773f02eeaecad37-casa-de-sa-tiago-do-vale-arquitectos-foto\" rel=\"nofollow noopener\" target=\"_blank\"><img decoding=\"async\" alt=\"Casa de S\u00e1 \/ Tiago do Vale Arquitectos - Fotograf\u00eda exterior, Fachada, Puerta\" data-nr-picture-id=\"6942e6b55773f02eeaecad37\" height=\"427\" itemprop=\"image\" loading=\"lazy\" longdesc=\"https:\/\/www.archdaily.cl\/cl\/1037148\/casa-de-sa-tiago-do-vale-arquitectos\/6942e6b55773f02eeaecad37-casa-de-sa-tiago-do-vale-arquitectos-foto\" src=\"https:\/\/www.europesays.com\/es\/wp-content\/uploads\/2025\/12\/sa-townhouse-tiago-do-vale-arquitectos_36.jpg\" width=\"640\"\/>\u00a9 Jo\u00e3o Morgado<\/a><script async src=\"https:\/\/platform.twitter.com\/widgets.js\" charset=\"utf-8\"><\/script><\/p>\n","protected":false},"excerpt":{"rendered":"\u00a9 Jo\u00e3o Morgado + 41 Compartir Compartir Facebook Twitter Mail Pinterest Whatsapp O https:\/\/www.archdaily.cl\/cl\/1037148\/casa-de-sa-tiago-do-vale-arquitectos Portapapeles \u00abCOPY\u00bb Copiar \u00c1rea&hellip;\n","protected":false},"author":2,"featured_media":312231,"comment_status":"","ping_status":"","sticky":false,"template":"","format":"standard","meta":{"footnotes":""},"categories":[173],"tags":[801,802,229,233,231,230,73365,3738,232,234,146,147,25,24,23],"class_list":{"0":"post-312230","1":"post","2":"type-post","3":"status-publish","4":"format-standard","5":"has-post-thumbnail","7":"category-arte-y-diseno","8":"tag-arquitectura","9":"tag-arquitectura-residencial","10":"tag-arte","11":"tag-arte-y-diseno","12":"tag-arts","13":"tag-arts-and-design","14":"tag-aveiro","15":"tag-casas","16":"tag-design","17":"tag-diseno","18":"tag-entertainment","19":"tag-entretenimiento","20":"tag-es","21":"tag-espana","22":"tag-spain"},"share_on_mastodon":{"url":"https:\/\/pubeurope.com\/@es\/115803520242137769","error":""},"_links":{"self":[{"href":"https:\/\/www.europesays.com\/es\/wp-json\/wp\/v2\/posts\/312230","targetHints":{"allow":["GET"]}}],"collection":[{"href":"https:\/\/www.europesays.com\/es\/wp-json\/wp\/v2\/posts"}],"about":[{"href":"https:\/\/www.europesays.com\/es\/wp-json\/wp\/v2\/types\/post"}],"author":[{"embeddable":true,"href":"https:\/\/www.europesays.com\/es\/wp-json\/wp\/v2\/users\/2"}],"replies":[{"embeddable":true,"href":"https:\/\/www.europesays.com\/es\/wp-json\/wp\/v2\/comments?post=312230"}],"version-history":[{"count":0,"href":"https:\/\/www.europesays.com\/es\/wp-json\/wp\/v2\/posts\/312230\/revisions"}],"wp:featuredmedia":[{"embeddable":true,"href":"https:\/\/www.europesays.com\/es\/wp-json\/wp\/v2\/media\/312231"}],"wp:attachment":[{"href":"https:\/\/www.europesays.com\/es\/wp-json\/wp\/v2\/media?parent=312230"}],"wp:term":[{"taxonomy":"category","embeddable":true,"href":"https:\/\/www.europesays.com\/es\/wp-json\/wp\/v2\/categories?post=312230"},{"taxonomy":"post_tag","embeddable":true,"href":"https:\/\/www.europesays.com\/es\/wp-json\/wp\/v2\/tags?post=312230"}],"curies":[{"name":"wp","href":"https:\/\/api.w.org\/{rel}","templated":true}]}}