{"id":312258,"date":"2025-12-29T15:38:08","date_gmt":"2025-12-29T15:38:08","guid":{"rendered":"https:\/\/www.europesays.com\/es\/312258\/"},"modified":"2025-12-29T15:38:08","modified_gmt":"2025-12-29T15:38:08","slug":"a-los-57-anos-murio-una-de-las-actrices-mas-queridas-de-la-serie-blanco-y-negro","status":"publish","type":"post","link":"https:\/\/www.europesays.com\/es\/312258\/","title":{"rendered":"A los 57 a\u00f1os muri\u00f3 una de las actrices m\u00e1s queridas de la serie Blanco y negro"},"content":{"rendered":"<p class=\"paragraph font__body-regular\"><b>Melanie Watson<\/b>, conocida por haber trabajado en varios cap\u00edtulos de la serie <a href=\"https:\/\/tn.com.ar\/show\/hollywood\/2021\/03\/21\/dana-plato-la-estrella-de-blanco-y-negro-que-alcanzo-la-fama-muy-joven-vivio-con-excesos-y-murio-por-una-sobredosis\/\" target=\"_self\" rel=\"nofollow noopener\" title=\"https:\/\/tn.com.ar\/show\/hollywood\/2021\/03\/21\/dana-plato-la-estrella-de-blanco-y-negro-que-alcanzo-la-fama-muy-joven-vivio-con-excesos-y-murio-por-una-sobredosis\/\"><b>Blanco y negro<\/b><\/a>, <b>muri\u00f3 a los 57 a\u00f1os luego de haber estado internada varios d\u00edas<\/b> en una cl\u00ednica de Colorado.<\/p>\n<p class=\"paragraph font__body-regular\">La noticia se la confirm\u00f3 el hermano de la actriz a <b>TMZ<\/b>. Robert Watson dijo que la recordada figura de la sitcom fue hospitalizada porque estaba sufriendo <b>\u201cproblemas de sangrado\u201d y que su condici\u00f3n se complic\u00f3.<\/b><\/p>\n<p class=\"paragraph font__body-regular\"><b>Le\u00e9 tambi\u00e9n: <\/b><a href=\"https:\/\/tn.com.ar\/show\/hollywood\/2021\/03\/21\/dana-plato-la-estrella-de-blanco-y-negro-que-alcanzo-la-fama-muy-joven-vivio-con-excesos-y-murio-por-una-sobredosis\/\" target=\"_self\" rel=\"nofollow noopener\" title=\"https:\/\/tn.com.ar\/show\/hollywood\/2021\/03\/21\/dana-plato-la-estrella-de-blanco-y-negro-que-alcanzo-la-fama-muy-joven-vivio-con-excesos-y-murio-por-una-sobredosis\/\"><b>Dana Plato, la estrella de \u201cBlanco y Negro\u201d que alcanz\u00f3 la fama muy joven, vivi\u00f3 con excesos y muri\u00f3 por una sobredosis<\/b><\/a><\/p>\n<p>Qui\u00e9n era Melanie Watson, conocida por \u201cBlanco y negro\u201d<\/p>\n<p class=\"paragraph font__body-regular\"><b>Melanie Watson<\/b> hab\u00eda nacido el 20 de julio de 1968 en California, Estados Unidos, y el \u00fanico rol que tuvo en su vida art\u00edstica fue el de <b>Kathy Gordon<\/b>, en la serie protagonizada por <b>Gary Coleman<\/b>. <\/p>\n<p class=\"paragraph font__body-regular\">Su rol estaba relacionado con una condici\u00f3n gen\u00e9tica que sufr\u00eda. Watson ten\u00eda osteog\u00e9nesis imperfecta y usaba silla de ruedas. El trastorno, conocido como <b>\u201cs\u00edndrome de los huesos de cristal\u201d,<\/b> es una enfermedad del tejido conectivo que provoca fragilidad en los huesos. <\/p>\n<p><img decoding=\"async\" loading=\"lazy\" fetchpriority=\"low\" data-testid=\"loading-testid\" class=\"image content-image image_placeholder\" alt=\"Melanie Watson, cuando actu\u00f3 en &quot;Blanco y negro&quot;. (Foto: NBC)\" width=\"767\" height=\"511\" src=\"https:\/\/www.europesays.com\/es\/wp-content\/uploads\/2025\/12\/melanie-watson-cuando-actuo-en-blanco-y-negro-foto-nbc-TP2XQZ3EAZC7FNJKJAQC5VTF5I.jpg\"\/><\/p>\n<p>Melanie Watson, cuando actu\u00f3 en \u00abBlanco y negro\u00bb. (Foto: NBC)<\/p>\n<p class=\"paragraph font__body-regular\">El papel de Kathy Gordon fue muy importante ya que era un personaje que estuvo cuatro veces en la serie que se emiti\u00f3 entre 1978 y 1986, aunque en la actualidad se sigue repitiendo.<\/p>\n<p class=\"paragraph font__body-regular\">Watson inici\u00f3 su camino en la ficci\u00f3n en la tercera temporada. Es en el episodio \u201cKathy\u201d, de 1982, en el que todo se centr\u00f3 alrededor de ella y su lucha diaria en la escuela por la condici\u00f3n que ten\u00eda. <\/p>\n<p class=\"paragraph font__body-regular\">Durante los Juegos Ol\u00edmpicos que se hicieron en Los \u00c1ngeles en 1984, <b>los productores tambi\u00e9n focalizaron un episodio alrededor de sus superaciones personales. <\/b><\/p>\n<p class=\"paragraph font__body-regular\">En una entrevista que en 2020 le dio al medio IndieWire, Watson cont\u00f3: \u201cEn aquella \u00e9poca, no ten\u00eda silla de ruedas. As\u00ed que me llevaban a todas partes.<b> Era un poco quisquillosa<\/b>. Siempre estaba jugando con mi yo-yo y escuchando mi walkman\u201c, hab\u00eda comentado.<\/p>\n<p><img decoding=\"async\" loading=\"lazy\" fetchpriority=\"low\" data-testid=\"loading-testid\" class=\"image content-image image_placeholder\" alt=\"Un momento de la participaci\u00f3n de Melanie Watson en &quot;Blanco y negro&quot;. (Foto: NBC)\" width=\"767\" height=\"1169\" src=\"https:\/\/www.europesays.com\/es\/wp-content\/uploads\/2025\/12\/un-momento-de-la-participacion-de-melanie-watson-en-blanco-y-negro-foto-nbc-K7KZVWC45ZGL5MORB77V4W6J.jpeg\"\/><\/p>\n<p>Un momento de la participaci\u00f3n de Melanie Watson en \u00abBlanco y negro\u00bb. (Foto: NBC)<\/p>\n<p class=\"paragraph font__body-regular\">En esa charla, tambi\u00e9n, hab\u00eda asegurado que, en su momento, no se dio cuenta de lo importante que fue para otros actores con discapacidad haberse mostrado en televisi\u00f3n. <b>\u201cNo me di cuenta del gran regalo que fue ser la primera en salir.<\/b> Si tuviera que empezar de nuevo, me habr\u00eda quedado en el negocio\u201d, hab\u00eda dicho.<\/p>\n<p class=\"paragraph font__body-regular\"><b>Le\u00e9 tambi\u00e9n: <\/b><a href=\"https:\/\/tn.com.ar\/podcasts\/2022\/02\/01\/blanco-y-negro-la-serie-marcada-por-la-tragedia-de-sus-protagonistas\/\" target=\"_self\" rel=\"nofollow noopener\" title=\"https:\/\/tn.com.ar\/podcasts\/2022\/02\/01\/blanco-y-negro-la-serie-marcada-por-la-tragedia-de-sus-protagonistas\/\"><b>\u201cBlanco y negro\u201d, la serie marcada por la tragedia de sus protagonistas<\/b><\/a><\/p>\n<p class=\"paragraph font__body-regular\">Melanie estuvo casada con Robert Bernhardt durante dos a\u00f1os, de 1994 a 1996. Tambi\u00e9n fund\u00f3 la organizaci\u00f3n <b>Train Rite<\/b>, que entrena perros de refugios para ayudar a personas discapacitadas.<\/p>\n","protected":false},"excerpt":{"rendered":"Melanie Watson, conocida por haber trabajado en varios cap\u00edtulos de la serie Blanco y negro, muri\u00f3 a los&hellip;\n","protected":false},"author":2,"featured_media":312259,"comment_status":"","ping_status":"","sticky":false,"template":"","format":"standard","meta":{"footnotes":""},"categories":[174],"tags":[255,146,147,25,24,256,13909,23],"class_list":{"0":"post-312258","1":"post","2":"type-post","3":"status-publish","4":"format-standard","5":"has-post-thumbnail","7":"category-famosos","8":"tag-celebrities","9":"tag-entertainment","10":"tag-entretenimiento","11":"tag-es","12":"tag-espana","13":"tag-famosos","14":"tag-muerte-de-famosos","15":"tag-spain"},"share_on_mastodon":{"url":"https:\/\/pubeurope.com\/@es\/115803606606590560","error":""},"_links":{"self":[{"href":"https:\/\/www.europesays.com\/es\/wp-json\/wp\/v2\/posts\/312258","targetHints":{"allow":["GET"]}}],"collection":[{"href":"https:\/\/www.europesays.com\/es\/wp-json\/wp\/v2\/posts"}],"about":[{"href":"https:\/\/www.europesays.com\/es\/wp-json\/wp\/v2\/types\/post"}],"author":[{"embeddable":true,"href":"https:\/\/www.europesays.com\/es\/wp-json\/wp\/v2\/users\/2"}],"replies":[{"embeddable":true,"href":"https:\/\/www.europesays.com\/es\/wp-json\/wp\/v2\/comments?post=312258"}],"version-history":[{"count":0,"href":"https:\/\/www.europesays.com\/es\/wp-json\/wp\/v2\/posts\/312258\/revisions"}],"wp:featuredmedia":[{"embeddable":true,"href":"https:\/\/www.europesays.com\/es\/wp-json\/wp\/v2\/media\/312259"}],"wp:attachment":[{"href":"https:\/\/www.europesays.com\/es\/wp-json\/wp\/v2\/media?parent=312258"}],"wp:term":[{"taxonomy":"category","embeddable":true,"href":"https:\/\/www.europesays.com\/es\/wp-json\/wp\/v2\/categories?post=312258"},{"taxonomy":"post_tag","embeddable":true,"href":"https:\/\/www.europesays.com\/es\/wp-json\/wp\/v2\/tags?post=312258"}],"curies":[{"name":"wp","href":"https:\/\/api.w.org\/{rel}","templated":true}]}}