{"id":312277,"date":"2025-12-29T15:50:22","date_gmt":"2025-12-29T15:50:22","guid":{"rendered":"https:\/\/www.europesays.com\/es\/312277\/"},"modified":"2025-12-29T15:50:22","modified_gmt":"2025-12-29T15:50:22","slug":"mostoles-celebro-la-xxxi-edicion-de-la-san-silvestre-mostolena-con-un-gran-exito-de-participacion","status":"publish","type":"post","link":"https:\/\/www.europesays.com\/es\/312277\/","title":{"rendered":"M\u00f3stoles celebr\u00f3 la XXXI edici\u00f3n de la San Silvestre mostole\u00f1a con un gran \u00e9xito de participaci\u00f3n"},"content":{"rendered":"<p class=\"cmParagraph\"><strong><img loading=\"lazy\" decoding=\"async\" src=\"https:\/\/www.europesays.com\/es\/wp-content\/uploads\/2025\/12\/1426779-San Silvestre destacada.jpg\" width=\"400\" height=\"225\" alt=\"San Silvestre destacada\"\/>Las calles mostole\u00f1as se llenaron de 1.952 corredores de clubes locales, regionales y nacionales que participaron en las carreras, cronometradas por chip y supervisadas por jueces de la Federaci\u00f3n de Atletismo de Madrid (F.A.M.), en un ambiente festivo.  <\/strong><\/p>\n<p class=\"cmParagraph\">M\u00f3stoles, Ciudad Europea del Deporte 2026, celebr\u00f3 ayer una nueva cita de la San Silvestre mostole\u00f1a, organizada por el Ayuntamiento de M\u00f3stoles, a trav\u00e9s de la Concejal\u00eda de Deportes y Sanidad, junto a la Asociaci\u00f3n Atl\u00e9tica M\u00f3stoles, y en colaboraci\u00f3n con entidades del tejido asociativo de la ciudad, patrocinadores y el comercio de proximidad.<\/p>\n<p class=\"cmParagraph\">La XXXI edici\u00f3n de esta popular carrera, que se disput\u00f3 este pasado domingo 28 de diciembre, cont\u00f3 con la participaci\u00f3n de 1.952 corredores de clubes locales, regionales y nacionales, que participaron en categor\u00edas: prebenjam\u00edn (300 m), benjam\u00edn (1.100 m), alev\u00edn (1.100 m), infantil-cadete (2.200 m) y absoluto (8.000 m), incluyendo la categor\u00eda absoluta local, que recorrieron las calles m\u00e1s c\u00e9ntricas de la ciudad.<\/p>\n<p class=\"cmParagraph\">Las carreras se disputaron en un circuito urbano, con cronometraje por chip y supervisadas por jueces de la Federaci\u00f3n de Atletismo de Madrid (F.A.M.).<\/p>\n<p class=\"cmParagraph\">En categor\u00eda Absoluta masculino, el vencedor fue Pablo Quijada, del equipo Real Sociedad, con un tiempo de 24:50, y el campe\u00f3n en categor\u00eda Master masculino fue Francisco Javier De Le\u00f3n, con un tiempo de 24:55. En categor\u00eda Absoluta femenino se proclam\u00f3 campeona Marta Maza, del CAI Gran Canaria, que finaliz\u00f3 el recorrido en 28:18. Y en categor\u00eda Master femenino, la victoria fue para Diana Mart\u00edn, con un tiempo de 29:08.<\/p>\n<p class=\"cmParagraph\">En una jornada marcada por el ambiente festivo en las calles de M\u00f3stoles, estuvieron presentes diversos clubes de \u00e1mbito local, regional y nacional como A.A. M\u00f3stoles, Tri Infinity M\u00f3stoles, Desaf\u00edo Running M\u00f3stoles, Bikila, Triarroyo, C.A. Albacete, Pamplona Atl\u00e9tico, N\u00fa\u00f1ez Run Talavera, San Sebasti\u00e1n de los Reyes \u2013 Cl\u00ednicas Menorca, Las Celtiberas de Soria, Tricam Villaviciosa, entre otros.<\/p>\n<p class=\"cmParagraph\">En la entrega de premios participaron el alcalde de M\u00f3stoles, Manuel Bautista, y el concejal de Deportes y Sanidad, \u00c1ngel \u00c1lvarez.<\/p>\n<p class=\"cmParagraph\">El Ayuntamiento de M\u00f3stoles reparti\u00f3 premios a los ganadores de cada categor\u00eda, aumentando este a\u00f1o la cuant\u00eda a 8.300 euros en premios.<\/p>\n<p class=\"cmParagraph\">Para esta tradicional carrera, que cuenta con un elevado \u00edndice de participaci\u00f3n, los dorsales se agotaron en horas. Adem\u00e1s, tiene un car\u00e1cter altruista gracias al dorsal solidario que este a\u00f1o se ha habilitado a favor de la Asociaci\u00f3n S\u00edndrome Phelan-McDermid, una iniciativa abierta tanto a los participantes como a las personas que desearon colaborar con esta causa.<\/p>\n<p class=\"cmParagraph\"><strong>calles mostole\u00f1as se llenaron de 1.952 corredores de clubes locales, regionales y nacionales que participaron en las carreras, cronometradas por chip y supervisadas por jueces de la Federaci\u00f3n de Atletismo de Madrid (F.A.M.), en un ambiente festivo.  <\/strong><\/p>\n","protected":false},"excerpt":{"rendered":"Las calles mostole\u00f1as se llenaron de 1.952 corredores de clubes locales, regionales y nacionales que participaron en las&hellip;\n","protected":false},"author":2,"featured_media":312278,"comment_status":"","ping_status":"","sticky":false,"template":"","format":"standard","meta":{"footnotes":""},"categories":[8],"tags":[1201,6853,1250,17,18,6854,777,2800,5509,25,24,13,14,11,6852,1928,6850,19,20,6849,9,10,15,16,4111,6851,23,12,21,22,6855],"class_list":{"0":"post-312277","1":"post","2":"type-post","3":"status-publish","4":"format-standard","5":"has-post-thumbnail","7":"category-espana","8":"tag-alcalde","9":"tag-atencioacuten-ciudadana","10":"tag-ayuntamiento","11":"tag-breaking-news","12":"tag-breakingnews","13":"tag-callejero","14":"tag-ciudad","15":"tag-distritos","16":"tag-empleo","17":"tag-es","18":"tag-espana","19":"tag-featured-news","20":"tag-featurednews","21":"tag-headlines","22":"tag-inversioacuten","23":"tag-joven","24":"tag-juventud","25":"tag-latest-news","26":"tag-latestnews","27":"tag-moacutestoles","28":"tag-news","29":"tag-noticias","30":"tag-noticias-destacadas","31":"tag-noticiasdestacadas","32":"tag-presupuestos","33":"tag-sede-electroacutenica","34":"tag-spain","35":"tag-titulares","36":"tag-ultimas-noticias","37":"tag-ultimasnoticias","38":"tag-webs-municipales"},"share_on_mastodon":{"url":"","error":"Validation failed: Text character limit of 500 exceeded"},"_links":{"self":[{"href":"https:\/\/www.europesays.com\/es\/wp-json\/wp\/v2\/posts\/312277","targetHints":{"allow":["GET"]}}],"collection":[{"href":"https:\/\/www.europesays.com\/es\/wp-json\/wp\/v2\/posts"}],"about":[{"href":"https:\/\/www.europesays.com\/es\/wp-json\/wp\/v2\/types\/post"}],"author":[{"embeddable":true,"href":"https:\/\/www.europesays.com\/es\/wp-json\/wp\/v2\/users\/2"}],"replies":[{"embeddable":true,"href":"https:\/\/www.europesays.com\/es\/wp-json\/wp\/v2\/comments?post=312277"}],"version-history":[{"count":0,"href":"https:\/\/www.europesays.com\/es\/wp-json\/wp\/v2\/posts\/312277\/revisions"}],"wp:featuredmedia":[{"embeddable":true,"href":"https:\/\/www.europesays.com\/es\/wp-json\/wp\/v2\/media\/312278"}],"wp:attachment":[{"href":"https:\/\/www.europesays.com\/es\/wp-json\/wp\/v2\/media?parent=312277"}],"wp:term":[{"taxonomy":"category","embeddable":true,"href":"https:\/\/www.europesays.com\/es\/wp-json\/wp\/v2\/categories?post=312277"},{"taxonomy":"post_tag","embeddable":true,"href":"https:\/\/www.europesays.com\/es\/wp-json\/wp\/v2\/tags?post=312277"}],"curies":[{"name":"wp","href":"https:\/\/api.w.org\/{rel}","templated":true}]}}