{"id":312279,"date":"2025-12-29T15:51:12","date_gmt":"2025-12-29T15:51:12","guid":{"rendered":"https:\/\/www.europesays.com\/es\/312279\/"},"modified":"2025-12-29T15:51:12","modified_gmt":"2025-12-29T15:51:12","slug":"la-moncloa-29-12-2025-sanidad-comienza-los-tramites-para-reformar-la-jornada-laboral-de-los-residentes-prensa-actualidad-sanidad","status":"publish","type":"post","link":"https:\/\/www.europesays.com\/es\/312279\/","title":{"rendered":"La Moncloa. 29\/12\/2025. Sanidad comienza los tr\u00e1mites para reformar la jornada laboral de los residentes [Prensa\/Actualidad\/Sanidad]"},"content":{"rendered":"<p>El Ministerio de Sanidad ha iniciado el procedimiento de <a href=\"https:\/\/www.sanidad.gob.es\/normativa\/consultas\/home.htm\" onclick=\"javascript:GoogleTrackEvent(&#039;True&#039;,&#039;Contenido&#039;,&#039;Click&#039;,&#039;[https:\/\/www.lamoncloa.gob.es\/serviciosdeprensa\/notasprensa\/sanidad14\/Paginas\/2025\/291225-reforma-jornada-laboral-residentes.aspx] consulta p\u00fablica. [https:\/\/www.sanidad.gob.es\/normativa\/consultas\/home.htm]&#039;);\" rel=\"nofollow noopener\" target=\"_blank\">consulta p\u00fablica<\/a> previa para modificar el Real Decreto 1146\/2006, que regula la relaci\u00f3n laboral del personal en formaci\u00f3n sanitaria especializada.<\/p>\n<p>El Real Decreto 1146\/2006 supuso la creaci\u00f3n de un marco com\u00fan para regular la relaci\u00f3n laboral del personal en formaci\u00f3n sanitaria especializada. No obstante, desde su entrada en vigor, solo se han introducido ajustes menores, sin abordar aspectos clave como la duraci\u00f3n y organizaci\u00f3n de la jornada laboral, especialmente en lo relativo a las horas de guardia, lo que hace necesaria su revisi\u00f3n en el contexto normativo actual.<\/p>\n<p>Actualmente, existe un debate a nivel internacional sobre la organizaci\u00f3n de los servicios de salud que permita proteger la salud del personal sanitario y facilitar la retenci\u00f3n y atracci\u00f3n de talento. En este contexto, se encuentra en curso la reforma del Estatuto Marco del personal estatutario de los servicios de salud, que propone eliminar los turnos continuados de 24 horas y reforzar los descansos laborales. Sin embargo, dicha ley no es aplicable al personal en formaci\u00f3n, lo que hace necesario modificar el Real Decreto 1146\/2006 para poder aplicar estas reformas a este colectivo.<\/p>\n<p>Uno de los problemas que se pretende corregir es la realizaci\u00f3n de jornadas laborales que superan los m\u00e1ximos permitidos por la Directiva 2003\/88\/CE del Parlamento Europeo y del Consejo, circunstancia que la normativa vigente no evita de forma efectiva. Adem\u00e1s, la duraci\u00f3n actual de la jornada no resulta necesaria ni para el cumplimiento de los objetivos formativos de las especialidades ni para la adecuada atenci\u00f3n de los deberes establecidos en el Real Decreto en vigor.<\/p>\n<p>Todo lo anterior pone de manifiesto la necesidad de modificar el Real Decreto 1146\/2006, a fin de garantizar el respeto de los l\u00edmites en materia de jornada laboral del personal en formaci\u00f3n sanitaria especializada y de aplicar a este colectivo los acuerdos alcanzados en la reforma del Estatuto Marco.<\/p>\n<p>Los ciudadanos, organizaciones y asociaciones interesadas podr\u00e1n enviar sus observaciones hasta el 13 de enero de 2026 al correo electr\u00f3nico <strong>proyectosnormativos-dgorden@sanidad.gob.es<\/strong>.<\/p>\n<p><img decoding=\"async\" alt=\"Personal sanitario\" title=\"Personal sanitario\" src=\"https:\/\/www.europesays.com\/es\/wp-content\/uploads\/2025\/12\/270420-covid-test2.jpg\"\/><\/p>\n<p id=\"ctl00_PlaceHolderMain_DisplayMode_noticia_pImageCaption\" class=\"media-captionContainer rs_skip\">Personal sanitario en un laboratorio.<\/p>\n<ul id=\"ctl00_PlaceHolderMain_DisplayMode_noticia_list_banner_home\" class=\"list-banner list-banner-no-border\">&#13;<\/p>\n<li class=\"BannerLi\">&#13;<a title=\"Datos actualizados y ayudas del Plan de Respuesta Inmediata, Reconstrucci\u00f3n y Relanzamiento\" href=\"https:\/\/www.lamoncloa.gob.es\/info-dana\/Paginas\/index.aspx\" rel=\"nofollow noopener\" target=\"_blank\"><img decoding=\"async\" title=\"Datos actualizados y ayudas del Plan de Respuesta Inmediata, Reconstrucci\u00f3n y Relanzamiento\" src=\"https:\/\/www.europesays.com\/es\/wp-content\/uploads\/2025\/10\/banner-noticias-dana.png\" alt=\"Datos actualizados y ayudas del Plan de Respuesta Inmediata, Reconstrucci\u00f3n y Relanzamiento\"\/><\/a>&#13;<\/li>\n<p>&#13;<\/ul>\n","protected":false},"excerpt":{"rendered":"El Ministerio de Sanidad ha iniciado el procedimiento de consulta p\u00fablica previa para modificar el Real Decreto 1146\/2006,&hellip;\n","protected":false},"author":2,"featured_media":312280,"comment_status":"","ping_status":"","sticky":false,"template":"","format":"standard","meta":{"footnotes":""},"categories":[5],"tags":[517,17,18,25,24,13,14,11,19,20,9,10,15,16,2330,1811,23,12,21,22],"class_list":{"0":"post-312279","1":"post","2":"type-post","3":"status-publish","4":"format-standard","5":"has-post-thumbnail","7":"category-titulares","8":"tag-actualidad","9":"tag-breaking-news","10":"tag-breakingnews","11":"tag-es","12":"tag-espana","13":"tag-featured-news","14":"tag-featurednews","15":"tag-headlines","16":"tag-latest-news","17":"tag-latestnews","18":"tag-news","19":"tag-noticias","20":"tag-noticias-destacadas","21":"tag-noticiasdestacadas","22":"tag-prensa","23":"tag-sanidad","24":"tag-spain","25":"tag-titulares","26":"tag-ultimas-noticias","27":"tag-ultimasnoticias"},"share_on_mastodon":{"url":"https:\/\/pubeurope.com\/@es\/115803657563840275","error":""},"_links":{"self":[{"href":"https:\/\/www.europesays.com\/es\/wp-json\/wp\/v2\/posts\/312279","targetHints":{"allow":["GET"]}}],"collection":[{"href":"https:\/\/www.europesays.com\/es\/wp-json\/wp\/v2\/posts"}],"about":[{"href":"https:\/\/www.europesays.com\/es\/wp-json\/wp\/v2\/types\/post"}],"author":[{"embeddable":true,"href":"https:\/\/www.europesays.com\/es\/wp-json\/wp\/v2\/users\/2"}],"replies":[{"embeddable":true,"href":"https:\/\/www.europesays.com\/es\/wp-json\/wp\/v2\/comments?post=312279"}],"version-history":[{"count":0,"href":"https:\/\/www.europesays.com\/es\/wp-json\/wp\/v2\/posts\/312279\/revisions"}],"wp:featuredmedia":[{"embeddable":true,"href":"https:\/\/www.europesays.com\/es\/wp-json\/wp\/v2\/media\/312280"}],"wp:attachment":[{"href":"https:\/\/www.europesays.com\/es\/wp-json\/wp\/v2\/media?parent=312279"}],"wp:term":[{"taxonomy":"category","embeddable":true,"href":"https:\/\/www.europesays.com\/es\/wp-json\/wp\/v2\/categories?post=312279"},{"taxonomy":"post_tag","embeddable":true,"href":"https:\/\/www.europesays.com\/es\/wp-json\/wp\/v2\/tags?post=312279"}],"curies":[{"name":"wp","href":"https:\/\/api.w.org\/{rel}","templated":true}]}}