{"id":312287,"date":"2025-12-29T16:00:09","date_gmt":"2025-12-29T16:00:09","guid":{"rendered":"https:\/\/www.europesays.com\/es\/312287\/"},"modified":"2025-12-29T16:00:09","modified_gmt":"2025-12-29T16:00:09","slug":"el-portero-alvaro-fernandez-sera-el-primer-refuerzo-de-invierno-del-deportivo-la-voz-de-galicia","status":"publish","type":"post","link":"https:\/\/www.europesays.com\/es\/312287\/","title":{"rendered":"El portero \u00c1lvaro Fern\u00e1ndez ser\u00e1 el primer refuerzo de invierno del Deportivo &#8211; La Voz de Galicia"},"content":{"rendered":"<ol>\n<li><a href=\"https:\/\/news.google.com\/rss\/articles\/CBMi6wFBVV95cUxObWc3S1BDRkJaaFczT1hMRlBSZGVNUVJMZUZDM3hZdFliQjdJLUdCSEkwNzljc0pFYUpDSEtJczhtT2l6V1l5RGhaZmlGcEVTR1dLbWZvOFZDNDhNUDZocGY1YVRVaFl5RVAtbmxfUTk2TEZBRFJsR3JVc0puYVVsM01aTHYzM2V2YWpzdkVDOXlXX2xieVJBM1h6N2x4Vl9rZndaUjJ5NGZ6cGhMWm8wbnpJbTJ1NEdjaEN6X3M4bnRsZW1yRzBkQUdiQ24wOGh3ZlgyS21iTTI5aW1fN2taS080aGlnWFFLVEl30gGHAkFVX3lxTE5mWE1FM0JiTnBaM19xUERvZl9kZ1V3TWVSd3ROS3doTGJMbTlTbHUyT1J4WXh3c0FPMGg5NEhqVjdtVjFSVHJBek9FVmJ0dGhnS2oxc3l4UlRtdzJPbHpOdi10SzJaNzA0UEVTOWtJUnVKemF3b0hOSi1GOWFXUW9hSDhmaWFQaGp4Qm5GcGh0MFlRMzBCc0pnQzlrTE4zYjlWVGZmRHc1c0FqOUlwdjZXWnlBbjNkRjBIQ0xoX0xqZGhGNVpBZnR3WUM1SWxrSlItQTZKbnFJaWFXem10c1pJSDJmZUFvN0xQQkxHUFpTeEp3WEFjaUpJTGxVaE5FZVN3NkoxdGw0?oc=5\" target=\"_blank\" rel=\"nofollow noopener\">El portero \u00c1lvaro Fern\u00e1ndez ser\u00e1 el primer refuerzo de invierno del Deportivo<\/a>&nbsp;&nbsp;La Voz de Galicia<\/li>\n<li><a href=\"https:\/\/news.google.com\/rss\/articles\/CBMilwFBVV95cUxPQW5EM2NFNUNTcGRtYXhudmZab0tjem5MeWwxQU5SMlE1TFpDa1RqeHZjR1VITzdlMnVLVmRldDEzWWpRSDJOc05ET0RyZVYyV09Xc0FTQzlfd244R2NqWktscjFMZ2MwekU5YmpVZkVPdWtCemszY0pSWm1RMkRJZWJFVHNqNWJXZ3ZTX0J3V2htS3FzdzZ3?oc=5\" target=\"_blank\" rel=\"nofollow noopener\">EL SEVILLA FC Y \u00c1LVARO FERLLO ALCANZAN UN ACUERDO PARA SU DESVINCULACI\u00d3N DEL CLUB<\/a>&nbsp;&nbsp;Sevilla FC<\/li>\n<li><a href=\"https:\/\/news.google.com\/rss\/articles\/CBMipAFBVV95cUxNZzJnM1RBRVBNMTdGOVBkdjVockdYbHVYem5qN0E4QWNkQ28ydld2M0FtU01PQlZRVTlMdEZMS1pIT1BKZjE4UFgwSDF3b0tVd1JLX2VYU0N2YTdNa2FFaW1MOFZ6NUdUbUNxbmZmaTJlRE10R0g5UGpMMkdmdzBjMDBwQURURmxaNUtYby1PNTdPVzBZVng3aWlVY0VtWndOQlpLNdIBuAFBVV95cUxQUlhDUzFoRzZHU0RDR3g4RzI0YjdiNm44QVFidjVjMGZCeW1xWmhpYXdNeGVndmZzdnY2bmx6a3M3QlBXWThiUEFNT0xRRXJvWm1oRUNGbXM4VFF6UVFXakdKcjc0Mm1TYTVZMnFBWlVRaW1PUURXdV9fRTJpZDk5bU9wbzhlSHlBR2tFM3JKaWJMUTU5OU9tNHlMeWQyYmtwS3VuU0lJdWVNc1MxaDRKT0xKVDZrbWxS?oc=5\" target=\"_blank\" rel=\"nofollow noopener\">El fichaje de \u00c1lvaro Fern\u00e1ndez por el Depor, cuesti\u00f3n de horas<\/a>&nbsp;&nbsp;Diario AS<\/li>\n<li><a href=\"https:\/\/news.google.com\/rss\/articles\/CBMi5wFBVV95cUxQNzZfd2ZVUXc0WklTY1hNM0Z2blFiZ2ppbVBOSlNyMm5XMTdrakRhRk5ad0hSeWRZdVk3TnIxNEtOZkl0cWEyUmtQNjc4dDNUY1hUQjEzbGRZY241eVlvV2QwQW5FZklCSXp2Wm5KREE4SWZUb0pXMDZsWWxxMlhhTzE4b2ZpVjd4RFhoZU5qand0WlJObDgyTWRqVld3Y2Fhc1A2LXZ6Q2k1TzA0VmVtUDlPY3docXhYMVU4eF9BY0xWcHNFenA2M1dnMlFhWUtuYWRGYndER0tueG1MdEp5VEgtY05VcEE?oc=5\" target=\"_blank\" rel=\"nofollow noopener\">El exportero de Osasuna \u00c1lvaro Fern\u00e1ndez se desvincula del Sevilla para fichar por el Deportivo<\/a>&nbsp;&nbsp;Diario de Navarra<\/li>\n<li><a href=\"https:\/\/news.google.com\/rss\/articles\/CBMi3gFBVV95cUxOeHVPeDVwU1UxTGtZNDJoQ3d3cFhnam9xQm5qRmNxSlFKWkZ2T1FwcWlYX05nV1lsSmhUamJGa3Z2R0JFaFFucVZQQ0tYcW5tdGVYOFZ1M2ZpV1ZySEZqRnEzdGI1d3Q1QVhwTjNnMDBnRmhiX1RKOE1XTTBJbWNhcFlFc2RyRUUyN1NtZWpGY0IwVG5Nai1nRGVjRnFicHM3UkJ0TzFZSTBvSTFpWjg5THhmcS11OVNIMDRfLTR3TDZocHFneTl2OU1HcjJmRVBqbnllVVF2cWZGUVBlakE?oc=5\" target=\"_blank\" rel=\"nofollow noopener\">El Sevilla FC da permiso al portero \u00c1lvaro Fern\u00e1ndez para que resuelva su futuro<\/a>&nbsp;&nbsp;ABC<\/li>\n<\/ol>\n","protected":false},"excerpt":{"rendered":"El portero \u00c1lvaro Fern\u00e1ndez ser\u00e1 el primer refuerzo de invierno del Deportivo&nbsp;&nbsp;La Voz de Galicia EL SEVILLA FC&hellip;\n","protected":false},"author":2,"featured_media":312288,"comment_status":"","ping_status":"","sticky":false,"template":"","format":"standard","meta":{"footnotes":""},"categories":[268],"tags":[168,412,25,24,280,282,281,23,167],"class_list":{"0":"post-312287","1":"post","2":"type-post","3":"status-publish","4":"format-standard","5":"has-post-thumbnail","7":"category-futbol","8":"tag-deportes","9":"tag-deportivo","10":"tag-es","11":"tag-espana","12":"tag-football","13":"tag-futbol","14":"tag-soccer","15":"tag-spain","16":"tag-sports"},"share_on_mastodon":{"url":"https:\/\/pubeurope.com\/@es\/115803693089469924","error":""},"_links":{"self":[{"href":"https:\/\/www.europesays.com\/es\/wp-json\/wp\/v2\/posts\/312287","targetHints":{"allow":["GET"]}}],"collection":[{"href":"https:\/\/www.europesays.com\/es\/wp-json\/wp\/v2\/posts"}],"about":[{"href":"https:\/\/www.europesays.com\/es\/wp-json\/wp\/v2\/types\/post"}],"author":[{"embeddable":true,"href":"https:\/\/www.europesays.com\/es\/wp-json\/wp\/v2\/users\/2"}],"replies":[{"embeddable":true,"href":"https:\/\/www.europesays.com\/es\/wp-json\/wp\/v2\/comments?post=312287"}],"version-history":[{"count":0,"href":"https:\/\/www.europesays.com\/es\/wp-json\/wp\/v2\/posts\/312287\/revisions"}],"wp:featuredmedia":[{"embeddable":true,"href":"https:\/\/www.europesays.com\/es\/wp-json\/wp\/v2\/media\/312288"}],"wp:attachment":[{"href":"https:\/\/www.europesays.com\/es\/wp-json\/wp\/v2\/media?parent=312287"}],"wp:term":[{"taxonomy":"category","embeddable":true,"href":"https:\/\/www.europesays.com\/es\/wp-json\/wp\/v2\/categories?post=312287"},{"taxonomy":"post_tag","embeddable":true,"href":"https:\/\/www.europesays.com\/es\/wp-json\/wp\/v2\/tags?post=312287"}],"curies":[{"name":"wp","href":"https:\/\/api.w.org\/{rel}","templated":true}]}}