{"id":312319,"date":"2025-12-29T16:23:08","date_gmt":"2025-12-29T16:23:08","guid":{"rendered":"https:\/\/www.europesays.com\/es\/312319\/"},"modified":"2025-12-29T16:23:08","modified_gmt":"2025-12-29T16:23:08","slug":"el-betis-sin-noticias-por-lo-celso","status":"publish","type":"post","link":"https:\/\/www.europesays.com\/es\/312319\/","title":{"rendered":"El Betis, sin noticias por Lo Celso"},"content":{"rendered":"<p style=\"\"><strong>Giovani Lo Celso<\/strong> ser\u00e1 ma\u00f1ana martes uno m\u00e1s en la vuelta al trabajo de la primera plantilla del <a href=\"https:\/\/www.realbetisbalompie.es\" target=\"_blank\" data-voc-vtm-id=\"in-text-traffic\" title=\"Real Betis\" data-mrf-link=\"www.realbetisbalompie.es\" rel=\"nofollow noopener\">Real Betis<\/a> tras las minivacaciones por el par\u00f3n de la Navidad que el cuerpo t\u00e9cnico dirigido por <strong>Manuel Pellegrini<\/strong> concedi\u00f3 al plantel tras el  &#8230; \u00faltimo partido oficial del 2025, frente al Getafe (4-0) el pasado 21 de diciembre. El nombre del mediapunta argentino ha sido vinculado a una <strong>posible salida<\/strong> del conjunto verdiblanco en el pr\u00f3ximo <strong>mercado invernal<\/strong>, dado que ha recibido intereses de varios equipos. Uno que hab\u00eda aparecido con fuerza es el <strong>Inter de Miami<\/strong>, donde juegan compa\u00f1eros en la selecci\u00f3n argentina campeona del Mundo, como <strong>Leo Messi o De Paul<\/strong>, adem\u00e1s de otros futbolistas compatriotas.<\/p>\n<p class=\"voc-p\" style=\"\">Seg\u00fan ha podido saber Alfinaldelapalmera.com, por Lo Celso <strong>a d\u00eda de hoy no ha llegado ninguna comunicaci\u00f3n, ni de clubes ni de sus agentes<\/strong>, para tratar con el Betis la salida del mediapunta argentino, que tiene <strong>contrato con el conjunto verdiblanco hasta el 2028.<\/strong> Eso s\u00ed, en la entidad b\u00e9tica <strong>no se cierran a una posible marcha<\/strong> del futbolista de Rosario en el caso de que <strong>llegase una propuesta interesante para todas las partes<\/strong>, club y jugador, aunque ese extremo <strong>no se ha producido<\/strong> a d\u00eda de hoy.<\/p>\n<p class=\"voc-p\" style=\"\">Hay que recordar que la pasada semana se indicaba en diversas informaciones que el Betis, por una <strong>cantidad un poco superior a los cinco millones de euros<\/strong>, cifra con la que el club b\u00e9tico se quitar\u00eda la <strong>amortizaci\u00f3n<\/strong> que le queda por pagar al <strong>Tottenham<\/strong> tras su <strong>fichaje de regreso<\/strong> en el verano de <strong>2024<\/strong>, no ver\u00eda con malos un traspaso de Lo Celso, dado que adem\u00e1s <strong>liberar\u00eda la alta ficha<\/strong> que cobra en la entidad b\u00e9tica.<\/p>\n<p class=\"voc-p\" style=\"\">Pero la informaci\u00f3n que maneja este portal web en estos momentos es que a d\u00eda de hoy ni siquiera se ha producido ninguna llamada (o contactos) entre el club del campeonato norteamericano ni de los agentes de Lo Celso hacia los encargados de la parcela deportiva del Betis para empezar a hablar de una hipot\u00e9tica salida del futbolista.<\/p>\n<p>\nUn paso al frente\n<\/p>\n<p class=\"voc-p\" style=\"\">De momento, Manuel <strong>Pellegrini seguir\u00e1 contando con Lo Celso.<\/strong> El t\u00e9cnico chileno espera que el internacional argentino <strong>termine de superar todos los problemas f\u00edsicos que le est\u00e1n mermando<\/strong> en esta primera parte de la temporada y que <strong>no le est\u00e1n permitiendo rendir como se espera<\/strong> de un futbolista de tanta jerarqu\u00eda. M\u00e1s si cabe con la <strong>lesi\u00f3n de Isco<\/strong>, que estar\u00e1 <a href=\"https:\/\/www.abc.es\/deportes\/alfinaldelapalmera\/noticias-betis\/calvario-isco-lesiones-termina-nueva-operacion-mes-20251228214201-nts.html\" target=\"_self\" data-voc-vtm-id=\"in-text-traffic\" title=\"de baja un mes m\u00e1s tras la artroscopia\" data-mrf-link=\"www.abc.es\" rel=\"nofollow noopener\">de baja un mes m\u00e1s tras la artroscopia<\/a> a la que ser\u00e1 sometido este lunes para solucionar la lesi\u00f3n intraarticular en el cart\u00edlago del tobillo derecho que sufri\u00f3 despu\u00e9s del <strong>choque con Amrabat en el Betis &#8211; Utrecht<\/strong> de la Europa League.<\/p>\n","protected":false},"excerpt":{"rendered":"Giovani Lo Celso ser\u00e1 ma\u00f1ana martes uno m\u00e1s en la vuelta al trabajo de la primera plantilla del&hellip;\n","protected":false},"author":2,"featured_media":312320,"comment_status":"","ping_status":"","sticky":false,"template":"","format":"standard","meta":{"footnotes":""},"categories":[268],"tags":[1430,291,19464,73385,168,25,24,280,282,1965,281,23,167],"class_list":{"0":"post-312319","1":"post","2":"type-post","3":"status-publish","4":"format-standard","5":"has-post-thumbnail","7":"category-futbol","8":"tag-avanzada","9":"tag-betis","10":"tag-celso","11":"tag-consta","12":"tag-deportes","13":"tag-es","14":"tag-espana","15":"tag-football","16":"tag-futbol","17":"tag-salida","18":"tag-soccer","19":"tag-spain","20":"tag-sports"},"share_on_mastodon":{"url":"https:\/\/pubeurope.com\/@es\/115803783479811769","error":""},"_links":{"self":[{"href":"https:\/\/www.europesays.com\/es\/wp-json\/wp\/v2\/posts\/312319","targetHints":{"allow":["GET"]}}],"collection":[{"href":"https:\/\/www.europesays.com\/es\/wp-json\/wp\/v2\/posts"}],"about":[{"href":"https:\/\/www.europesays.com\/es\/wp-json\/wp\/v2\/types\/post"}],"author":[{"embeddable":true,"href":"https:\/\/www.europesays.com\/es\/wp-json\/wp\/v2\/users\/2"}],"replies":[{"embeddable":true,"href":"https:\/\/www.europesays.com\/es\/wp-json\/wp\/v2\/comments?post=312319"}],"version-history":[{"count":0,"href":"https:\/\/www.europesays.com\/es\/wp-json\/wp\/v2\/posts\/312319\/revisions"}],"wp:featuredmedia":[{"embeddable":true,"href":"https:\/\/www.europesays.com\/es\/wp-json\/wp\/v2\/media\/312320"}],"wp:attachment":[{"href":"https:\/\/www.europesays.com\/es\/wp-json\/wp\/v2\/media?parent=312319"}],"wp:term":[{"taxonomy":"category","embeddable":true,"href":"https:\/\/www.europesays.com\/es\/wp-json\/wp\/v2\/categories?post=312319"},{"taxonomy":"post_tag","embeddable":true,"href":"https:\/\/www.europesays.com\/es\/wp-json\/wp\/v2\/tags?post=312319"}],"curies":[{"name":"wp","href":"https:\/\/api.w.org\/{rel}","templated":true}]}}