{"id":312327,"date":"2025-12-29T16:28:11","date_gmt":"2025-12-29T16:28:11","guid":{"rendered":"https:\/\/www.europesays.com\/es\/312327\/"},"modified":"2025-12-29T16:28:11","modified_gmt":"2025-12-29T16:28:11","slug":"el-cantante-sorprende-con-un-video-musical-del-que-todos-hablan","status":"publish","type":"post","link":"https:\/\/www.europesays.com\/es\/312327\/","title":{"rendered":"El cantante sorprende con un video musical del que todos hablan"},"content":{"rendered":"<p>\n          Harry Styles y sus dos a\u00f1os lejos del foco: qu\u00e9 hizo durante su ausencia medi\u00e1tica<\/p>\n<p>Tras el cierre de su exitosa gira Love On Tour en 2023, <b>Harry Styles<\/b> opt\u00f3 por alejarse de los reflectores y reducir dr\u00e1sticamente sus apariciones p\u00fablicas durante casi dos a\u00f1os. <\/p>\n<p>La decisi\u00f3n llam\u00f3 la atenci\u00f3n de fans y medios, acostumbrados a una presencia constante del artista tanto en la m\u00fasica como en la moda y el cine. Sin embargo, su ausencia no signific\u00f3 inactividad, sino un per\u00edodo de bajo perfil enfocado en lo personal y lo creativo.<\/p>\n<p>             <img loading=\"lazy\" decoding=\"async\" src=\"https:\/\/www.europesays.com\/es\/wp-content\/uploads\/2025\/12\/.webp\" class=\"lazyload\" alt=\"harry-styles-juguetes-sexuales.jpg\"  width=\"1200\" height=\"630\"\/> <\/p>\n<p>              Harry Styles<br \/>\n              (Getty Images)<\/p>\n<p>Durante este tiempo, Styles se mantuvo alejado de lanzamientos musicales y entrevistas, lo que aliment\u00f3 especulaciones sobre un posible retiro temporal. En realidad, el cantante habr\u00eda utilizado este per\u00edodo para descansar tras a\u00f1os de intensa exposici\u00f3n medi\u00e1tica, viajar de forma privada y dedicar tiempo a su c\u00edrculo \u00edntimo, algo que \u00e9l mismo ha se\u00f1alado en el pasado como necesario para preservar su salud mental y su creatividad.<\/p>\n<p>Aunque no public\u00f3 nuevo material, su influencia continu\u00f3 vigente: Styles sigui\u00f3 siendo una referencia en el mundo de la moda, manteniendo colaboraciones con marcas y apareciendo de manera espor\u00e1dica en eventos selectos, siempre sin hacer declaraciones p\u00fablicas extensas. <\/p>\n<p>Al mismo tiempo, distintos reportes indicaron que estuvo trabajando en nueva m\u00fasica de forma privada, escribiendo y explorando sonidos sin la presi\u00f3n de fechas o expectativas comerciales.<\/p>\n<p>             <img loading=\"lazy\" decoding=\"async\" src=\"https:\/\/www.europesays.com\/es\/wp-content\/uploads\/2025\/12\/1767025690_778_.webp\" class=\"lazyload\" alt=\"Harry Styles\"  width=\"1200\" height=\"800\"\/> <\/p>\n<p>              Harry Styles<br \/>\n              (Getty Images)<\/p>\n<p>          Su relaci\u00f3n con Zo\u00eb Krativz <\/p>\n<p>En el plano personal, <b>Harry Styles<\/b> tambi\u00e9n atraves\u00f3 una etapa de estabilidad y discreci\u00f3n junto a la actriz y directora Zo\u00eb Kravitz. <\/p>\n<p>La relaci\u00f3n, que ambos han preferido mantener fuera del centro de la escena, se consolid\u00f3 lejos de alfombras rojas y declaraciones p\u00fablicas, apostando por un v\u00ednculo alejado del ruido medi\u00e1tico. <\/p>\n<p>             <img loading=\"lazy\" decoding=\"async\" src=\"https:\/\/www.europesays.com\/es\/wp-content\/uploads\/2025\/12\/1767025691_708_.webp\" class=\"lazyload\" alt=\"BabyBangs\"  width=\"1200\" height=\"1626\"\/> <\/p>\n<p>              Puedes mantener el estilo cl\u00e1sico con un simple toque moderno al usarlo de lado en lugar de recto<br \/>\n              (Amy Sussman\/Getty Images)<\/p>\n","protected":false},"excerpt":{"rendered":"Harry Styles y sus dos a\u00f1os lejos del foco: qu\u00e9 hizo durante su ausencia medi\u00e1tica Tras el cierre&hellip;\n","protected":false},"author":2,"featured_media":312328,"comment_status":"","ping_status":"","sticky":false,"template":"","format":"standard","meta":{"footnotes":""},"categories":[170],"tags":[146,147,25,24,2793,16495,73386,73387,73388,73389,184,185,23],"class_list":{"0":"post-312327","1":"post","2":"type-post","3":"status-publish","4":"format-standard","5":"has-post-thumbnail","7":"category-musica","8":"tag-entertainment","9":"tag-entretenimiento","10":"tag-es","11":"tag-espana","12":"tag-espectaculos","13":"tag-harry-styles","14":"tag-harry-styles-forever-forever","15":"tag-harry-styles-forever-forever-video","16":"tag-harry-styles-nuevo-video","17":"tag-harry-styles-regresa-a-la-musica","18":"tag-music","19":"tag-musica","20":"tag-spain"},"share_on_mastodon":{"url":"https:\/\/pubeurope.com\/@es\/115803803090352549","error":""},"_links":{"self":[{"href":"https:\/\/www.europesays.com\/es\/wp-json\/wp\/v2\/posts\/312327","targetHints":{"allow":["GET"]}}],"collection":[{"href":"https:\/\/www.europesays.com\/es\/wp-json\/wp\/v2\/posts"}],"about":[{"href":"https:\/\/www.europesays.com\/es\/wp-json\/wp\/v2\/types\/post"}],"author":[{"embeddable":true,"href":"https:\/\/www.europesays.com\/es\/wp-json\/wp\/v2\/users\/2"}],"replies":[{"embeddable":true,"href":"https:\/\/www.europesays.com\/es\/wp-json\/wp\/v2\/comments?post=312327"}],"version-history":[{"count":0,"href":"https:\/\/www.europesays.com\/es\/wp-json\/wp\/v2\/posts\/312327\/revisions"}],"wp:featuredmedia":[{"embeddable":true,"href":"https:\/\/www.europesays.com\/es\/wp-json\/wp\/v2\/media\/312328"}],"wp:attachment":[{"href":"https:\/\/www.europesays.com\/es\/wp-json\/wp\/v2\/media?parent=312327"}],"wp:term":[{"taxonomy":"category","embeddable":true,"href":"https:\/\/www.europesays.com\/es\/wp-json\/wp\/v2\/categories?post=312327"},{"taxonomy":"post_tag","embeddable":true,"href":"https:\/\/www.europesays.com\/es\/wp-json\/wp\/v2\/tags?post=312327"}],"curies":[{"name":"wp","href":"https:\/\/api.w.org\/{rel}","templated":true}]}}