{"id":312361,"date":"2025-12-29T16:57:09","date_gmt":"2025-12-29T16:57:09","guid":{"rendered":"https:\/\/www.europesays.com\/es\/312361\/"},"modified":"2025-12-29T16:57:09","modified_gmt":"2025-12-29T16:57:09","slug":"novo-nordisk-reduce-el-precio-de-wegovy-en-china","status":"publish","type":"post","link":"https:\/\/www.europesays.com\/es\/312361\/","title":{"rendered":"Novo Nordisk reduce el precio de Wegovy en China"},"content":{"rendered":"\n<p class=\"yf-7hmkaz\">29 dic (Reuters) &#8211; Novo Nordisk dijo el lunes que bajar\u00e1 los precios de su medicamento contra la obesidad Wegovy en China, mientras se \u200bprepara para la intensa competencia de sus rivales locales el a\u00f1o que \u200cviene, cuando finalice la patente de su exitoso tratamiento.<\/p>\n<p class=\"yf-7hmkaz\">La farmac\u00e9utica danesa no dio detalles sobre los nuevos precios, \u200cpero el medio de comunicaci\u00f3n local Yicai inform\u00f3 anteriormente que los precios de lista para las dos dosis m\u00e1s altas de Wegovy se redujeron en un 48% a 987 yuanes (141 d\u00f3lares) y 1.284 yuanes al mes, respectivamente, en algunas provincias chinas.<\/p>\n<p class=\"yf-7hmkaz\">\u00abPodemos confirmar que \u2060estamos ajustando nuestros precios de \u200cWegovy en China\u00bb, dijo la firma a Reuters en un comunicado. \u00abCreemos que este ajuste de precios en China ayudar\u00e1 a\u00fan m\u00e1s \u200da aliviar la carga del tratamiento para los pacientes y a mejorar su calidad de vida\u00bb.<\/p>\n<p class=\"yf-7hmkaz\">M\u00e1s del 65% de la poblaci\u00f3n china, de unos 1.400 millones de habitantes, podr\u00eda padecer sobrepeso \u200bu obesidad en 2030, lo que la convierte en un mercado de \u200cr\u00e1pido crecimiento para los f\u00e1rmacos adelgazantes.<\/p>\n<p class=\"yf-7hmkaz\">Dado que la patente de Novo sobre el principio activo de Wegovy, la semaglutida, expira en 2026 en China y otros mercados importantes, los fabricantes locales como CSPC Pharmaceutical Group y Hangzhou Jiuyuan Genetic Biopharmaceutical Co est\u00e1n desarrollando sus propias versiones del f\u00e1rmaco y otros se preparan para lanzar rivales.<\/p>\n<p class=\"yf-7hmkaz\">Yicai, \u2060citando a las autoridades locales de compras, hab\u00eda \u200binformado que los recortes de precios se har\u00edan \u200ben las provincias suroccidentales chinas de Yunnan y Sichuan.<\/p>\n<p class=\"yf-7hmkaz\">El mes pasado, Novo recort\u00f3 los precios de Wegovy hasta un 37% en la India, \u200dcon la intenci\u00f3n \u2060de ganar terreno en otro mercado emergente de tratamientos contra la obesidad. Novo y su rival estadounidense Eli Lilly, que se orientan hacia los consumidores \u2060que pagan en efectivo, tambi\u00e9n acordaron recortar sus precios en noviembre.<\/p>\n<p class=\"yf-7hmkaz\">(1 d\u00f3lar = 7,0056 yuanes chinos)<\/p>\n<p class=\"yf-7hmkaz\">(Reporte de redacci\u00f3n \u200cPek\u00edn; reporte adicional de Bhanvi Satija en Londres; Escrito por Miyoung \u200cKim; Editado en Espa\u00f1ol por Ricardo Figueroa)<\/p>\n","protected":false},"excerpt":{"rendered":"29 dic (Reuters) &#8211; Novo Nordisk dijo el lunes que bajar\u00e1 los precios de su medicamento contra la&hellip;\n","protected":false},"author":2,"featured_media":312362,"comment_status":"","ping_status":"","sticky":false,"template":"","format":"standard","meta":{"footnotes":""},"categories":[80],"tags":[82,8437,1615,95,94,25,24,8278,23],"class_list":{"0":"post-312361","1":"post","2":"type-post","3":"status-publish","4":"format-standard","5":"has-post-thumbnail","7":"category-economia","8":"tag-business","9":"tag-calidad-de-vida","10":"tag-china","11":"tag-economia","12":"tag-economy","13":"tag-es","14":"tag-espana","15":"tag-novo-nordisk","16":"tag-spain"},"share_on_mastodon":{"url":"https:\/\/pubeurope.com\/@es\/115803917104467734","error":""},"_links":{"self":[{"href":"https:\/\/www.europesays.com\/es\/wp-json\/wp\/v2\/posts\/312361","targetHints":{"allow":["GET"]}}],"collection":[{"href":"https:\/\/www.europesays.com\/es\/wp-json\/wp\/v2\/posts"}],"about":[{"href":"https:\/\/www.europesays.com\/es\/wp-json\/wp\/v2\/types\/post"}],"author":[{"embeddable":true,"href":"https:\/\/www.europesays.com\/es\/wp-json\/wp\/v2\/users\/2"}],"replies":[{"embeddable":true,"href":"https:\/\/www.europesays.com\/es\/wp-json\/wp\/v2\/comments?post=312361"}],"version-history":[{"count":0,"href":"https:\/\/www.europesays.com\/es\/wp-json\/wp\/v2\/posts\/312361\/revisions"}],"wp:featuredmedia":[{"embeddable":true,"href":"https:\/\/www.europesays.com\/es\/wp-json\/wp\/v2\/media\/312362"}],"wp:attachment":[{"href":"https:\/\/www.europesays.com\/es\/wp-json\/wp\/v2\/media?parent=312361"}],"wp:term":[{"taxonomy":"category","embeddable":true,"href":"https:\/\/www.europesays.com\/es\/wp-json\/wp\/v2\/categories?post=312361"},{"taxonomy":"post_tag","embeddable":true,"href":"https:\/\/www.europesays.com\/es\/wp-json\/wp\/v2\/tags?post=312361"}],"curies":[{"name":"wp","href":"https:\/\/api.w.org\/{rel}","templated":true}]}}