{"id":312363,"date":"2025-12-29T16:58:17","date_gmt":"2025-12-29T16:58:17","guid":{"rendered":"https:\/\/www.europesays.com\/es\/312363\/"},"modified":"2025-12-29T16:58:17","modified_gmt":"2025-12-29T16:58:17","slug":"las-imagenes-y-las-palabras-del-papa-iluminan-roma","status":"publish","type":"post","link":"https:\/\/www.europesays.com\/es\/312363\/","title":{"rendered":"Las im\u00e1genes y las palabras del Papa iluminan Roma"},"content":{"rendered":"<p>Desde hace varios d\u00edas, fotos y mensajes de Le\u00f3n XIV se proyectan en pantallas gigantes cerca del Vaticano. Se trata de una iniciativa para las festividades navide\u00f1as promovida por la Santa Sede, en colaboraci\u00f3n con Selfiestreet, hasta el pr\u00f3ximo 31 de diciembre<\/p>\n<p><b>Vatican News<\/b><\/p>\n<p>No se trata de los coloridos anuncios publicitarios de viajes y panetones, ni de las ampliaciones de v\u00eddeo digital que se extienden por las paredes de los edificios del centro de Roma. Esta vez, el mensaje que ha sido proyectado sobre la multitud durante varios d\u00edas, iluminando las tardes capitolinas en la Piazza Risorgimento, en la esquina de Via Ottaviano y Via Tunisi, y frente a la entrada de los Museos Vaticanos, es el de Le\u00f3n XIV: fotos y reflexiones tomadas de sus discursos que hablan de las festividades e invitan a la esperanza.<\/p>\n<p>La Santa Sede ha promovido esta campa\u00f1a durante el periodo de Navidad a trav\u00e9s de sus medios de comunicaci\u00f3n, en colaboraci\u00f3n con Selfiestreet, mediante pantallas gigantes ubicadas en zonas adyacentes al Vaticano. No es raro, al caminar por estas zonas, ver a gente de pie, con la cabeza en alto, leyendo con sorpresa, e incluso emoci\u00f3n, las frases proyectadas junto con hermosas fotos del Papa entre los fieles y los peregrinos del Jubileo.<\/p>\n<p>Los \u201cposts\u201d y las veces que se comparte esta iniciativa, programada hasta el 31 de diciembre, siguen multiplic\u00e1ndose en redes sociales. \u201cLa presencia del mensaje del Santo Padre en espacios p\u00fablicos\u201d, se lee en una nota, \u201cse integra en la \u00e9poca navide\u00f1a como signo de cercan\u00eda espiritual y recordatorio de los valores de la paz, la esperanza y la fraternidad\u201d.<\/p>\n<p>\n   Las im\u00e1genes y las palabras del Papa que iluminan Roma\n  <\/p>\n","protected":false},"excerpt":{"rendered":"Desde hace varios d\u00edas, fotos y mensajes de Le\u00f3n XIV se proyectan en pantallas gigantes cerca del Vaticano.&hellip;\n","protected":false},"author":2,"featured_media":312364,"comment_status":"","ping_status":"","sticky":false,"template":"","format":"standard","meta":{"footnotes":""},"categories":[42],"tags":[17,18,38237,13,14,11,61,62,63,64,19,20,9,10,15,16,400,12,21,22,403,65,66,67],"class_list":{"0":"post-312363","1":"post","2":"type-post","3":"status-publish","4":"format-standard","5":"has-post-thumbnail","7":"category-internacional","8":"tag-breaking-news","9":"tag-breakingnews","10":"tag-dicasterio-para-la-comunicacion","11":"tag-featured-news","12":"tag-featurednews","13":"tag-headlines","14":"tag-internacional","15":"tag-international","16":"tag-international-news","17":"tag-internationalnews","18":"tag-latest-news","19":"tag-latestnews","20":"tag-news","21":"tag-noticias","22":"tag-noticias-destacadas","23":"tag-noticiasdestacadas","24":"tag-papa-leon-xiv","25":"tag-titulares","26":"tag-ultimas-noticias","27":"tag-ultimasnoticias","28":"tag-vaticano","29":"tag-world","30":"tag-world-news","31":"tag-worldnews"},"share_on_mastodon":{"url":"https:\/\/pubeurope.com\/@es\/115803921077694629","error":""},"_links":{"self":[{"href":"https:\/\/www.europesays.com\/es\/wp-json\/wp\/v2\/posts\/312363","targetHints":{"allow":["GET"]}}],"collection":[{"href":"https:\/\/www.europesays.com\/es\/wp-json\/wp\/v2\/posts"}],"about":[{"href":"https:\/\/www.europesays.com\/es\/wp-json\/wp\/v2\/types\/post"}],"author":[{"embeddable":true,"href":"https:\/\/www.europesays.com\/es\/wp-json\/wp\/v2\/users\/2"}],"replies":[{"embeddable":true,"href":"https:\/\/www.europesays.com\/es\/wp-json\/wp\/v2\/comments?post=312363"}],"version-history":[{"count":0,"href":"https:\/\/www.europesays.com\/es\/wp-json\/wp\/v2\/posts\/312363\/revisions"}],"wp:featuredmedia":[{"embeddable":true,"href":"https:\/\/www.europesays.com\/es\/wp-json\/wp\/v2\/media\/312364"}],"wp:attachment":[{"href":"https:\/\/www.europesays.com\/es\/wp-json\/wp\/v2\/media?parent=312363"}],"wp:term":[{"taxonomy":"category","embeddable":true,"href":"https:\/\/www.europesays.com\/es\/wp-json\/wp\/v2\/categories?post=312363"},{"taxonomy":"post_tag","embeddable":true,"href":"https:\/\/www.europesays.com\/es\/wp-json\/wp\/v2\/tags?post=312363"}],"curies":[{"name":"wp","href":"https:\/\/api.w.org\/{rel}","templated":true}]}}