{"id":312371,"date":"2025-12-29T17:05:07","date_gmt":"2025-12-29T17:05:07","guid":{"rendered":"https:\/\/www.europesays.com\/es\/312371\/"},"modified":"2025-12-29T17:05:07","modified_gmt":"2025-12-29T17:05:07","slug":"espero-ser-de-los-padres-que","status":"publish","type":"post","link":"https:\/\/www.europesays.com\/es\/312371\/","title":{"rendered":"\u00abEspero ser de los padres que&#8230;\u00bb"},"content":{"rendered":"<p class=\"voc-p\" style=\"\">Desde que <a href=\"https:\/\/www.abc.es\/deportes\/tenis\/rafa-nadal-anuncia-retirada-20241010113044-nt.html\" title=\"www.abc.es\" data-voc-vtm-id=\"in-text-traffic\" data-mrf-link=\"www.abc.es\" rel=\"nofollow noopener\" target=\"_blank\">el 10 octubre de 2024 anunci\u00f3 su retirada del tenis<\/a>, el balear ha podido dedicarse en cuerpo y alma a su familia. Tras superar numerosos retos durante su carrera deportiva, ahora tiene por delante uno de los m\u00e1s complejos: <strong>la paternidad<\/strong>. <\/p>\n<p class=\"voc-p\" style=\"\">Lo cierto es que <strong>educar a un ni\u00f1o<\/strong> no es f\u00e1cil. Y es que no existen respuestas ni soluciones m\u00e1gicas para hacer frente a esta tarea. <a href=\"https:\/\/www.abc.es\/recreo\/maria-mondo-madre-dos-ninas-experta-psicologia-20251227104203-nt.html\" title=\"www.abc.es\" data-voc-vtm-id=\"in-text-traffic\" data-mrf-link=\"www.abc.es\" rel=\"nofollow noopener\" target=\"_blank\">Cada progenitor emplea sus propios m\u00e9todos<\/a> y la efectividad de ellos, en ocasiones, est\u00e1 en manos de la suerte. <\/p>\n<p class=\"voc-p\" style=\"\">En plenas vacaciones de <a href=\"https:\/\/www.abc.es\/noticias\/navidad\/\" title=\"www.abc.es\" data-voc-vtm-id=\"in-text-traffic\" data-mrf-link=\"www.abc.es\" rel=\"nofollow noopener\" target=\"_blank\">Navidad<\/a>, Nadal ha ofrecido una entrevista al Diario As, en la que cuenta c\u00f3mo est\u00e1 siendo esta nueva etapa para \u00e9l e <strong>indica el error que no quiere cometer al criar a sus hijos<\/strong>.<\/p>\n<p>\nEl error que Rafa Nadal no quiere cometer al educar a sus dos hijos\n<\/p>\n<p class=\"voc-p\" style=\"\">En la charla, Rafa Nadal reconoce que <strong>siempre le han gustado los ni\u00f1os<\/strong>. \u00abHe tenido buena conexi\u00f3n con ellos\u00bb, a\u00f1ade. El extenista afirma que con su hijo mayor se lo pasa muy bien, mientras que con el peque\u00f1o el v\u00ednculo es menor porque tan solo tiene tres meses.<\/p>\n<p class=\"voc-p\" style=\"\">Respecto a la <strong>paternidad<\/strong>, el balear asegura que no tiene ninguna expectativa. \u00ab<strong>Es algo que hace todo el mundo, mejor o peor<\/strong>. Supongo que ser\u00e9 un padre normal: ni muy malo, ni muy bueno\u00bb, sostiene.<\/p>\n<p class=\"voc-p\" style=\"\">Si algo tiene claro Rafa es c\u00f3mo quiere criar a sus peque\u00f1os y, sobre todo, <strong>no cometer un error que suele ser muy com\u00fan<\/strong>. El exdeportista lo explica: \u00abIntento educarles con los valores que creo adecuados. <strong>Espero ser de los padres que saben ver cuando sus hijos hacen las cosas bien o mal<\/strong> y detectarlo de manera coherente, sin pensar que lo hacen todo correcto solo porque son tuyos\u00bb.<\/p>\n","protected":false},"excerpt":{"rendered":"Desde que el 10 octubre de 2024 anunci\u00f3 su retirada del tenis, el balear ha podido dedicarse en&hellip;\n","protected":false},"author":2,"featured_media":312372,"comment_status":"","ping_status":"","sticky":false,"template":"","format":"standard","meta":{"footnotes":""},"categories":[274],"tags":[39444,168,1563,7536,12863,25,24,12694,563,8804,18117,3489,3621,18118,2615,12830,23,167,327,326],"class_list":{"0":"post-312371","1":"post","2":"type-post","3":"status-publish","4":"format-standard","5":"has-post-thumbnail","7":"category-tenis","8":"tag-cometer","9":"tag-deportes","10":"tag-dos","11":"tag-educar","12":"tag-error","13":"tag-es","14":"tag-espana","15":"tag-espero","16":"tag-hijos","17":"tag-indica","18":"tag-mery","19":"tag-nadal","20":"tag-padres","21":"tag-perello","22":"tag-quiere","23":"tag-rafa","24":"tag-spain","25":"tag-sports","26":"tag-tenis","27":"tag-tennis"},"share_on_mastodon":{"url":"https:\/\/pubeurope.com\/@es\/115803948575119644","error":""},"_links":{"self":[{"href":"https:\/\/www.europesays.com\/es\/wp-json\/wp\/v2\/posts\/312371","targetHints":{"allow":["GET"]}}],"collection":[{"href":"https:\/\/www.europesays.com\/es\/wp-json\/wp\/v2\/posts"}],"about":[{"href":"https:\/\/www.europesays.com\/es\/wp-json\/wp\/v2\/types\/post"}],"author":[{"embeddable":true,"href":"https:\/\/www.europesays.com\/es\/wp-json\/wp\/v2\/users\/2"}],"replies":[{"embeddable":true,"href":"https:\/\/www.europesays.com\/es\/wp-json\/wp\/v2\/comments?post=312371"}],"version-history":[{"count":0,"href":"https:\/\/www.europesays.com\/es\/wp-json\/wp\/v2\/posts\/312371\/revisions"}],"wp:featuredmedia":[{"embeddable":true,"href":"https:\/\/www.europesays.com\/es\/wp-json\/wp\/v2\/media\/312372"}],"wp:attachment":[{"href":"https:\/\/www.europesays.com\/es\/wp-json\/wp\/v2\/media?parent=312371"}],"wp:term":[{"taxonomy":"category","embeddable":true,"href":"https:\/\/www.europesays.com\/es\/wp-json\/wp\/v2\/categories?post=312371"},{"taxonomy":"post_tag","embeddable":true,"href":"https:\/\/www.europesays.com\/es\/wp-json\/wp\/v2\/tags?post=312371"}],"curies":[{"name":"wp","href":"https:\/\/api.w.org\/{rel}","templated":true}]}}