{"id":312373,"date":"2025-12-29T17:06:08","date_gmt":"2025-12-29T17:06:08","guid":{"rendered":"https:\/\/www.europesays.com\/es\/312373\/"},"modified":"2025-12-29T17:06:08","modified_gmt":"2025-12-29T17:06:08","slug":"mathieu-van-der-poel-domina-el-x2o-trofee-de-loenhout-tras-un-duelo-inacabado-con-wout-van-aert-esciclismo","status":"publish","type":"post","link":"https:\/\/www.europesays.com\/es\/312373\/","title":{"rendered":"Mathieu van der Poel domina el X2O Trofee de Loenhout tras un duelo inacabado con Wout van Aert &#8211; Esciclismo"},"content":{"rendered":"<ol>\n<li><a href=\"https:\/\/news.google.com\/rss\/articles\/CBMiakFVX3lxTE51d09fOVNHTDV4djByRW5nMjA3TmR0MmxfQjg5bV92QTVKZzdQcFQxY2x1a2ItM1hfbGF0eGVid2Rwa1I0RXhKcVI4QkRNMm5RVlNwbUFROExSc0JtVHUyc1J4SkVlT0ZVQVE?oc=5\" target=\"_blank\" rel=\"nofollow noopener\">Mathieu van der Poel domina el X2O Trofee de Loenhout tras un duelo inacabado con Wout van Aert<\/a>&nbsp;&nbsp;Esciclismo<\/li>\n<li><a href=\"https:\/\/news.google.com\/rss\/articles\/CBMifEFVX3lxTE9MdzJlNDJfTmw1V3YzSGhzeVFObHJyMU4xWHFLZHpTa2JGNGxjelpPLVdpby1ZOUFiVm0xQ0tSVjlITG5fNmJMUE12bTF2MlRYVVlDSzVuMjhDaVc5RzQ2UldJSjFTZlVTbVVZMG0xUHh1QXpVbjJiUkRRZUzSAZABQVVfeXFMT0JpZWVZUVhWaGJnTjhzQTIzbHdDbUtGeWtReWRqcWMwdHA5aldhdzd6ekl1TEwyUmQwb0hGMWozLS1KSXVDcjd3WDlHcU1kVElENDBkS0JOUEd1Sm9hYW9FN1g3LTRaT0FjR3U1N3U0V2puVFJFd1NsYlFmQjF5dkZBbk5xZXZ0OEFTNjFlUGVn?oc=5\" target=\"_blank\" rel=\"nofollow noopener\">Otra m\u00e1s de Van der Poel<\/a>&nbsp;&nbsp;Diario AS<\/li>\n<li><a href=\"https:\/\/news.google.com\/rss\/articles\/CBMirAFBVV95cUxQYnpGUzVDMjVyMmFReml2UFV2NGNKVWg3VDVjVzJJb3dsR2RiYlZna2pjdU83S3Fvak1idWFNZGIyZU9DUU1MbzhkdUJVQ2Y2eE1PWktYQXJXcVlfdDVTcjJXU0VROTBKWG5jeHFlQW4yeVdaNS1JYnlnWmhTdzVjcEdQclA3LXEtQjUxUFpfNGduVHlscmMtd0k1cW12UzMtU21PWmQtTmxERHJx?oc=5\" target=\"_blank\" rel=\"nofollow noopener\">El \u00faltimo Van der Poel vs Van Aert del a\u00f1o y un r\u00e9cord en juego: horarios y d\u00f3nde ver el X2O Trophy de Loenhout 2025<\/a>&nbsp;&nbsp;Brujulabike.com<\/li>\n<li><a href=\"https:\/\/news.google.com\/rss\/articles\/CBMikgFBVV95cUxPaHpFbjNUMVN2ZFNhVEx5NVNjcXZYSnRNdG1VSjNCT2VPb0wtLWpZbXF1M3J3VWtfY1lXa0M4NGRuVE1Jclh4eUVCbGZ2R1hKdDdWWFJKM2otRmJRR3ZIUUxtYV9rWWFBc3MtNzQ2aXBaUFRBQWpWWnhQMEVET3o0aXhKVG9OWEpBWWJIS0JrTVI0dw?oc=5\" target=\"_blank\" rel=\"nofollow noopener\">Van der Poel impone su ley en Loenhout tras el infortunio de Van Aert<\/a>&nbsp;&nbsp;ESMTB.com<\/li>\n<li><a href=\"https:\/\/news.google.com\/rss\/articles\/CBMi1AFBVV95cUxOTmRrWjFEY1k5MnZVNnJqWGQ3QnpLc3NNTTVjVGFpVzRVX0lJWmlITWplRHYzYm82eklfdmxyOThwdmZGQXJ2YUY4LUZiVTNBQ210Y0JhMjhlMTBoMkRNOHBZSEVXYzFYeEl6VmJKOTV5TTlad05fUzF2bzNIRVVqRDRhZmhtMG12M3B3TmV1ZDJ2c09lbkxvWmVpUmpzSnVLaThHZTZmTVNIbUN1Tk56RjZKYmNISGdkQWFYWnZibC1US01MS0hHMGljcm1YRUJaYVE2atIB4gFBVV95cUxPMXRmbEEyWHVPc0cxbWNxNGJTVmtKUGVxdHBGQ2dFQnZfMDg5cDZJR2MxZnkwakFLOUlKaU9tRHZjS3IybUhuVkhYSkhJcFgwbzFuLUZBamdLX1FybEFiR2xxUmUzMERmaHI4OWdVSk5zWW8weDhESWF6X0R4SWltcHJLSGlId2toX29zVVc0U3k0WXlYempNMFhxWlhaYnVkOTIzR3p3anVWZGxqYURoVEVaMjhlSzhDWURYdVVIUTNZUGh3bGJBMG5jdDFOT0owYko5eXg0S2lYdWdEelRpam9B?oc=5\" target=\"_blank\" rel=\"nofollow noopener\">Aplastante victoria de Van der Poel y aut\u00e9ntica pesadilla de Van Aert en el X20 Trofee de Loenhout<\/a>&nbsp;&nbsp;Mundo Deportivo<\/li>\n<\/ol>\n","protected":false},"excerpt":{"rendered":"Mathieu van der Poel domina el X2O Trofee de Loenhout tras un duelo inacabado con Wout van Aert&nbsp;&nbsp;Esciclismo&hellip;\n","protected":false},"author":2,"featured_media":312374,"comment_status":"","ping_status":"","sticky":false,"template":"","format":"standard","meta":{"footnotes":""},"categories":[273],"tags":[6175,73391,57434,11953,5773,4860,313,1757,72854,312,168,5787,1563,320,158,25,24,947,14896,11958,49607,73392,1051,16023,26507,3013,54364,9277,73393,26508,2761,15384,68442,17391,23,167,57435,6174,1261,23052,16804,15792],"class_list":{"0":"post-312373","1":"post","2":"type-post","3":"status-publish","4":"format-standard","5":"has-post-thumbnail","7":"category-ciclismo","8":"tag-aert","9":"tag-azencross","10":"tag-badkamers","11":"tag-belga","12":"tag-campeon","13":"tag-carrera","14":"tag-ciclismo","15":"tag-ciclista","16":"tag-condicionado","17":"tag-cycling","18":"tag-deportes","19":"tag-der","20":"tag-dos","21":"tag-duelo","22":"tag-el","23":"tag-es","24":"tag-espana","25":"tag-esperado","26":"tag-finalmente","27":"tag-firmado","28":"tag-incontestable","29":"tag-loenhout","30":"tag-lunes","31":"tag-marcada","32":"tag-mathieu","33":"tag-mundo","34":"tag-neerlandes","35":"tag-o","36":"tag-pinchazos","37":"tag-poel","38":"tag-prueba","39":"tag-quinta","40":"tag-resolvio","41":"tag-s","42":"tag-spain","43":"tag-sports","44":"tag-trofee","45":"tag-van","46":"tag-victoria","47":"tag-vigente","48":"tag-wout","49":"tag-x"},"share_on_mastodon":{"url":"https:\/\/pubeurope.com\/@es\/115803952429694734","error":""},"_links":{"self":[{"href":"https:\/\/www.europesays.com\/es\/wp-json\/wp\/v2\/posts\/312373","targetHints":{"allow":["GET"]}}],"collection":[{"href":"https:\/\/www.europesays.com\/es\/wp-json\/wp\/v2\/posts"}],"about":[{"href":"https:\/\/www.europesays.com\/es\/wp-json\/wp\/v2\/types\/post"}],"author":[{"embeddable":true,"href":"https:\/\/www.europesays.com\/es\/wp-json\/wp\/v2\/users\/2"}],"replies":[{"embeddable":true,"href":"https:\/\/www.europesays.com\/es\/wp-json\/wp\/v2\/comments?post=312373"}],"version-history":[{"count":0,"href":"https:\/\/www.europesays.com\/es\/wp-json\/wp\/v2\/posts\/312373\/revisions"}],"wp:featuredmedia":[{"embeddable":true,"href":"https:\/\/www.europesays.com\/es\/wp-json\/wp\/v2\/media\/312374"}],"wp:attachment":[{"href":"https:\/\/www.europesays.com\/es\/wp-json\/wp\/v2\/media?parent=312373"}],"wp:term":[{"taxonomy":"category","embeddable":true,"href":"https:\/\/www.europesays.com\/es\/wp-json\/wp\/v2\/categories?post=312373"},{"taxonomy":"post_tag","embeddable":true,"href":"https:\/\/www.europesays.com\/es\/wp-json\/wp\/v2\/tags?post=312373"}],"curies":[{"name":"wp","href":"https:\/\/api.w.org\/{rel}","templated":true}]}}