{"id":312375,"date":"2025-12-29T17:08:10","date_gmt":"2025-12-29T17:08:10","guid":{"rendered":"https:\/\/www.europesays.com\/es\/312375\/"},"modified":"2025-12-29T17:08:10","modified_gmt":"2025-12-29T17:08:10","slug":"el-carpena-se-quedara-sin-volver-a-ver-a-ricky-rubio","status":"publish","type":"post","link":"https:\/\/www.europesays.com\/es\/312375\/","title":{"rendered":"El Carpena se quedar\u00e1 sin volver a ver a Ricky Rubio"},"content":{"rendered":"<p>Hay jugadores que trascienden la pasi\u00f3n por unos colores y Ricky Rubio es uno gran ejemplo de ello. El Unicaja cierra este martes un fant\u00e1stico  &#8230; 2025 con un partido de gran importancia ante el Joventut (19.00 horas) en el que la presencia del internacional espa\u00f1ol en las filas verdinegras iba a ser uno de los grandes atractivos del encuentro. El genio de Masnou fue baja en el \u00faltimo partido de su equipo ante el Breog\u00e1n y finalmente se perder\u00e1 tambi\u00e9n el partido del M\u00e1laga por una fuerte contusi\u00f3n en una pierna. En cualquier caso, el emparejamiento entre el Joventut y el Unicaja y la Champions permitir\u00e1 que Rubio s\u00ed vuelve a M\u00e1laga.<\/p>\n<p class=\"v-p\">Rubio tiene una vinculaci\u00f3n importante con la ciudad y con el propio Unicaja, pues debut\u00f3 en la Liga ACB en la temporada 2005-2006, en la que el equipo de Badalona se enfrent\u00f3 al malague\u00f1o en unas intensas semifinales del &#8216;play-off&#8217;. El Unicaja se impuso despu\u00e9s de cinco partidos que fueron cinco batallas y alcanz\u00f3 la final para acabar ganando la \u00fanica liga de su historia. Ricky formaba parte de una joven hornada de j\u00f3venes talentos de la cantera del Joventut, que luego tuvieron una amplia y exitosa carrera en la \u00e9lite, como Rudy Fern\u00e1ndez o el propio \u00c1lex Mumbr\u00fa.<\/p>\n<p><img decoding=\"async\" loading=\"lazy\" src=\"https:\/\/www.europesays.com\/es\/wp-content\/uploads\/2025\/12\/newspaint-1767006295370-1200x840-U08684860370QhM-748x524@Diario Sur.jpg\" class=\"v-a-img\" width=\"748\" height=\"524\" alt=\"Ricky Rubio, en la temporada de su debut y en la actualidad.\" data-voc-vtm-id=\"in-text-traffic\"\/><\/p>\n<p>Ricky Rubio, en la temporada de su debut y en la actualidad.<\/p>\n<p>ACB FOTOS<\/p>\n<p><img loading=\"lazy\" decoding=\"async\" src=\"https:\/\/www.europesays.com\/es\/wp-content\/uploads\/2025\/12\/newspaint-1767006295370-1200x840-U08684860370QhM-748x524@Diario Sur.jpg\" class=\"v-mdl__img-z\" width=\"748\" height=\"524\" alt=\"\"\/><\/p>\n<p class=\"v-p\">Aquellas primeras apariciones de Rubio en el baloncesto profesional confirmaron que se trataba de un elegido para el baloncesto. El base firm\u00f3 a\u00f1os despu\u00e9s por el Barcelona y su \u00faltima visita a M\u00e1laga fue en la temporada 2010-2011 cuando su equipo se enfrent\u00f3 al Unicaja en cuartos de final del &#8216;play-off&#8217; por el t\u00edtulo. El Bar\u00e7a elimin\u00f3 al conjunto que entonces dirig\u00eda Chus Mateo en cuatro encuentros, el \u00faltimo jugado en M\u00e1laga el 21 de mayo. Aquella temporada fue la \u00faltima de Ricky Rubio antes de dar el salto a la NBA despu\u00e9s de haber ganado Supercopa, Copa, y Liga con el Barcelona. <\/p>\n<p><img decoding=\"async\" loading=\"lazy\" src=\"https:\/\/www.europesays.com\/es\/wp-content\/uploads\/2025\/12\/24JSQXKVRNAMPNSCSO3TKEMJDQ-U33865240856BNv-748x524@Diario Sur.jpg\" class=\"v-a-img\" width=\"748\" height=\"524\" alt=\"Ricky Rubio y Sergio Scariolo, en el Hospital Materno Infantil de M\u00e1laga.\" data-voc-vtm-id=\"in-text-traffic\"\/><\/p>\n<p>Ricky Rubio y Sergio Scariolo, en el Hospital Materno Infantil de M\u00e1laga.<\/p>\n<p>SUR<\/p>\n<p><img loading=\"lazy\" decoding=\"async\" src=\"https:\/\/www.europesays.com\/es\/wp-content\/uploads\/2025\/12\/24JSQXKVRNAMPNSCSO3TKEMJDQ-U33865240856BNv-748x524@Diario Sur.jpg\" class=\"v-mdl__img-z\" width=\"748\" height=\"524\" alt=\"\"\/><\/p>\n<p class=\"v-p\">Adem\u00e1s, hay un v\u00ednculo emocional de Ricky con M\u00e1laga, ciudad en la que ha realizado distintas actividades con su fundaci\u00f3n, como una visita al Hospital Materno Infantil para presentar un programa usando el deporte y la tecnolog\u00eda para mejorar su experiencia hospitalaria y ense\u00f1ar habilidades para la vida, trabajando en investigaci\u00f3n, apoyo emocional y sensibilizaci\u00f3n sobre el c\u00e1ncer de pulm\u00f3n. En M\u00e1laga tambi\u00e9n trascendi\u00f3 su decisi\u00f3n de dejar temporalmente el baloncesto para recuperarse mentalmente. Fue en una concentraci\u00f3n de la selecci\u00f3n para preparar el Preol\u00edmpico de 2024. <\/p>\n","protected":false},"excerpt":{"rendered":"Hay jugadores que trascienden la pasi\u00f3n por unos colores y Ricky Rubio es uno gran ejemplo de ello.&hellip;\n","protected":false},"author":2,"featured_media":312376,"comment_status":"","ping_status":"","sticky":false,"template":"","format":"standard","meta":{"footnotes":""},"categories":[269],"tags":[988,299,298,6841,168,987,25,24,15723,14346,23,167,16578,739],"class_list":{"0":"post-312375","1":"post","2":"type-post","3":"status-publish","4":"format-standard","5":"has-post-thumbnail","7":"category-baloncesto","8":"tag-anos","9":"tag-baloncesto","10":"tag-basketball","11":"tag-carpena","12":"tag-deportes","13":"tag-despues","14":"tag-es","15":"tag-espana","16":"tag-ricky","17":"tag-rubio","18":"tag-spain","19":"tag-sports","20":"tag-talento","21":"tag-vuelve"},"share_on_mastodon":{"url":"https:\/\/pubeurope.com\/@es\/115803960452400279","error":""},"_links":{"self":[{"href":"https:\/\/www.europesays.com\/es\/wp-json\/wp\/v2\/posts\/312375","targetHints":{"allow":["GET"]}}],"collection":[{"href":"https:\/\/www.europesays.com\/es\/wp-json\/wp\/v2\/posts"}],"about":[{"href":"https:\/\/www.europesays.com\/es\/wp-json\/wp\/v2\/types\/post"}],"author":[{"embeddable":true,"href":"https:\/\/www.europesays.com\/es\/wp-json\/wp\/v2\/users\/2"}],"replies":[{"embeddable":true,"href":"https:\/\/www.europesays.com\/es\/wp-json\/wp\/v2\/comments?post=312375"}],"version-history":[{"count":0,"href":"https:\/\/www.europesays.com\/es\/wp-json\/wp\/v2\/posts\/312375\/revisions"}],"wp:featuredmedia":[{"embeddable":true,"href":"https:\/\/www.europesays.com\/es\/wp-json\/wp\/v2\/media\/312376"}],"wp:attachment":[{"href":"https:\/\/www.europesays.com\/es\/wp-json\/wp\/v2\/media?parent=312375"}],"wp:term":[{"taxonomy":"category","embeddable":true,"href":"https:\/\/www.europesays.com\/es\/wp-json\/wp\/v2\/categories?post=312375"},{"taxonomy":"post_tag","embeddable":true,"href":"https:\/\/www.europesays.com\/es\/wp-json\/wp\/v2\/tags?post=312375"}],"curies":[{"name":"wp","href":"https:\/\/api.w.org\/{rel}","templated":true}]}}