{"id":312379,"date":"2025-12-29T17:10:12","date_gmt":"2025-12-29T17:10:12","guid":{"rendered":"https:\/\/www.europesays.com\/es\/312379\/"},"modified":"2025-12-29T17:10:12","modified_gmt":"2025-12-29T17:10:12","slug":"michael-schumacher-la-leyenda-que-lucha-en-silencio-desde-hace-12-anos-no-volveremos-a-verle","status":"publish","type":"post","link":"https:\/\/www.europesays.com\/es\/312379\/","title":{"rendered":"Michael Schumacher, la leyenda que lucha en silencio desde hace 12 a\u00f1os: \u00abNo volveremos a verle\u00bb"},"content":{"rendered":"<p id=\"eoZXJK-9yjM\" data-wc=\"86\">Este 29 de diciembre de 2025, se cumplen 12 a\u00f1os desde que Michael Schumacher, el siete veces campe\u00f3n mundial de F\u00f3rmula 1 y uno de los deportistas m\u00e1s emblem\u00e1ticos del siglo XXI, <strong>sufri\u00f3 un tr\u00e1gico accidente que cambi\u00f3 su vida para siempre<\/strong>. Fue un d\u00eda que paraliz\u00f3 al mundo del deporte: lo que iba a ser una tranquila jornada de esqu\u00ed en los Alpes franceses termin\u00f3 con un golpe fatal a la cabeza que lo apart\u00f3 no solo de la competici\u00f3n, sino de la vida p\u00fablica.\u00a0<\/p>\n<p> <img src=\"https:\/\/www.europesays.com\/es\/wp-content\/uploads\/2025\/12\/60e13b556e46-gettyimages-1128108285.jpg\"   width=\"1024\" height=\"711\" loading=\"lazy\" decoding=\"async\" alt=\"Michael Schumacher esquiando en 2005\" fetchpriority=\"auto\" class=\"image ho-image\"\/>\u00a9 Getty ImagesMichael Schumacher esquiando en Los Dolimitas en 2005<br \/>\nEl accidente que lo detuvo todo<\/p>\n<p id=\"e1sROWoxfI\" data-wc=\"90\">Era el 29 de diciembre de 2013 cuando Schumacher, que ya hab\u00eda colgado su casco tras una carrera legendaria, <a class=\"hm-link ho-link\" href=\"https:\/\/www.hola.com\/actualidad\/20231227245749\/michael-schumacher-una-decada-accidente\/\" data-mrf-recirculation=\"article-body-link\" rel=\"nofollow noopener\" target=\"_blank\">se encontraba esquiando en la estaci\u00f3n de M\u00e9ribel<\/a> junto a su familia. En un momento en el que trataba de ayudar a un amigo, decidi\u00f3 hacer una traves\u00eda fuera de pista por una zona con rocas ocultas bajo la nieve. Su esqu\u00ed se desliz\u00f3 sobre una de ellas y su cabeza impact\u00f3 con violencia contra otra piedra, provoc\u00e1ndole un traumatismo craneoencef\u00e1lico severo.<strong>\u00a0A pesar de llevar casco, el da\u00f1o fue devastador.<\/strong><\/p>\n<p> <img src=\"https:\/\/www.europesays.com\/es\/wp-content\/uploads\/2025\/12\/bd1a0aae4a88-schumacher-getty.jpg\"   width=\"1024\" height=\"663\" loading=\"lazy\" decoding=\"async\" alt=\"Michael Schumacher\" fetchpriority=\"auto\" class=\"image ho-image\"\/>\u00a9 Getty ImagesMichael Schumacher<\/p>\n<p id=\"eZ_v8Y82SH\" data-wc=\"41\">Tras el accidente, fue trasladado primero a un hospital cercano y luego a Grenoble, donde fue operado de urgencia y sometido a <strong>un coma inducido m\u00e9dico que se prolong\u00f3 durante semanas.<\/strong> Cuando finalmente despert\u00f3, su vida ya nunca fue la misma.<\/p>\n<p>Silencio, hermetismo y una familia protectora<\/p>\n<p id=\"e0z8tSq-qs\" data-wc=\"51\">Desde entonces, la familia Schumacher<a class=\"hm-link ho-link\" href=\"https:\/\/www.hola.com\/actualidad\/20251015861627\/michael-schumacher-novedades-estado-de-salud\/\" data-mrf-recirculation=\"article-body-link\" rel=\"nofollow noopener\" target=\"_blank\">\u00a0ha mantenido un estricto silencio sobre su estado de salud<\/a>. Las actualizaciones oficiales han sido pr\u00e1cticamente inexistentes, forzando a que cada aniversario del accidente est\u00e9 marcado por el respeto a esa privacidad y por ruegos constantes de mantener la intimidad de quien fue una leyenda viviente.<\/p>\n<p> <img src=\"https:\/\/www.europesays.com\/es\/wp-content\/uploads\/2025\/12\/d7d6041a96da-gina-schumacher-ig.jpg\"   width=\"1024\" height=\"576\" loading=\"lazy\" decoding=\"async\" alt=\"Michael Schumacher con sus dos hijos, Gina y Mick\" fetchpriority=\"auto\" class=\"image ho-image\"\/>\u00a9 gina_schumacherMichael Schumacher con sus dos hijos, Gina y Mick<\/p>\n<p id=\"eXRkzz7V7R\" data-wc=\"105\">El entorno que rodea al expiloto est\u00e1 blindado: solo unas 20 personas tienen acceso directo a su cuidado diario y no existe ninguna imagen o comunicado oficial que revele su condici\u00f3n con detalle. En este contexto, figuras del mundo de la F\u00f3rmula 1 han compartido sus sentimientos con el paso de los a\u00f1os. El exjefe de operaciones de Red Bull y exdirectivo de McLaren, Richard Hopkins, resumi\u00f3 en 2025 con sinceridad la sensaci\u00f3n que vive la comunidad: <strong>\u201cNo creo que volvamos a ver a Michael\u201d, asegur\u00f3.\u00a0<\/strong>Una frase que duele, pero que refleja la realidad del hermetismo familiar y la prolongada ausencia p\u00fablica del piloto.<\/p>\n<p> <img src=\"https:\/\/www.europesays.com\/es\/wp-content\/uploads\/2025\/12\/39ad229759f6-moet-chandonf11997gpjaponschumacher.jpg\"   width=\"1024\" height=\"835\" loading=\"lazy\" decoding=\"async\" alt=\"Michael Schumacher en 1997 en el Gran Premio de Jap\u00f3n levantando la copa de la victoria y una botella de M\u00f6et &amp; Chandon. \" fetchpriority=\"auto\" class=\"image ho-image\"\/>\u00a9 DPPIMichael Schumacher en 1997 en el Gran Premio de Jap\u00f3n levantando la copa de la victoria y una botella de M\u00f6et &amp; Chandon.<br \/>\nUn proceso de recuperaci\u00f3n lleno de cuidados<\/p>\n<p id=\"eNQ62-gVVx\" data-wc=\"79\">A lo largo de estos 12 a\u00f1os, se sabe que Schumacher ha estado bajo atenci\u00f3n m\u00e9dica constante en su hogar, ubicado en Suiza, donde recibe cuidados especializados 24 horas al d\u00eda. Seg\u00fan expertos que han seguido de cerca la situaci\u00f3n, el heptacampe\u00f3n <strong>no puede caminar ni hablar<\/strong>, y depende totalmente de sus cuidadores. Aunque algunas declaraciones especulan sobre una conciencia parcial o reconocimiento de ciertas personas, no hay confirmaci\u00f3n oficial sobre su capacidad de interacci\u00f3n con el mundo exterior.<\/p>\n<p id=\"ehNlxc-bN_\" data-wc=\"56\">Este silencio se mantiene<strong>\u00a0por deseo expreso de la familia<\/strong>, que ha preferido preservar la intimidad del campe\u00f3n m\u00e1s laureado de la F\u00f3rmula 1 antes que alimentar rumores o sensacionalismo. Figuras tan cercanas como Willi Weber, su antiguo m\u00e1nager, nunca han podido visitarlo desde el accidente, por respeto a las directrices de Corinna Schumacher, su esposa.<\/p>\n<p> <img src=\"https:\/\/www.europesays.com\/es\/wp-content\/uploads\/2025\/12\/f467c4653a0c-dla00049843003.jpg\"   width=\"1080\" height=\"1800\" loading=\"lazy\" decoding=\"async\" alt=\"RECEPCION OFICIAL A LOS GALARDONADOS DE LA 27 EDICION DEL PREMIO &quot; PRINCIPE DE ASTURIAS &quot; 2007&#10;EN LA IMAGEN EL PILOTO DE FORMULA 1 MICHAEL SCHUMACHER ( PREMIO DEPORTES 2007 ) Y SU MUJER CORINNA&#10;JJS \/ \u00c2\u00a9 KORPA&#10;26\/10\/2007&#10;OVIEDO *** Local Caption *** Michael Schumacher, and Wife Corinna in Oviedo, northern Spain, Friday Oct. 26 2007 before the ceremony of the year's prestigious Prince of Asturias prizes.\" fetchpriority=\"auto\" class=\"image ho-image\"\/>\u00a9 GTRES<br \/>\nPeque\u00f1os gestos que emocionan al mundo<\/p>\n<p id=\"eLvuxPe3Q5\" data-wc=\"72\">Sin embargo, en medio de esta larga etapa de silencio, ha habido momentos que han encendido <a class=\"hm-link ho-link\" href=\"https:\/\/www.hola.com\/actualidad\/20251015861627\/michael-schumacher-novedades-estado-de-salud\/\" data-mrf-recirculation=\"article-body-link\" rel=\"nofollow noopener\" target=\"_blank\">una chispa de esperanza entre los aficionados.<\/a> Durante un Gran Premio de la temporada 2025, se supo que Schumacher particip\u00f3 de forma simb\u00f3lica en una subasta ben\u00e9fica firmando \u2014con ayuda de su esposa\u2014 un casco que ser\u00eda subastado para recaudar fondos para la lucha contra el Alzheimer, impulsada por Sir Jackie Stewart, otro \u00edcono del deporte.<\/p>\n<p> <img src=\"https:\/\/www.europesays.com\/es\/wp-content\/uploads\/2025\/12\/6a5cab362a0b-gettyimages-119496161.jpg\"   width=\"729\" height=\"1024\" loading=\"lazy\" decoding=\"async\" alt=\"Michael Schumacher cuando era piloto de la escuder\u00eda Mercedes en 2011\" fetchpriority=\"auto\" class=\"image ho-image\"\/>\u00a9 Getty ImagesMichael Schumacher cuando era piloto de la escuder\u00eda Mercedes en 2011<\/p>\n<p id=\"eYg_e4nAlW\" data-wc=\"49\">Adem\u00e1s, en abril de este a\u00f1o se difundi\u00f3 que Michael se desplaz\u00f3 desde su residencia hasta Suiza para conocer a su primera nieta, Millie, un momento que consolida la idea de que, pese a las limitaciones, la familia contin\u00faa encontrando formas de mantenerlo cerca de los eventos que importan.<\/p>\n<p>El legado de un gigante de la F1<\/p>\n<p id=\"exDXJZrqIW\" data-wc=\"50\">M\u00e1s all\u00e1 de su estado de salud actual, Michael Schumacher sigue siendo<strong>\u00a0una figura inigualable en la historia de la F\u00f3rmula 1.<\/strong> Con siete campeonatos del mundo, 91 victorias en Grandes Premios y un talento que trascendi\u00f3 generaciones, su nombre sigue encendiendo pasiones y respetos en cada circuito del calendario.<\/p>\n<p> <img src=\"https:\/\/www.europesays.com\/es\/wp-content\/uploads\/2025\/12\/8fe7264ee94a-dla00124715002.jpg\"   width=\"1024\" height=\"741\" loading=\"lazy\" decoding=\"async\" alt=\"Media Image\" fetchpriority=\"auto\" class=\"image ho-image\"\/>\u00a9 GTRES<\/p>\n<p id=\"ebCBy3X2Gu\" data-wc=\"42\">A pesar de que, como muchos comentan con tristeza en redes sociales y \u00e1mbitos deportivos, \u201cpara todos los prop\u00f3sitos pr\u00e1cticos, ya no est\u00e1 con nosotros,\u201d el recuerdo de su grandeza permanece intacto y su influencia en pilotos actuales y futuros es incuestionable.<\/p>\n<p id=\"exovg8IDIG\" data-wc=\"44\">Hoy, al cumplirse 12 a\u00f1os de aquel d\u00eda que cambi\u00f3 su destino, el mundo celebra no solo al deportista que conquist\u00f3 la F\u00f3rmula 1, sino tambi\u00e9n al hombre que sigue luchando en la intimidad de su hogar,<strong> rodeado del amor incondicional de su familia.<\/strong><\/p>\n","protected":false},"excerpt":{"rendered":"Este 29 de diciembre de 2025, se cumplen 12 a\u00f1os desde que Michael Schumacher, el siete veces campe\u00f3n&hellip;\n","protected":false},"author":2,"featured_media":312380,"comment_status":"","ping_status":"","sticky":false,"template":"","format":"standard","meta":{"footnotes":""},"categories":[174],"tags":[517,255,146,147,25,24,256,14598,23],"class_list":{"0":"post-312379","1":"post","2":"type-post","3":"status-publish","4":"format-standard","5":"has-post-thumbnail","7":"category-famosos","8":"tag-actualidad","9":"tag-celebrities","10":"tag-entertainment","11":"tag-entretenimiento","12":"tag-es","13":"tag-espana","14":"tag-famosos","15":"tag-michael-schumacher","16":"tag-spain"},"share_on_mastodon":{"url":"https:\/\/pubeurope.com\/@es\/115803968419761357","error":""},"_links":{"self":[{"href":"https:\/\/www.europesays.com\/es\/wp-json\/wp\/v2\/posts\/312379","targetHints":{"allow":["GET"]}}],"collection":[{"href":"https:\/\/www.europesays.com\/es\/wp-json\/wp\/v2\/posts"}],"about":[{"href":"https:\/\/www.europesays.com\/es\/wp-json\/wp\/v2\/types\/post"}],"author":[{"embeddable":true,"href":"https:\/\/www.europesays.com\/es\/wp-json\/wp\/v2\/users\/2"}],"replies":[{"embeddable":true,"href":"https:\/\/www.europesays.com\/es\/wp-json\/wp\/v2\/comments?post=312379"}],"version-history":[{"count":0,"href":"https:\/\/www.europesays.com\/es\/wp-json\/wp\/v2\/posts\/312379\/revisions"}],"wp:featuredmedia":[{"embeddable":true,"href":"https:\/\/www.europesays.com\/es\/wp-json\/wp\/v2\/media\/312380"}],"wp:attachment":[{"href":"https:\/\/www.europesays.com\/es\/wp-json\/wp\/v2\/media?parent=312379"}],"wp:term":[{"taxonomy":"category","embeddable":true,"href":"https:\/\/www.europesays.com\/es\/wp-json\/wp\/v2\/categories?post=312379"},{"taxonomy":"post_tag","embeddable":true,"href":"https:\/\/www.europesays.com\/es\/wp-json\/wp\/v2\/tags?post=312379"}],"curies":[{"name":"wp","href":"https:\/\/api.w.org\/{rel}","templated":true}]}}