{"id":312395,"date":"2025-12-29T17:21:23","date_gmt":"2025-12-29T17:21:23","guid":{"rendered":"https:\/\/www.europesays.com\/es\/312395\/"},"modified":"2025-12-29T17:21:23","modified_gmt":"2025-12-29T17:21:23","slug":"papa-leon-xiv-las-ciudades-son-rostros-e-historias-para-custodiar-como-tesoros-valiosos","status":"publish","type":"post","link":"https:\/\/www.europesays.com\/es\/312395\/","title":{"rendered":"Papa Le\u00f3n XIV: Las ciudades son rostros e historias para custodiar como tesoros valiosos"},"content":{"rendered":"<p>El Pont\u00edfice explica a los representantes de la Asociaci\u00f3n Nacional de Municipios Italianos que \u201cla cohesi\u00f3n social y la armon\u00eda c\u00edvica requieren en primer lugar la escucha de los m\u00e1s peque\u00f1os y pobres\u201d. Adem\u00e1s, asegura que los aspectos m\u00e1s aut\u00e9nticos de todo poder son \u201cresponsabilidad y servicio\u201d. <\/p>\n<p>Rocio Lancho Garc\u00eda &#8211; Ciudad del Vaticano<\/p>\n<p>\u201cLa pol\u00edtica est\u00e1 llamada a tejer relaciones aut\u00e9nticamente humanas entre los ciudadanos promoviendo la paz social\u201d. Lo ha asegurado el Papa Le\u00f3n XIV en su discurso de esta ma\u00f1ana, 29 de diciembre, a los representantes de la Asociaci\u00f3n Nacional de Municipios Italianos.<\/p>\n<p>Asimismo, el Santo Padre ha explicado que la encarnaci\u00f3n del Hijo de Dios nos hace encontrar un ni\u00f1o, \u201ccuya mansa fragilidad contrasta con la prepotencia del rey Herodes\u201d. Y a prop\u00f3sito ha indicado que la matanza de los inocentes no significa solo p\u00e9rdida de futuro para la sociedad, sino que es \u201cmanifestaci\u00f3n de un poder deshumano, que no conoce la belleza del amor porque ignora la dignidad de la vida humana\u201d.<\/p>\n<p><b>Cuidar de los m\u00e1s fr\u00e1giles<\/b> <\/p>\n<p>Al contrario, el nacimiento del Se\u00f1or \u201crevela el aspecto m\u00e1s aut\u00e9ntico de todo poder\u201d que es en primer lugar \u201cresponsabilidad y servicio\u201d. Y para que cualquier autoridad pueda expresar estas caracter\u00edsticas es necesario \u201cencarnar las virtudes de la humildad, de la honestidad y del compartir\u201d. En el compromiso p\u00fablico es necesario \u2013 ha se\u00f1alado el Pont\u00edfice a los presentes \u2013 prestar atenci\u00f3n a las necesidades de las familias y de las personas, cuidando especialmente de los m\u00e1s fr\u00e1giles, por el bien de todos.<\/p>\n<p>En esta misma l\u00ednea, Le\u00f3n XIV ha se\u00f1alado algunas realidades que no dejan indiferentes: la crisis demogr\u00e1fica y las fatigas de las familias y de los j\u00f3venes, la soledad de los ancianos y el grito silencioso de los pobres, la contaminaci\u00f3n del ambiente y los conflictos sociales. Por esta raz\u00f3n, ha precisado que \u201cnuestras ciudades no son lugares an\u00f3nimos, sino rostros e historias para custodiar como tesoros valiosos\u201d.<\/p>\n<p><b>Escuchar a los m\u00e1s peque\u00f1os y pobres<\/b> <\/p>\n<p>A prop\u00f3sito, ha sugerido a los presentes el ejemplo del venerable Giorgio La Pira, que en un discurso a los consejeros municipales de Florencia afirm\u00f3 que \u201csi hay alguien que sufre, yo tengo un deber preciso: intervenir de todas las maneras, con todas las precauciones que el amor sugiere y que la ley provee, para que ese sufrimiento sea disminuido o aliviado\u201d.<\/p>\n<p>El Pont\u00edfice tambi\u00e9n ha asegurado que la cohesi\u00f3n social y la armon\u00eda c\u00edvica requieren en primer lugar la escucha de los m\u00e1s peque\u00f1os y pobres. Y retomando unas palabras del Papa Francisco, ha indicado que sin este este compromiso, \u201cla democracia se atrofia, se convierte en un nominalismo, una formalidad, pierde representatividad, se va desencarnando porque deja afuera al pueblo en su lucha cotidiana por la dignidad, en la construcci\u00f3n de su destino\u201d. De este modo, Le\u00f3n XIV ha exhortado a los presentes a convertirse en \u201cmaestros de dedicaci\u00f3n al bien com\u00fan, favoreciendo una alianza social para la esperanza\u201d.<\/p>\n<p><b>No olvidar la soledad que sufren muchas personas<\/b> <\/p>\n<p>El Obispo de Roma ha advertido que nuestras ciudades conocen \u201cformas de marginaci\u00f3n, violencia y soledad que piden ser afrontadas\u201d.\u00a0 Al respecto, ha llamado la atenci\u00f3n sobre la \u201cplaga del juego de azar, que arruina a muchas familias\u201d. Tal y como subraya C\u00e1ritas Italiana en su \u00faltimo Informe sobre pobreza y exclusi\u00f3n social, \u201cse trata de un grave problema educativo, de salud mental y de confianza social\u201d. Al mismo tiempo ha pedido no olvidar otras formas de soledad que sufren muchas personas: trastornos ps\u00edquicos, depresiones, pobreza cultural y espiritual, abandono social. \u201cSon se\u00f1ales que indican cu\u00e1nta esperanza se necesita\u201d, ha a\u00f1adido.<\/p>\n<p>Finalmente, ha invitado a los presentes a tener la valent\u00eda de \u201cofrecer esperanza a la gente, proyectando juntos el mejor futuro para vuestras tierras, en la l\u00f3gica de una promoci\u00f3n humana integral\u201d.<\/p>\n","protected":false},"excerpt":{"rendered":"El Pont\u00edfice explica a los representantes de la Asociaci\u00f3n Nacional de Municipios Italianos que \u201cla cohesi\u00f3n social y&hellip;\n","protected":false},"author":2,"featured_media":312396,"comment_status":"","ping_status":"","sticky":false,"template":"","format":"standard","meta":{"footnotes":""},"categories":[42],"tags":[2509,17,18,13,14,11,12034,61,62,63,64,628,19,20,9,10,15,16,400,952,12,21,22,65,66,67],"class_list":{"0":"post-312395","1":"post","2":"type-post","3":"status-publish","4":"format-standard","5":"has-post-thumbnail","7":"category-internacional","8":"tag-audiencias","9":"tag-breaking-news","10":"tag-breakingnews","11":"tag-featured-news","12":"tag-featurednews","13":"tag-headlines","14":"tag-iglesia","15":"tag-internacional","16":"tag-international","17":"tag-international-news","18":"tag-internationalnews","19":"tag-italia","20":"tag-latest-news","21":"tag-latestnews","22":"tag-news","23":"tag-noticias","24":"tag-noticias-destacadas","25":"tag-noticiasdestacadas","26":"tag-papa-leon-xiv","27":"tag-politica","28":"tag-titulares","29":"tag-ultimas-noticias","30":"tag-ultimasnoticias","31":"tag-world","32":"tag-world-news","33":"tag-worldnews"},"share_on_mastodon":{"url":"https:\/\/pubeurope.com\/@es\/115804011483181647","error":""},"_links":{"self":[{"href":"https:\/\/www.europesays.com\/es\/wp-json\/wp\/v2\/posts\/312395","targetHints":{"allow":["GET"]}}],"collection":[{"href":"https:\/\/www.europesays.com\/es\/wp-json\/wp\/v2\/posts"}],"about":[{"href":"https:\/\/www.europesays.com\/es\/wp-json\/wp\/v2\/types\/post"}],"author":[{"embeddable":true,"href":"https:\/\/www.europesays.com\/es\/wp-json\/wp\/v2\/users\/2"}],"replies":[{"embeddable":true,"href":"https:\/\/www.europesays.com\/es\/wp-json\/wp\/v2\/comments?post=312395"}],"version-history":[{"count":0,"href":"https:\/\/www.europesays.com\/es\/wp-json\/wp\/v2\/posts\/312395\/revisions"}],"wp:featuredmedia":[{"embeddable":true,"href":"https:\/\/www.europesays.com\/es\/wp-json\/wp\/v2\/media\/312396"}],"wp:attachment":[{"href":"https:\/\/www.europesays.com\/es\/wp-json\/wp\/v2\/media?parent=312395"}],"wp:term":[{"taxonomy":"category","embeddable":true,"href":"https:\/\/www.europesays.com\/es\/wp-json\/wp\/v2\/categories?post=312395"},{"taxonomy":"post_tag","embeddable":true,"href":"https:\/\/www.europesays.com\/es\/wp-json\/wp\/v2\/tags?post=312395"}],"curies":[{"name":"wp","href":"https:\/\/api.w.org\/{rel}","templated":true}]}}